{"id":2881,"date":"2023-03-16T20:07:58","date_gmt":"2023-03-16T19:07:58","guid":{"rendered":"https:\/\/erikdraeger.com\/ratgeber\/?p=2881"},"modified":"2025-02-25T16:38:00","modified_gmt":"2025-02-25T15:38:00","slug":"olympus-om-d-e-m5-mark-iii-objektive-zubehoer","status":"publish","type":"post","link":"https:\/\/erikdraeger.com\/ratgeber\/olympus-om-d-e-m5-mark-iii-objektive-zubehoer\/","title":{"rendered":"Olympus OM-D E-M5 III &#8211; Objektive &amp; Zubeh\u00f6r"},"content":{"rendered":"\n<p>Eines der Erkennungsmerkmale der neueren Systemkameras von Olympus ist vor allem das auff\u00e4llige Retro-Design. Typisch hierf\u00fcr ist auch die schwarz-silberne Farbkombination, welche bei vielen Modellen erh\u00e4ltlich ist. Zu diesen geh\u00f6rt auch die OM-D E-M5 Mk. III aus dem Jahr 2019. Diese positioniert sich in der Mittelklasse und leistet dabei eine Fotoaufl\u00f6sung von 20,4 Megapixel sowie eine Video Aufl\u00f6sung von 4K bei 30 Bildern pro Sekunde. Dar\u00fcber hinaus vereint die Kamera 2 St\u00e4rken: Sie ist kompakt und leistungsf\u00e4hig. Das macht sie bei ihren Fans sehr beliebt. Als Wechselobjektiv Kamera mit MFT (Micro Four Thirds) Objektivanschluss besitzt die M5 III ein breites Spektrum an nutzbaren Objektiven sowie einige mehr an n\u00fctzlichem Equipment.<\/p>\n\n\n\n<p>Wir haben daher nach <strong>kompatiblen Objektiven sowie passendem Zubeh\u00f6r<\/strong> f\u00fcr die <strong>Olympus M5 Mk. III<\/strong> recherchiert und wollen dir in diesem Beitrag das empfehlenswerteste sowie beliebteste hiervon zeigen.<\/p>\n\n\n\n\n\n<section class=\"wp-block-uagb-section uagb-section__wrap uagb-section__background-color uagb-block-162b6f72\"><div class=\"uagb-section__overlay\"><\/div><div class=\"uagb-section__inner-wrap\">\n<div class=\"wp-block-uagb-info-box uagb-block-af77c8b5 uagb-infobox__content-wrap  uagb-infobox-icon-left-title uagb-infobox-left uagb-infobox-image-valign-top uagb-infobox__outer-wrap\"><div class=\"uagb-ifb-content\"><div class=\"uagb-ifb-left-title-image\"><div class=\"uagb-ifb-icon-wrap\"><svg xmlns=\"https:\/\/www.w3.org\/2000\/svg\" viewBox=\"0 0 512 512\"><path d=\"M0 256C0 114.6 114.6 0 256 0C397.4 0 512 114.6 512 256C512 397.4 397.4 512 256 512C114.6 512 0 397.4 0 256zM371.8 211.8C382.7 200.9 382.7 183.1 371.8 172.2C360.9 161.3 343.1 161.3 332.2 172.2L224 280.4L179.8 236.2C168.9 225.3 151.1 225.3 140.2 236.2C129.3 247.1 129.3 264.9 140.2 275.8L204.2 339.8C215.1 350.7 232.9 350.7 243.8 339.8L371.8 211.8z\"><\/path><\/svg><\/div><div class=\"uagb-ifb-title-wrap\"><h2 class=\"uagb-ifb-title\">Checkliste Olympus OM-D E-M5 III<\/h2><\/div><\/div><\/div><\/div>\n\n\n<ul style=\"padding-left: 1.1em; text-align: left; --ub-list-item-icon-top: 3px;; --ub-list-item-icon-size: 0.9em; --ub-list-item-background-image: url('data:image\/svg+xml;utf8,&lt;svg xmlns=&quot;http:\/\/www.w3.org\/2000\/svg&quot; viewBox=&quot;0 0 448 512&quot;&gt;&lt;path fill=&quot;%23000000&quot; d=&quot;M438.6 278.6c12.5-12.5 12.5-32.8 0-45.3l-160-160c-12.5-12.5-32.8-12.5-45.3 0s-12.5 32.8 0 45.3L370.7 256 233.4 393.4c-12.5 12.5-12.5 32.8 0 45.3s32.8 12.5 45.3 0l160-160zm-352 160l160-160c12.5-12.5 12.5-32.8 0-45.3l-160-160c-12.5-12.5-32.8-12.5-45.3 0s-12.5 32.8 0 45.3L178.7 256 41.4 393.4c-12.5 12.5-12.5 32.8 0 45.3s32.8 12.5 45.3 0z&quot;&gt;&lt;\/path&gt;&lt;\/svg&gt;'); --ub-list-item-fa-li-top: 3px; --ub-list-item-spacing: 15px; \" class=\"wp-block-ub-styled-list ub_styled_list\" id=\"ub_styled_list-21fafdd7-56db-434e-9387-d9de93dab22c\"><div class=\"ub-block-list__layout\" style=\"text-align: left; column-count: 1; --ub-list-mobile-column-count: 1; \">\n<li class=\"ub_styled_list_item\" style=\"font-size: 14px;; --ub-list-item-icon-top: 3px; --ub-list-item-icon-size: 0.9em; --ub-list-item-background-image: url('data:image\/svg+xml;utf8,&lt;svg xmlns=&quot;http:\/\/www.w3.org\/2000\/svg&quot; viewBox=&quot;0 0 512 512&quot;&gt;&lt;path fill=&quot;%23000000&quot; d=&quot;M470.6 105.4c12.5 12.5 12.5 32.8 0 45.3l-256 256c-12.5 12.5-32.8 12.5-45.3 0l-128-128c-12.5-12.5-12.5-32.8 0-45.3s32.8-12.5 45.3 0L192 338.7 425.4 105.4c12.5-12.5 32.8-12.5 45.3 0z&quot;&gt;&lt;\/path&gt;&lt;\/svg&gt;'); \" id=\"ub-styled-list-item-4c514105-ec62-47f4-ab52-b9fca917b112\">\n\t\t\t<div class=\"ub_list_item_content\">\n\t\t\t\t<span class=\"ub_list_item_icon\">\n\t\t\t\t\t<svg width=\"0.9em\" height=\"0.9em\" xmlns=\"http:\/\/www.w3.org\/2000\/svg\" viewbox=\"0 0 512 512\"><path fill=\"#000000\" d=\"M470.6 105.4c12.5 12.5 12.5 32.8 0 45.3l-256 256c-12.5 12.5-32.8 12.5-45.3 0l-128-128c-12.5-12.5-12.5-32.8 0-45.3s32.8-12.5 45.3 0L192 338.7 425.4 105.4c12.5-12.5 32.8-12.5 45.3 0z\"><\/path><\/svg>\n\t\t\t\t<\/span>\n\t\t\t\t<span class=\"ub_list_item_text\">Bei der Olympus M5 III handelt es sich um eine Systemkamera mit wechselbaren Objektiven und einem <strong>MFT-Objektivanschluss (Micro Four Thirds)<\/strong>. Entsprechend sind nur Micro-Four-Thirds-Objektive kompatibel zur Kamera. Eine Vielzahl an Herstellern, darunter Olympus und <a href=\"https:\/\/erikdraeger.com\/ratgeber\/panasonic-mft-objektive\/\">Panasonic<\/a>, produzieren MFT-Objektive. Die Auswahl an nutzbaren Objektiven ist entsprechend sehr gro\u00df.<\/span>\n\t\t\t<\/div>\n\t\t\t\n\t\t<\/li>\n\n<li class=\"ub_styled_list_item\" style=\"font-size: 14px;; --ub-list-item-icon-top: 3px; --ub-list-item-icon-size: 0.9em; --ub-list-item-background-image: url('data:image\/svg+xml;utf8,&lt;svg xmlns=&quot;http:\/\/www.w3.org\/2000\/svg&quot; viewBox=&quot;0 0 512 512&quot;&gt;&lt;path fill=&quot;%23000000&quot; d=&quot;M470.6 105.4c12.5 12.5 12.5 32.8 0 45.3l-256 256c-12.5 12.5-32.8 12.5-45.3 0l-128-128c-12.5-12.5-12.5-32.8 0-45.3s32.8-12.5 45.3 0L192 338.7 425.4 105.4c12.5-12.5 32.8-12.5 45.3 0z&quot;&gt;&lt;\/path&gt;&lt;\/svg&gt;'); \" id=\"ub-styled-list-item-f5b37596-874b-40b2-afd2-faca96d7dc17\">\n\t\t\t<div class=\"ub_list_item_content\">\n\t\t\t\t<span class=\"ub_list_item_icon\">\n\t\t\t\t\t<svg width=\"0.9em\" height=\"0.9em\" xmlns=\"http:\/\/www.w3.org\/2000\/svg\" viewbox=\"0 0 512 512\"><path fill=\"#000000\" d=\"M470.6 105.4c12.5 12.5 12.5 32.8 0 45.3l-256 256c-12.5 12.5-32.8 12.5-45.3 0l-128-128c-12.5-12.5-12.5-32.8 0-45.3s32.8-12.5 45.3 0L192 338.7 425.4 105.4c12.5-12.5 32.8-12.5 45.3 0z\"><\/path><\/svg>\n\t\t\t\t<\/span>\n\t\t\t\t<span class=\"ub_list_item_text\">Die Kamera verwendet als Akku den <a href=\"https:\/\/amzn.to\/3JncEov\">BLS-50 Li-Ion Akku<\/a>. Dieser wird auch in vielen weiteren Systemkameras von Olympus verwenden, wie zum Beispiel der <a href=\"https:\/\/erikdraeger.com\/ratgeber\/olympus-pen-e-pl10-objektive-zubehoer\/\">PEN-EL10<\/a> oder der <a href=\"https:\/\/erikdraeger.com\/ratgeber\/olympus-om-d-e-m10-iv-objektive-zubehoer\/\">OM-D E-M10 IV<\/a>. Als Zubeh\u00f6r steht der Kamera auch ein optionaler <a href=\"https:\/\/amzn.to\/3YU3SUN\">Batteriegriff <\/a>zur Verf\u00fcgung.<\/span>\n\t\t\t<\/div>\n\t\t\t\n\t\t<\/li>\n\n<li class=\"ub_styled_list_item\" style=\"font-size: 14px;; --ub-list-item-icon-top: 3px; --ub-list-item-icon-size: 0.9em; --ub-list-item-background-image: url('data:image\/svg+xml;utf8,&lt;svg xmlns=&quot;http:\/\/www.w3.org\/2000\/svg&quot; viewBox=&quot;0 0 512 512&quot;&gt;&lt;path fill=&quot;%23000000&quot; d=&quot;M470.6 105.4c12.5 12.5 12.5 32.8 0 45.3l-256 256c-12.5 12.5-32.8 12.5-45.3 0l-128-128c-12.5-12.5-12.5-32.8 0-45.3s32.8-12.5 45.3 0L192 338.7 425.4 105.4c12.5-12.5 32.8-12.5 45.3 0z&quot;&gt;&lt;\/path&gt;&lt;\/svg&gt;'); \" id=\"ub-styled-list-item-3dc54c2a-112e-4efb-80f1-6ded1ccb1ff2\">\n\t\t\t<div class=\"ub_list_item_content\">\n\t\t\t\t<span class=\"ub_list_item_icon\">\n\t\t\t\t\t<svg width=\"0.9em\" height=\"0.9em\" xmlns=\"http:\/\/www.w3.org\/2000\/svg\" viewbox=\"0 0 512 512\"><path fill=\"#000000\" d=\"M470.6 105.4c12.5 12.5 12.5 32.8 0 45.3l-256 256c-12.5 12.5-32.8 12.5-45.3 0l-128-128c-12.5-12.5-12.5-32.8 0-45.3s32.8-12.5 45.3 0L192 338.7 425.4 105.4c12.5-12.5 32.8-12.5 45.3 0z\"><\/path><\/svg>\n\t\t\t\t<\/span>\n\t\t\t\t<span class=\"ub_list_item_text\">Das <strong>Gewicht <\/strong>der Olympus M5 III liegt mit eingelegter Speicherkarte und Akku <strong>bei 414g<\/strong>. Damit ist die Kamera <strong>recht leicht und in kompakter Gr\u00f6\u00dfe<\/strong>. F\u00fcr die Auswahl eines <strong>geeigneten Kamerastativs<\/strong> ist das Gewicht ein entscheidender Faktor. In dem Fall ist ein <strong>hochwertiges Aluminiumstativ<\/strong> meistens ausreichend. F\u00fcr schwere Kameras sind die stabile <a href=\"https:\/\/erikdraeger.com\/ratgeber\/carbon-stativ\/\">Stative aus Carbon<\/a> oft geeigneter.<\/span>\n\t\t\t<\/div>\n\t\t\t\n\t\t<\/li>\n\n<li class=\"ub_styled_list_item\" style=\"font-size: 14px;; --ub-list-item-icon-top: 3px; --ub-list-item-icon-size: 0.9em; --ub-list-item-background-image: url('data:image\/svg+xml;utf8,&lt;svg xmlns=&quot;http:\/\/www.w3.org\/2000\/svg&quot; viewBox=&quot;0 0 512 512&quot;&gt;&lt;path fill=&quot;%23000000&quot; d=&quot;M470.6 105.4c12.5 12.5 12.5 32.8 0 45.3l-256 256c-12.5 12.5-32.8 12.5-45.3 0l-128-128c-12.5-12.5-12.5-32.8 0-45.3s32.8-12.5 45.3 0L192 338.7 425.4 105.4c12.5-12.5 32.8-12.5 45.3 0z&quot;&gt;&lt;\/path&gt;&lt;\/svg&gt;'); \" id=\"ub-styled-list-item-1a92d345-be49-437d-9748-819e4ac13f6b\">\n\t\t\t<div class=\"ub_list_item_content\">\n\t\t\t\t<span class=\"ub_list_item_icon\">\n\t\t\t\t\t<svg width=\"0.9em\" height=\"0.9em\" xmlns=\"http:\/\/www.w3.org\/2000\/svg\" viewbox=\"0 0 512 512\"><path fill=\"#000000\" d=\"M470.6 105.4c12.5 12.5 12.5 32.8 0 45.3l-256 256c-12.5 12.5-32.8 12.5-45.3 0l-128-128c-12.5-12.5-12.5-32.8 0-45.3s32.8-12.5 45.3 0L192 338.7 425.4 105.4c12.5-12.5 32.8-12.5 45.3 0z\"><\/path><\/svg>\n\t\t\t\t<\/span>\n\t\t\t\t<span class=\"ub_list_item_text\">Die <strong>Gr\u00f6\u00dfe der Kamera<\/strong> hingegen hat Einfluss darauf, f\u00fcr welche Kameratasche du dich entscheiden solltest. Dazu kommt, <strong>wie viel Wechselobjektive und zus\u00e4tzliche Ausr\u00fcstung<\/strong> du dabei haben willst. F\u00fcr die handliche M5 eignen sich oftmals <a href=\"https:\/\/erikdraeger.com\/ratgeber\/fototasche\/\">Umh\u00e4ngetaschen<\/a>.<\/span>\n\t\t\t<\/div>\n\t\t\t\n\t\t<\/li>\n\n<li class=\"ub_styled_list_item\" style=\"font-size: 14px;; --ub-list-item-icon-top: 3px; --ub-list-item-icon-size: 0.9em; --ub-list-item-background-image: url('data:image\/svg+xml;utf8,&lt;svg xmlns=&quot;http:\/\/www.w3.org\/2000\/svg&quot; viewBox=&quot;0 0 512 512&quot;&gt;&lt;path fill=&quot;%23000000&quot; d=&quot;M470.6 105.4c12.5 12.5 12.5 32.8 0 45.3l-256 256c-12.5 12.5-32.8 12.5-45.3 0l-128-128c-12.5-12.5-12.5-32.8 0-45.3s32.8-12.5 45.3 0L192 338.7 425.4 105.4c12.5-12.5 32.8-12.5 45.3 0z&quot;&gt;&lt;\/path&gt;&lt;\/svg&gt;'); \" id=\"ub-styled-list-item-bf9a2573-ed67-4a70-92ad-af660bb2c91c\">\n\t\t\t<div class=\"ub_list_item_content\">\n\t\t\t\t<span class=\"ub_list_item_icon\">\n\t\t\t\t\t<svg width=\"0.9em\" height=\"0.9em\" xmlns=\"http:\/\/www.w3.org\/2000\/svg\" viewbox=\"0 0 512 512\"><path fill=\"#000000\" d=\"M470.6 105.4c12.5 12.5 12.5 32.8 0 45.3l-256 256c-12.5 12.5-32.8 12.5-45.3 0l-128-128c-12.5-12.5-12.5-32.8 0-45.3s32.8-12.5 45.3 0L192 338.7 425.4 105.4c12.5-12.5 32.8-12.5 45.3 0z\"><\/path><\/svg>\n\t\t\t\t<\/span>\n\t\t\t\t<span class=\"ub_list_item_text\">Zur Speicherung der Fotos und Videos besitzt die Kamera einen SD-Speicherkarten-Slot. Hier k\u00f6nnen <strong>gew\u00f6hnliche SD\/SDHC\/SDXC bzw. UHS-II Speicherkarten<\/strong> eingesetzt werden.<\/span>\n\t\t\t<\/div>\n\t\t\t\n\t\t<\/li>\n<\/div><\/ul><\/div><\/section>\n\n\n\n<div class=\"aawp\">\n\n            \n            \n<div class=\"aawp-product aawp-product--horizontal aawp-product--inline-info\"  data-aawp-product-asin=\"B07XYP5NNQ\" data-aawp-product-id=\"245920\" data-aawp-tracking-id=\"edraegerpho06-21\" data-aawp-product-title=\"Olympus OM-D E-M5 Mark III Micro Four Thirds Systemkamera Geh\u00e4use 20 MP Sensor 5-Achsen Bildstabilisator leistungsstarker Autofokus elektronischer OLED Sucher 4K-Video WLAN Bluetooth Silber\">\n\n    \n    <div class=\"aawp-product__thumb\">\n        <a class=\"aawp-product__image-link\"\n           href=\"https:\/\/www.amazon.de\/dp\/B07XYP5NNQ?tag=edraegerpho06-21&linkCode=ogi&th=1&psc=1\" title=\"Olympus OM-D E-M5 Mark III Micro Four Thirds Systemkamera Geh\u00e4use, 20 MP Sensor, 5-Achsen...\" rel=\"nofollow noopener sponsored\" target=\"_blank\">\n            <img decoding=\"async\" class=\"aawp-product__image\" src=\"https:\/\/erikdraeger.com\/ratgeber\/wp-content\/plugins\/aawp\/public\/image.php?url=YUhSMGNITTZMeTl0TG0xbFpHbGhMV0Z0WVhwdmJpNWpiMjB2YVcxaFoyVnpMMGt2TlRGNVVWSXJiVmxNVDFNdVgxTk1NVFl3WHk1cWNHYz18MTc3NzYyMjg2Mw=\" alt=\"Olympus OM-D E-M5 Mark III Micro Four Thirds Systemkamera Geh\u00e4use, 20 MP Sensor, 5-Achsen...\"  \/>\n        <\/a>\n\n            <\/div>\n\n    <div class=\"aawp-product__content\">\n        <a class=\"aawp-product__title\" href=\"https:\/\/www.amazon.de\/dp\/B07XYP5NNQ?tag=edraegerpho06-21&linkCode=ogi&th=1&psc=1\" title=\"Olympus OM-D E-M5 Mark III Micro Four Thirds Systemkamera Geh\u00e4use, 20 MP Sensor, 5-Achsen...\" rel=\"nofollow noopener sponsored\" target=\"_blank\">\n            Olympus OM-D E-M5 Mark III Micro Four Thirds Systemkamera Geh\u00e4use, 20 MP Sensor, 5-Achsen...        <\/a>\n        <div class=\"aawp-product__description\">\n            <ul><li>Hoch Mobilit\u00e4t und hervorragende Transportf\u00e4higkeit dank geringem Gewicht sowie ultrakompakter Bauweise. Bis zu 55 Prozent kleiner als vergleichbare Kameras<\/li><li>Ausgezeichnete Bildqualit\u00e4t dank 5-Achsen-Bildstabilisation in der Kamera (bis zu 5,5 EV-Stufen zur Korrektur) sowie einem hochaufl\u00f6senden 20 Megapixel Sensor<\/li><li>Staub- und spritzwassergesch\u00fctzt sowie frostsicher \u2013 widersteht auch rauen Bedingungen in kritischen Umgebungen<\/li><li>Einfache Konnektivit\u00e4t dank integriertem WLAN und Bluetooth \u2013 teilen Sie wertvolle Momente an Ort und Stelle mit Freunden und Familie<\/li><li>Der dreh- und schwenkbare LCD-Monitor passt sich ideal Ihren Bed\u00fcrfnissen an<\/li><\/ul>        <\/div>\n    <\/div>\n\n    <div class=\"aawp-product__footer\">\n\n        <div class=\"aawp-product__pricing\">\n            \n            \n                    <\/div>\n\n                <a class=\"aawp-button aawp-button--buy rounded aawp-button--icon aawp-button--icon-amazon-black\" href=\"https:\/\/www.amazon.de\/dp\/B07XYP5NNQ?tag=edraegerpho06-21&#038;linkCode=ogi&#038;th=1&#038;psc=1\" title=\"Bei Amazon ansehen\" target=\"_blank\" rel=\"nofollow noopener sponsored\">Bei Amazon ansehen<\/a>\n                    <span class=\"aawp-product__info\"><a href=\"#provisionshinweis\">Provisionshinweis<\/a><\/span>\n            <\/div>\n\n<\/div>\n\n    \n<\/div>\n\n\n\n\n<section class=\"wp-block-uagb-section uagb-section__wrap uagb-section__background-color uagb-block-66e9a0c5\"><div class=\"uagb-section__overlay\"><\/div><div class=\"uagb-section__inner-wrap\">\n<p><em>Hier findest du alles zum Thema<\/em> <em><a href=\"https:\/\/erikdraeger.com\/ratgeber\/category\/systemkamera\/\">Systemkameras<\/a><\/em>.<\/p>\n<\/div><\/section>\n\n\n\n<pre class=\"wp-block-preformatted\">Die folgende Auswahl zeigt Produkte, welche sich anhand Erfahrungsberichte, verifizierte K\u00e4ufe und Kundenbewertung auszeichnen.<\/pre>\n\n\n\n<h2 class=\"wp-block-heading\">Kompatible Objektive f\u00fcr die Olympus M5 III<\/h2>\n\n\n\n<pre class=\"wp-block-preformatted\">Hier findest du eine Reihe <strong>kompatibler sowie empfehlenswerter Objektive<\/strong> f\u00fcr die M5 Mk. III. \n<\/pre>\n\n\n\n<div class=\"wp-block-group\"><div class=\"wp-block-group__inner-container is-layout-constrained wp-block-group-is-layout-constrained\">\n<p><strong>Normalobjektiv:<\/strong><\/p>\n\n\n\n<div class=\"aawp\">\n\n            \n            \n<div class=\"aawp-product aawp-product--horizontal aawp-product--inline-info\"  data-aawp-product-asin=\"B0058G3ZNA\" data-aawp-product-id=\"245849\" data-aawp-tracking-id=\"edraegerpho06-21\" data-aawp-product-title=\"Olympus M.Zuiko Digital 14-42mm F3.5-5.6 II R Objektiv Standardzoom geeignet f\u00fcr alle MFT-Kameras  Olympus OM-D &amp; PEN Modelle Panasonic G-Serie  schwarz\">\n\n    \n    <div class=\"aawp-product__thumb\">\n        <a class=\"aawp-product__image-link\"\n           href=\"https:\/\/www.amazon.de\/dp\/B0058G3ZNA?tag=edraegerpho06-21&linkCode=ogi&th=1&psc=1\" title=\"Olympus M.Zuiko Digital 14-42mm F3.5-5.6 II R\" rel=\"nofollow noopener sponsored\" target=\"_blank\">\n            <img decoding=\"async\" class=\"aawp-product__image\" src=\"https:\/\/erikdraeger.com\/ratgeber\/wp-content\/plugins\/aawp\/public\/image.php?url=YUhSMGNITTZMeTl0TG0xbFpHbGhMV0Z0WVhwdmJpNWpiMjB2YVcxaFoyVnpMMGt2TXpGMVdsVXplVko0YzB3dVgxTk1NVFl3WHk1cWNHYz18MTc3NzYyMjg2Mw=\" alt=\"Olympus M.Zuiko Digital 14-42mm F3.5-5.6 II R\"  \/>\n        <\/a>\n\n            <\/div>\n\n    <div class=\"aawp-product__content\">\n        <a class=\"aawp-product__title\" href=\"https:\/\/www.amazon.de\/dp\/B0058G3ZNA?tag=edraegerpho06-21&linkCode=ogi&th=1&psc=1\" title=\"Olympus M.Zuiko Digital 14-42mm F3.5-5.6 II R\" rel=\"nofollow noopener sponsored\" target=\"_blank\">\n            Olympus M.Zuiko Digital 14-42mm F3.5-5.6 II R        <\/a>\n        <div class=\"aawp-product__description\">\n            Das Olympus M.Zuiko Digital 14-42mm F3.5-5.6 II R ist ein kompaktes Standardzoom f\u00fcr MFT-Kameras und ideal f\u00fcr Alltag, Reisen und Street-Fotografie. Mit nur 113 g ist es extrem leicht und passt in jede Tasche. Der vielseitige Brennweitenbereich von 14-42mm (28-84mm KB) erm\u00f6glicht sowohl Weitwinkel- als auch leichte Teleaufnahmen. Der schnelle und leise Autofokus macht es zudem ideal f\u00fcr Videoaufnahmen. Die Lichtst\u00e4rke ist begrenzt, aber durch den praktischen Zoombereich und die kompakte Bauweise ein perfektes Objektiv f\u00fcr unterwegs \u2013 ideal f\u00fcr alle, die flexibel und unbeschwert fotografieren wollen.        <\/div>\n    <\/div>\n\n    <div class=\"aawp-product__footer\">\n\n        <div class=\"aawp-product__pricing\">\n            \n            \n                    <\/div>\n\n                <a class=\"aawp-button aawp-button--buy rounded aawp-button--icon aawp-button--icon-amazon-black\" href=\"https:\/\/www.amazon.de\/dp\/B0058G3ZNA?tag=edraegerpho06-21&#038;linkCode=ogi&#038;th=1&#038;psc=1\" title=\"Bei Amazon ansehen\" target=\"_blank\" rel=\"nofollow noopener sponsored\">Bei Amazon ansehen<\/a>\n                    <span class=\"aawp-product__info\"><a href=\"#provisionshinweis\">Provisionshinweis<\/a><\/span>\n            <\/div>\n\n<\/div>\n\n    \n<\/div>\n\n\n\n\n<div style=\"height:30px\" aria-hidden=\"true\" class=\"wp-block-spacer\"><\/div>\n\n\n\n<p><strong>Weitwinkelobjektiv:<\/strong><\/p>\n\n\n\n<div class=\"aawp\">\n\n            \n            \n<div class=\"aawp-product aawp-product--horizontal aawp-product--ribbon aawp-product--sale aawp-product--inline-info\"  data-aawp-product-asin=\"B00DPEK7E2\" data-aawp-product-id=\"243982\" data-aawp-tracking-id=\"edraegerpho06-21\" data-aawp-product-title=\"Panasonic H-H020A LUMIX G Festbrennweiten 20mm F1.7 II ASPH Objektiv  Pancake Objektiv Filtergr\u00f6\u00dfe 46 mm Bildwinkel 57\u00b0  schwarz\">\n\n    <span class=\"aawp-product__ribbon aawp-product__ribbon--sale\">Angebot<\/span>\n    <div class=\"aawp-product__thumb\">\n        <a class=\"aawp-product__image-link\"\n           href=\"https:\/\/www.amazon.de\/dp\/B00DPEK7E2?tag=edraegerpho06-21&linkCode=ogi&th=1&psc=1\" title=\"Panasonic LUMIX G 20mm F1.7 II ASPH (H-H020A) | 46 mm\" rel=\"nofollow noopener sponsored\" target=\"_blank\">\n            <img decoding=\"async\" class=\"aawp-product__image\" src=\"https:\/\/erikdraeger.com\/ratgeber\/wp-content\/plugins\/aawp\/public\/image.php?url=YUhSMGNITTZMeTl0TG0xbFpHbGhMV0Z0WVhwdmJpNWpiMjB2YVcxaFoyVnpMMGt2TkRGbU56ZEdXR1JTTUV3dVgxTk1NVFl3WHk1cWNHYz18MTc3NzYyMjg2Mw=\" alt=\"Panasonic LUMIX G 20mm F1.7 II ASPH (H-H020A) | 46 mm\"  \/>\n        <\/a>\n\n            <\/div>\n\n    <div class=\"aawp-product__content\">\n        <a class=\"aawp-product__title\" href=\"https:\/\/www.amazon.de\/dp\/B00DPEK7E2?tag=edraegerpho06-21&linkCode=ogi&th=1&psc=1\" title=\"Panasonic LUMIX G 20mm F1.7 II ASPH (H-H020A) | 46 mm\" rel=\"nofollow noopener sponsored\" target=\"_blank\">\n            Panasonic LUMIX G 20mm F1.7 II ASPH (H-H020A) | 46 mm        <\/a>\n        <div class=\"aawp-product__description\">\n            Das Panasonic LUMIX G 20mm F1.7 II ASPH ist ein ultrakompaktes, lichtstarkes Objektiv, das sich insbesondere f\u00fcr Street-, Reportage- und Low-Light-Fotografie eignet. Mit einer Blende von f\/1.7 erzielst du ein sch\u00f6nes Bokeh und scharfe Aufnahmen auch bei schwachem Licht. Mit nur 78 g und einem schlanken Design passt es problemlos in jede Tasche und ist somit ideal f\u00fcr unterwegs. Der schnelle Autofokus erm\u00f6glicht pr\u00e4zise und spontane Aufnahmen, w\u00e4hrend die exzellente Bildqualit\u00e4t es zu einem unverzichtbaren Begleiter f\u00fcr kreative Fotografen und Videografen macht.        <\/div>\n    <\/div>\n\n    <div class=\"aawp-product__footer\">\n\n        <div class=\"aawp-product__pricing\">\n                                                        \n            \n            <img loading=\"lazy\" decoding=\"async\" src=\"https:\/\/erikdraeger.com\/ratgeber\/wp-content\/plugins\/aawp\/assets\/img\/icon-check-prime.svg\" height=\"16\" width=\"55\" alt=\"Amazon Prime\" \/>        <\/div>\n\n                <a class=\"aawp-button aawp-button--buy rounded aawp-button--icon aawp-button--icon-amazon-black\" href=\"https:\/\/www.amazon.de\/dp\/B00DPEK7E2?tag=edraegerpho06-21&#038;linkCode=ogi&#038;th=1&#038;psc=1\" title=\"Bei Amazon ansehen\" target=\"_blank\" rel=\"nofollow noopener sponsored\">Bei Amazon ansehen<\/a>\n                    <span class=\"aawp-product__info\"><a href=\"#provisionshinweis\">Provisionshinweis<\/a><\/span>\n            <\/div>\n\n<\/div>\n\n    \n<\/div>\n\n\n\n\n<div style=\"height:30px\" aria-hidden=\"true\" class=\"wp-block-spacer\"><\/div>\n\n\n\n<p><strong>Telezoomobjektiv:<\/strong><\/p>\n\n\n\n<div class=\"aawp\">\n\n            \n            \n<div class=\"aawp-product aawp-product--horizontal aawp-product--inline-info\"  data-aawp-product-asin=\"B019MYY38O\" data-aawp-product-id=\"245298\" data-aawp-tracking-id=\"edraegerpho06-21\" data-aawp-product-title=\"Olympus M.Zuiko Digital ED 300mm F4.0 PRO Objektiv Telezoom geeignet f\u00fcr alle MFT-Kameras  Olympus OM-D &amp; PEN Modelle Panasonic G-Serie  schwarz\">\n\n    \n    <div class=\"aawp-product__thumb\">\n        <a class=\"aawp-product__image-link\"\n           href=\"https:\/\/www.amazon.de\/dp\/B019MYY38O?tag=edraegerpho06-21&linkCode=ogi&th=1&psc=1\" title=\"Olympus M.Zuiko Digital ED 300mm F4.0 PRO Objektiv\" rel=\"nofollow noopener sponsored\" target=\"_blank\">\n            <img decoding=\"async\" class=\"aawp-product__image\" src=\"https:\/\/erikdraeger.com\/ratgeber\/wp-content\/plugins\/aawp\/public\/image.php?url=YUhSMGNITTZMeTl0TG0xbFpHbGhMV0Z0WVhwdmJpNWpiMjB2YVcxaFoyVnpMMGt2TXpGcVNXdEVNek5DYWt3dVgxTk1NVFl3WHk1cWNHYz18MTc3NzYyMjg2Mw=\" alt=\"Olympus M.Zuiko Digital ED 300mm F4.0 PRO Objektiv\"  \/>\n        <\/a>\n\n            <\/div>\n\n    <div class=\"aawp-product__content\">\n        <a class=\"aawp-product__title\" href=\"https:\/\/www.amazon.de\/dp\/B019MYY38O?tag=edraegerpho06-21&linkCode=ogi&th=1&psc=1\" title=\"Olympus M.Zuiko Digital ED 300mm F4.0 PRO Objektiv\" rel=\"nofollow noopener sponsored\" target=\"_blank\">\n            Olympus M.Zuiko Digital ED 300mm F4.0 PRO Objektiv        <\/a>\n        <div class=\"aawp-product__description\">\n            Wer auf eine professionelle Festbrennweite mit hoher Brennweite aus ist, der findet mit dem Olympus M.Zuiko Digital ED 300mm F4.0 PRO eine sehr geeignete Linse. So ist es eine passende Wahl f\u00fcr Sport-, Tier- und Naturfotografie. Trotz der beeindruckenden Brennweite bleibt es mit 1.270 g noch relativ leicht und bietet dank des integrierten Bildstabilisators verwacklungsfreie Aufnahmen. Der pr\u00e4zise Autofokus und die wetterfeste Konstruktion machen es zu einem zuverl\u00e4ssigen Begleiter f\u00fcr anspruchsvolle Fotografen, die auf Mobilit\u00e4t und Leistung angewiesen sind.        <\/div>\n    <\/div>\n\n    <div class=\"aawp-product__footer\">\n\n        <div class=\"aawp-product__pricing\">\n            \n            \n                    <\/div>\n\n                <a class=\"aawp-button aawp-button--buy rounded aawp-button--icon aawp-button--icon-amazon-black\" href=\"https:\/\/www.amazon.de\/dp\/B019MYY38O?tag=edraegerpho06-21&#038;linkCode=ogi&#038;th=1&#038;psc=1\" title=\"Bei Amazon ansehen\" target=\"_blank\" rel=\"nofollow noopener sponsored\">Bei Amazon ansehen<\/a>\n                    <span class=\"aawp-product__info\"><a href=\"#provisionshinweis\">Provisionshinweis<\/a><\/span>\n            <\/div>\n\n<\/div>\n\n    \n<\/div>\n\n\n\n\n<div style=\"height:30px\" aria-hidden=\"true\" class=\"wp-block-spacer\"><\/div>\n\n\n\n<p><strong>Weitere interessante Objektive:<\/strong><\/p>\n\n\n\n<div class=\"aawp\">\n\n    <table class=\"aawp-table\">\n        <thead>\n            <tr>\n                                <th class=\"aawp-table__th-thumb\">Vorschau<\/th>\n                <th class=\"aawp-table__th-title\">Produkt<\/th>\n                                                <th class=\"aawp-table__th-links\"><\/th>\n            <\/tr>\n        <\/thead>\n        <tbody>\n                    \n            <tr class=\"aawp-product aawp-product--ribbon aawp-product--sale aawp-product--inline-info\"  data-aawp-product-asin=\"B01DWNN7AG\" data-aawp-product-id=\"245087\" data-aawp-tracking-id=\"edraegerpho06-21\" data-aawp-product-title=\"Panasonic H-FS12060E LUMIX G Vario 12-60 mm F3.5-5.6 ASPH Objektiv  5x Zoom Power O.I.S Bildstabilisator Staub-\/ Spritzwasserschutz  schwarz\">\n                                <td class=\"aawp-table__td-thumb\" data-label=\"Vorschau\">\n                    <a href=\"https:\/\/www.amazon.de\/dp\/B01DWNN7AG?tag=edraegerpho06-21&linkCode=ogi&th=1&psc=1\" title=\"Panasonic H-FS12060E LUMIX G Vario 12-60 mm F3.5-5.6 ASPH. Objektiv (5x Zoom, Power O.I.S...\" rel=\"nofollow noopener sponsored\" target=\"_blank\">\n                        <img decoding=\"async\" class=\"aawp-product__img\" src=\"https:\/\/erikdraeger.com\/ratgeber\/wp-content\/plugins\/aawp\/public\/image.php?url=YUhSMGNITTZMeTl0TG0xbFpHbGhMV0Z0WVhwdmJpNWpiMjB2YVcxaFoyVnpMMGt2TlRFdE5IQnpXbEJwYWt3dVgxTk1NVFl3WHk1cWNHYz18MTc3NzYyMjg2Mw=\" alt=\"Panasonic H-FS12060E LUMIX G Vario 12-60 mm F3.5-5.6 ASPH. Objektiv (5x Zoom, Power O.I.S...\"  \/>\n                    <\/a>\n                <\/td>\n                <td class=\"aawp-table__td-title\" data-label=\"Produkt\">\n                    <a class=\"aawp-product__title\" href=\"https:\/\/www.amazon.de\/dp\/B01DWNN7AG?tag=edraegerpho06-21&linkCode=ogi&th=1&psc=1\" title=\"Panasonic H-FS12060E LUMIX G Vario 12-60 mm F3.5-5.6 ASPH. Objektiv (5x Zoom, Power O.I.S...\"\n                       rel=\"nofollow noopener sponsored\" target=\"_blank\">Panasonic H-FS12060E LUMIX G Vario 12-60 mm F3.5-5.6 ASPH. Objektiv (5x Zoom, Power O.I.S...                    <\/a>\n                <\/td>\n                                                <td class=\"aawp-table__td-links\" data-label=\"Link\">\n                                    <\/td>\n            <\/tr>\n\n                    \n            <tr class=\"aawp-product aawp-product--inline-info\"  data-aawp-product-asin=\"B009C742Y2\" data-aawp-product-id=\"245080\" data-aawp-tracking-id=\"edraegerpho06-21\" data-aawp-product-title=\"Olympus M.Zuiko Digital ED 60mm F2.8 Objektiv Standardzoom geeignet f\u00fcr alle MFT-Kameras  Olympus OM-D &amp; PEN Modelle Panasonic G-Serie  schwarz\">\n                                <td class=\"aawp-table__td-thumb\" data-label=\"Vorschau\">\n                    <a href=\"https:\/\/www.amazon.de\/dp\/B009C742Y2?tag=edraegerpho06-21&linkCode=ogi&th=1&psc=1\" title=\"Olympus M.Zuiko Digital ED 60mm F2.8 Objektiv, Standardzoom, geeignet f\u00fcr alle MFT-Kameras (Olympus...\" rel=\"nofollow noopener sponsored\" target=\"_blank\">\n                        <img decoding=\"async\" class=\"aawp-product__img\" src=\"https:\/\/erikdraeger.com\/ratgeber\/wp-content\/plugins\/aawp\/public\/image.php?url=YUhSMGNITTZMeTl0TG0xbFpHbGhMV0Z0WVhwdmJpNWpiMjB2YVcxaFoyVnpMMGt2TkRGNVJGcEhkbEZ5ZVV3dVgxTk1NVFl3WHk1cWNHYz18MTc3NzYyMjg2Mw=\" alt=\"Olympus M.Zuiko Digital ED 60mm F2.8 Objektiv, Standardzoom, geeignet f\u00fcr alle MFT-Kameras (Olympus...\"  \/>\n                    <\/a>\n                <\/td>\n                <td class=\"aawp-table__td-title\" data-label=\"Produkt\">\n                    <a class=\"aawp-product__title\" href=\"https:\/\/www.amazon.de\/dp\/B009C742Y2?tag=edraegerpho06-21&linkCode=ogi&th=1&psc=1\" title=\"Olympus M.Zuiko Digital ED 60mm F2.8 Objektiv, Standardzoom, geeignet f\u00fcr alle MFT-Kameras (Olympus...\"\n                       rel=\"nofollow noopener sponsored\" target=\"_blank\">Olympus M.Zuiko Digital ED 60mm F2.8 Objektiv, Standardzoom, geeignet f\u00fcr alle MFT-Kameras...                    <\/a>\n                <\/td>\n                                                <td class=\"aawp-table__td-links\" data-label=\"Link\">\n                                    <\/td>\n            <\/tr>\n\n                    \n            <tr class=\"aawp-product aawp-product--ribbon aawp-product--sale aawp-product--inline-info\"  data-aawp-product-asin=\"B00V85VF4G\" data-aawp-product-id=\"246467\" data-aawp-tracking-id=\"edraegerpho06-21\" data-aawp-product-title=\"Panasonic H-HS030E LUMIX G Makro 30 mm F2.8 ASPH.Objektiv  O.I.S Bildstabilisator Bildwinkel 40\u00b0 Filtergr\u00f6\u00dfe 46 mm  schwarz\">\n                                <td class=\"aawp-table__td-thumb\" data-label=\"Vorschau\">\n                    <a href=\"https:\/\/www.amazon.de\/dp\/B00V85VF4G?tag=edraegerpho06-21&linkCode=ogi&th=1&psc=1\" title=\"Panasonic H-HS030E LUMIX G Makro 30 mm F2.8 ASPH.Objektiv (O.I.S. Bildstabilisator, Bildwinkel...\" rel=\"nofollow noopener sponsored\" target=\"_blank\">\n                        <img decoding=\"async\" class=\"aawp-product__img\" src=\"https:\/\/erikdraeger.com\/ratgeber\/wp-content\/plugins\/aawp\/public\/image.php?url=YUhSMGNITTZMeTl0TG0xbFpHbGhMV0Z0WVhwdmJpNWpiMjB2YVcxaFoyVnpMMGt2TkRGNmJsQlBOa3BGVjB3dVgxTk1NVFl3WHk1cWNHYz18MTc3NzYyMjg2Mw=\" alt=\"Panasonic H-HS030E LUMIX G Makro 30 mm F2.8 ASPH.Objektiv (O.I.S. Bildstabilisator, Bildwinkel...\"  \/>\n                    <\/a>\n                <\/td>\n                <td class=\"aawp-table__td-title\" data-label=\"Produkt\">\n                    <a class=\"aawp-product__title\" href=\"https:\/\/www.amazon.de\/dp\/B00V85VF4G?tag=edraegerpho06-21&linkCode=ogi&th=1&psc=1\" title=\"Panasonic H-HS030E LUMIX G Makro 30 mm F2.8 ASPH.Objektiv (O.I.S. Bildstabilisator, Bildwinkel...\"\n                       rel=\"nofollow noopener sponsored\" target=\"_blank\">Panasonic H-HS030E LUMIX G Makro 30 mm F2.8 ASPH.Objektiv (O.I.S. Bildstabilisator, Bildwinkel...                    <\/a>\n                <\/td>\n                                                <td class=\"aawp-table__td-links\" data-label=\"Link\">\n                                    <\/td>\n            <\/tr>\n\n                    \n            <tr class=\"aawp-product aawp-product--ribbon aawp-product--sale aawp-product--inline-info\"  data-aawp-product-asin=\"B00G2UMTYC\" data-aawp-product-id=\"245088\" data-aawp-tracking-id=\"edraegerpho06-21\" data-aawp-product-title=\"Panasonic H-FS12032E LUMIX G Vario Standardzoom 12-32 mm F3.5-5.6 ASPH Objektiv  24-64 mm KB O.I.S Bildstabilisator  schwarz\">\n                                <td class=\"aawp-table__td-thumb\" data-label=\"Vorschau\">\n                    <a href=\"https:\/\/www.amazon.de\/dp\/B00G2UMTYC?tag=edraegerpho06-21&linkCode=ogi&th=1&psc=1\" title=\"Panasonic H-FS12032E LUMIX G Vario Standardzoom 12-32 mm F3.5-5.6 ASPH. Objektiv (24-64 mm KB...\" rel=\"nofollow noopener sponsored\" target=\"_blank\">\n                        <img decoding=\"async\" class=\"aawp-product__img\" src=\"https:\/\/erikdraeger.com\/ratgeber\/wp-content\/plugins\/aawp\/public\/image.php?url=YUhSMGNITTZMeTl0TG0xbFpHbGhMV0Z0WVhwdmJpNWpiMjB2YVcxaFoyVnpMMGt2TkRGTVFVNWlSVmxxVFV3dVgxTk1NVFl3WHk1cWNHYz18MTc3NzYyMjg2Mw=\" alt=\"Panasonic H-FS12032E LUMIX G Vario Standardzoom 12-32 mm F3.5-5.6 ASPH. Objektiv (24-64 mm KB...\"  \/>\n                    <\/a>\n                <\/td>\n                <td class=\"aawp-table__td-title\" data-label=\"Produkt\">\n                    <a class=\"aawp-product__title\" href=\"https:\/\/www.amazon.de\/dp\/B00G2UMTYC?tag=edraegerpho06-21&linkCode=ogi&th=1&psc=1\" title=\"Panasonic H-FS12032E LUMIX G Vario Standardzoom 12-32 mm F3.5-5.6 ASPH. Objektiv (24-64 mm KB...\"\n                       rel=\"nofollow noopener sponsored\" target=\"_blank\">Panasonic H-FS12032E LUMIX G Vario Standardzoom 12-32 mm F3.5-5.6 ASPH. Objektiv (24-64 mm KB...                    <\/a>\n                <\/td>\n                                                <td class=\"aawp-table__td-links\" data-label=\"Link\">\n                                    <\/td>\n            <\/tr>\n\n                    \n            <tr class=\"aawp-product aawp-product--inline-info\"  data-aawp-product-asin=\"B00TS9G7VU\" data-aawp-product-id=\"246406\" data-aawp-tracking-id=\"edraegerpho06-21\" data-aawp-product-title=\"Samyang 85mm F1.4 Objektiv f\u00fcr Anschluss schwarz\">\n                                <td class=\"aawp-table__td-thumb\" data-label=\"Vorschau\">\n                    <a href=\"https:\/\/www.amazon.de\/dp\/B00TS9G7VU?tag=edraegerpho06-21&linkCode=ogi&th=1&psc=1\" title=\"Samyang 85mm F1.4 Objektiv f\u00fcr Anschluss schwarz\" rel=\"nofollow noopener sponsored\" target=\"_blank\">\n                        <img decoding=\"async\" class=\"aawp-product__img\" src=\"https:\/\/erikdraeger.com\/ratgeber\/wp-content\/plugins\/aawp\/public\/image.php?url=YUhSMGNITTZMeTl0TG0xbFpHbGhMV0Z0WVhwdmJpNWpiMjB2YVcxaFoyVnpMMGt2TkRGR1kxUjBja0pDWTB3dVgxTk1NVFl3WHk1cWNHYz18MTc3NzYyMjg2Mw=\" alt=\"Samyang 85mm F1.4 Objektiv f\u00fcr Anschluss schwarz\"  \/>\n                    <\/a>\n                <\/td>\n                <td class=\"aawp-table__td-title\" data-label=\"Produkt\">\n                    <a class=\"aawp-product__title\" href=\"https:\/\/www.amazon.de\/dp\/B00TS9G7VU?tag=edraegerpho06-21&linkCode=ogi&th=1&psc=1\" title=\"Samyang 85mm F1.4 Objektiv f\u00fcr Anschluss schwarz\"\n                       rel=\"nofollow noopener sponsored\" target=\"_blank\">Samyang 85mm F1.4 Objektiv f\u00fcr Anschluss schwarz                    <\/a>\n                <\/td>\n                                                <td class=\"aawp-table__td-links\" data-label=\"Link\">\n                                    <\/td>\n            <\/tr>\n\n                    \n            <tr class=\"aawp-product aawp-product--inline-info\"  data-aawp-product-asin=\"B0058G40G6\" data-aawp-product-id=\"245803\" data-aawp-tracking-id=\"edraegerpho06-21\" data-aawp-product-title=\"Olympus M.Zuiko Digital ED 40-150mm F4\u20115.6 Objektiv Telezoom geeignet f\u00fcr alle MFT-Kameras  Olympus OM-D &amp; PEN Modelle Panasonic G-Serie  schwarz\">\n                                <td class=\"aawp-table__td-thumb\" data-label=\"Vorschau\">\n                    <a href=\"https:\/\/www.amazon.de\/dp\/B0058G40G6?tag=edraegerpho06-21&linkCode=ogi&th=1&psc=1\" title=\"Olympus M.Zuiko Digital ED 40-150mm F4\u20115.6 Objektiv, Telezoom, geeignet f\u00fcr alle MFT-Kameras...\" rel=\"nofollow noopener sponsored\" target=\"_blank\">\n                        <img decoding=\"async\" class=\"aawp-product__img\" src=\"https:\/\/erikdraeger.com\/ratgeber\/wp-content\/plugins\/aawp\/public\/image.php?url=YUhSMGNITTZMeTl0TG0xbFpHbGhMV0Z0WVhwdmJpNWpiMjB2YVcxaFoyVnpMMGt2TXpGUVVGVTRSV3cwZEV3dVgxTk1NVFl3WHk1cWNHYz18MTc3NzYyMjg2Mw=\" alt=\"Olympus M.Zuiko Digital ED 40-150mm F4\u20115.6 Objektiv, Telezoom, geeignet f\u00fcr alle MFT-Kameras...\"  \/>\n                    <\/a>\n                <\/td>\n                <td class=\"aawp-table__td-title\" data-label=\"Produkt\">\n                    <a class=\"aawp-product__title\" href=\"https:\/\/www.amazon.de\/dp\/B0058G40G6?tag=edraegerpho06-21&linkCode=ogi&th=1&psc=1\" title=\"Olympus M.Zuiko Digital ED 40-150mm F4\u20115.6 Objektiv, Telezoom, geeignet f\u00fcr alle MFT-Kameras...\"\n                       rel=\"nofollow noopener sponsored\" target=\"_blank\">Olympus M.Zuiko Digital ED 40-150mm F4\u20115.6 Objektiv, Telezoom, geeignet f\u00fcr alle MFT-Kameras...                    <\/a>\n                <\/td>\n                                                <td class=\"aawp-table__td-links\" data-label=\"Link\">\n                                    <\/td>\n            <\/tr>\n\n                <\/tbody>\n    <\/table>\n\n<\/div>\n\n\n\n\n<div style=\"height:9px\" aria-hidden=\"true\" class=\"wp-block-spacer\"><\/div>\n\n\n\n<section class=\"wp-block-uagb-section uagb-section__wrap uagb-section__background-color uagb-block-d4173e10\"><div class=\"uagb-section__overlay\"><\/div><div class=\"uagb-section__inner-wrap\">\n<p><strong>Hier findest du weitere passende Objektive: <em><a href=\"https:\/\/erikdraeger.com\/ratgeber\/panasonic-mft-objektive\/\">MFT-Objektive von Panasonic<\/a><\/em>.<\/strong><\/p>\n<\/div><\/section>\n<\/div><\/div>\n\n\n\n<h2 class=\"wp-block-heading\">Batteriegriff, Akku &amp; Akkuladeger\u00e4t<\/h2>\n\n\n\n<pre class=\"wp-block-preformatted\">Dies ist der <strong>originale bzw. passende Dritthersteller-Akku<\/strong> von der Olympus M5 III mit der passenden <strong>Ladestation<\/strong>. Dazu findest du den zur Kamera passenden <strong>Batteriegriff<\/strong>.<\/pre>\n\n\n\n<div class=\"aawp\">\n\n            \n            \n<div class=\"aawp-product aawp-product--horizontal aawp-product--inline-info\"  data-aawp-product-asin=\"B00N5TL7WI\" data-aawp-product-id=\"245302\" data-aawp-tracking-id=\"edraegerpho06-21\" data-aawp-product-title=\"Olympus BLS-50 Li-Ion Akku  f\u00fcr OM-D E-M10 E-M10 Mark II\/Mark III Stylus 1\/1s E-4xx E-6xx PEN au\u00dfer E-P5 &amp; Pen-F\">\n\n    \n    <div class=\"aawp-product__thumb\">\n        <a class=\"aawp-product__image-link\"\n           href=\"https:\/\/www.amazon.de\/dp\/B00N5TL7WI?tag=edraegerpho06-21&linkCode=ogi&th=1&psc=1\" title=\"Olympus BLS-50 Li-Ion Akku (f\u00fcr OM-D E-M10, E-M10 Mark II\/Mark III, Stylus 1\/1s, E-4xx, E-6xx, PEN...\" rel=\"nofollow noopener sponsored\" target=\"_blank\">\n            <img decoding=\"async\" class=\"aawp-product__image\" src=\"https:\/\/erikdraeger.com\/ratgeber\/wp-content\/plugins\/aawp\/public\/image.php?url=YUhSMGNITTZMeTl0TG0xbFpHbGhMV0Z0WVhwdmJpNWpiMjB2YVcxaFoyVnpMMGt2TXpGTlVsZFVibGt4T0V3dVgxTk1NVFl3WHk1cWNHYz18MTc3NzYyMjg2Mw=\" alt=\"Olympus BLS-50 Li-Ion Akku (f\u00fcr OM-D E-M10, E-M10 Mark II\/Mark III, Stylus 1\/1s, E-4xx, E-6xx, PEN...\"  \/>\n        <\/a>\n\n            <\/div>\n\n    <div class=\"aawp-product__content\">\n        <a class=\"aawp-product__title\" href=\"https:\/\/www.amazon.de\/dp\/B00N5TL7WI?tag=edraegerpho06-21&linkCode=ogi&th=1&psc=1\" title=\"Olympus BLS-50 Li-Ion Akku (f\u00fcr OM-D E-M10, E-M10 Mark II\/Mark III, Stylus 1\/1s, E-4xx, E-6xx, PEN...\" rel=\"nofollow noopener sponsored\" target=\"_blank\">\n            Olympus BLS-50 Li-Ion Akku (f\u00fcr OM-D E-M10, E-M10 Mark II\/Mark III, Stylus 1\/1s, E-4xx, E-6xx, PEN...        <\/a>\n        <div class=\"aawp-product__description\">\n            <ul><li>Kompatibel mit fast allen Olympus PEN-Modellen, 1210 mAh Lithium-Ionen-Akku<\/li><li>Moderne Akkutechnik f\u00fcr hoch Leistung<\/li><li>Original Olympus Produkt<\/li><li>Hochwertig verarbeitet<\/li><li>Lieferumfang: Olympus BLS-50 Li-Ion Akku (f\u00fcr Olympus PEN-au\u00dfer E-P5, PS-BSCS notwendig, Olympus Stylus-1\/E-4xx\/E-6xx\/OM-D E-M10\/Stylus 1s)<\/li><\/ul>        <\/div>\n    <\/div>\n\n    <div class=\"aawp-product__footer\">\n\n        <div class=\"aawp-product__pricing\">\n            \n            \n                    <\/div>\n\n                <a class=\"aawp-button aawp-button--buy rounded aawp-button--icon aawp-button--icon-amazon-black\" href=\"https:\/\/www.amazon.de\/dp\/B00N5TL7WI?tag=edraegerpho06-21&#038;linkCode=ogi&#038;th=1&#038;psc=1\" title=\"Bei Amazon ansehen\" target=\"_blank\" rel=\"nofollow noopener sponsored\">Bei Amazon ansehen<\/a>\n                    <span class=\"aawp-product__info\"><a href=\"#provisionshinweis\">Provisionshinweis<\/a><\/span>\n            <\/div>\n\n<\/div>\n\n            \n            \n<div class=\"aawp-product aawp-product--horizontal aawp-product--inline-info\"  data-aawp-product-asin=\"B01JOVOHHC\" data-aawp-product-id=\"245815\" data-aawp-tracking-id=\"edraegerpho06-21\" data-aawp-product-title=\"Blumax Akku f\u00fcr Olympus BLS-5 \/ BLS-50 | 1100mAh | + Ladeger\u00e4t BLS-5 | passend zu Olympus Stylus 1 1s Pen E-PL2 E-PL3 E-PL5 E-PL6 E-PL7 E-P3 E-PM1 E-PM2 - OMD E-M10 und E-M10 Mark II\">\n\n    \n    <div class=\"aawp-product__thumb\">\n        <a class=\"aawp-product__image-link\"\n           href=\"https:\/\/www.amazon.de\/dp\/B01JOVOHHC?tag=edraegerpho06-21&linkCode=ogi&th=1&psc=1\" title=\"Blumax Akku f\u00fcr Olympus BLS-5 \/ BLS-50 | 1100mAh | + Ladeger\u00e4t BLS-5 | passend zu Olympus Stylus...\" rel=\"nofollow noopener sponsored\" target=\"_blank\">\n            <img decoding=\"async\" class=\"aawp-product__image\" src=\"https:\/\/erikdraeger.com\/ratgeber\/wp-content\/plugins\/aawp\/public\/image.php?url=YUhSMGNITTZMeTl0TG0xbFpHbGhMV0Z0WVhwdmJpNWpiMjB2YVcxaFoyVnpMMGt2TlRGRlowbHBkSFE1TWt3dVgxTk1NVFl3WHk1cWNHYz18MTc3NzYyMjg2Mw=\" alt=\"Blumax Akku f\u00fcr Olympus BLS-5 \/ BLS-50 | 1100mAh | + Ladeger\u00e4t BLS-5 | passend zu Olympus Stylus...\"  \/>\n        <\/a>\n\n            <\/div>\n\n    <div class=\"aawp-product__content\">\n        <a class=\"aawp-product__title\" href=\"https:\/\/www.amazon.de\/dp\/B01JOVOHHC?tag=edraegerpho06-21&linkCode=ogi&th=1&psc=1\" title=\"Blumax Akku f\u00fcr Olympus BLS-5 \/ BLS-50 | 1100mAh | + Ladeger\u00e4t BLS-5 | passend zu Olympus Stylus...\" rel=\"nofollow noopener sponsored\" target=\"_blank\">\n            Blumax Akku f\u00fcr Olympus BLS-5 \/ BLS-50 | 1100mAh | + Ladeger\u00e4t BLS-5 | passend zu Olympus Stylus...        <\/a>\n        <div class=\"aawp-product__description\">\n                    <\/div>\n    <\/div>\n\n    <div class=\"aawp-product__footer\">\n\n        <div class=\"aawp-product__pricing\">\n            \n            \n                    <\/div>\n\n                <a class=\"aawp-button aawp-button--buy rounded aawp-button--icon aawp-button--icon-amazon-black\" href=\"https:\/\/www.amazon.de\/dp\/B01JOVOHHC?tag=edraegerpho06-21&#038;linkCode=ogi&#038;th=1&#038;psc=1\" title=\"Bei Amazon ansehen\" target=\"_blank\" rel=\"nofollow noopener sponsored\">Bei Amazon ansehen<\/a>\n                    <span class=\"aawp-product__info\"><a href=\"#provisionshinweis\">Provisionshinweis<\/a><\/span>\n            <\/div>\n\n<\/div>\n\n            \n            \n<div class=\"aawp-product aawp-product--horizontal aawp-product--ribbon aawp-product--sale aawp-product--inline-info\"  data-aawp-product-asin=\"B07XZH9JPB\" data-aawp-product-id=\"244085\" data-aawp-tracking-id=\"edraegerpho06-21\" data-aawp-product-title=\"Olympus ECG-5 Handgriff f\u00fcr OM-D E-M5 Mark III Schwarz\">\n\n    <span class=\"aawp-product__ribbon aawp-product__ribbon--sale\">Angebot<\/span>\n    <div class=\"aawp-product__thumb\">\n        <a class=\"aawp-product__image-link\"\n           href=\"https:\/\/www.amazon.de\/dp\/B07XZH9JPB?tag=edraegerpho06-21&linkCode=ogi&th=1&psc=1\" title=\"Olympus ECG-5 Handgriff f\u00fcr OM-D E-M5 Mark III Schwarz\" rel=\"nofollow noopener sponsored\" target=\"_blank\">\n            <img decoding=\"async\" class=\"aawp-product__image\" src=\"https:\/\/erikdraeger.com\/ratgeber\/wp-content\/plugins\/aawp\/public\/image.php?url=YUhSMGNITTZMeTl0TG0xbFpHbGhMV0Z0WVhwdmJpNWpiMjB2YVcxaFoyVnpMMGt2TXpFMFJFczRNbXd5VWt3dVgxTk1NVFl3WHk1cWNHYz18MTc3NzYyMjg2Mw=\" alt=\"Olympus ECG-5 Handgriff f\u00fcr OM-D E-M5 Mark III Schwarz\"  \/>\n        <\/a>\n\n            <\/div>\n\n    <div class=\"aawp-product__content\">\n        <a class=\"aawp-product__title\" href=\"https:\/\/www.amazon.de\/dp\/B07XZH9JPB?tag=edraegerpho06-21&linkCode=ogi&th=1&psc=1\" title=\"Olympus ECG-5 Handgriff f\u00fcr OM-D E-M5 Mark III Schwarz\" rel=\"nofollow noopener sponsored\" target=\"_blank\">\n            Olympus ECG-5 Handgriff f\u00fcr OM-D E-M5 Mark III Schwarz        <\/a>\n        <div class=\"aawp-product__description\">\n            <ul><li>F\u00fcr die OM-D E-M5 Mark III<\/li><li>Der erweiterte Griff f\u00fcr besseren Halt<\/li><li>Passende leder\u00e4hnliche Oberfl\u00e4che<\/li><li>Farbe: Schwarz<\/li><\/ul>        <\/div>\n    <\/div>\n\n    <div class=\"aawp-product__footer\">\n\n        <div class=\"aawp-product__pricing\">\n                                                        \n            \n            <img loading=\"lazy\" decoding=\"async\" src=\"https:\/\/erikdraeger.com\/ratgeber\/wp-content\/plugins\/aawp\/assets\/img\/icon-check-prime.svg\" height=\"16\" width=\"55\" alt=\"Amazon Prime\" \/>        <\/div>\n\n                <a class=\"aawp-button aawp-button--buy rounded aawp-button--icon aawp-button--icon-amazon-black\" href=\"https:\/\/www.amazon.de\/dp\/B07XZH9JPB?tag=edraegerpho06-21&#038;linkCode=ogi&#038;th=1&#038;psc=1\" title=\"Bei Amazon ansehen\" target=\"_blank\" rel=\"nofollow noopener sponsored\">Bei Amazon ansehen<\/a>\n                    <span class=\"aawp-product__info\"><a href=\"#provisionshinweis\">Provisionshinweis<\/a><\/span>\n            <\/div>\n\n<\/div>\n\n    \n<\/div>\n\n\n\n\n<h2 class=\"wp-block-heading\">Blitze f\u00fcr die Olympus E-M5 Mk. III<\/h2>\n\n\n\n<pre class=\"wp-block-preformatted\">Hier findest du einige kompatible <strong>Aufsteckblitze<\/strong> f\u00fcr die M5 III.<\/pre>\n\n\n\n<div class=\"aawp\">\n\n            \n            \n<div class=\"aawp-product aawp-product--horizontal aawp-product--ribbon aawp-product--sale aawp-product--inline-info\"  data-aawp-product-asin=\"B00SMPLHTI\" data-aawp-product-id=\"245710\" data-aawp-tracking-id=\"edraegerpho06-21\" data-aawp-product-title=\"Olympus FL-LM3 Aufsteck Blitz\">\n\n    <span class=\"aawp-product__ribbon aawp-product__ribbon--sale\">Angebot<\/span>\n    <div class=\"aawp-product__thumb\">\n        <a class=\"aawp-product__image-link\"\n           href=\"https:\/\/www.amazon.de\/dp\/B00SMPLHTI?tag=edraegerpho06-21&linkCode=ogi&th=1&psc=1\" title=\"Olympus FL-LM3 Aufsteck Blitz\" rel=\"nofollow noopener sponsored\" target=\"_blank\">\n            <img decoding=\"async\" class=\"aawp-product__image\" src=\"https:\/\/erikdraeger.com\/ratgeber\/wp-content\/plugins\/aawp\/public\/image.php?url=YUhSMGNITTZMeTl0TG0xbFpHbGhMV0Z0WVhwdmJpNWpiMjB2YVcxaFoyVnpMMGt2TkRGeVNVTnBSRFZFUWt3dVgxTk1NVFl3WHk1cWNHYz18MTc3NzYyMjg2Mw=\" alt=\"Olympus FL-LM3 Aufsteck Blitz\"  \/>\n        <\/a>\n\n            <\/div>\n\n    <div class=\"aawp-product__content\">\n        <a class=\"aawp-product__title\" href=\"https:\/\/www.amazon.de\/dp\/B00SMPLHTI?tag=edraegerpho06-21&linkCode=ogi&th=1&psc=1\" title=\"Olympus FL-LM3 Aufsteck Blitz\" rel=\"nofollow noopener sponsored\" target=\"_blank\">\n            Olympus FL-LM3 Aufsteck Blitz        <\/a>\n        <div class=\"aawp-product__description\">\n            <ul><li>dreh- und schwenkbar f\u00fcr individuelle Einstellungen<\/li><li>kabellose Blitz-Funktion<\/li><li>f\u00fcr Olympus PEN & OM-D Kamera's<\/li><li>original Olympus<\/li><li>Lieferumfang:Olympus Aufsteckblitz FL-LM3<\/li><\/ul>        <\/div>\n    <\/div>\n\n    <div class=\"aawp-product__footer\">\n\n        <div class=\"aawp-product__pricing\">\n                                                        \n            \n            <img loading=\"lazy\" decoding=\"async\" src=\"https:\/\/erikdraeger.com\/ratgeber\/wp-content\/plugins\/aawp\/assets\/img\/icon-check-prime.svg\" height=\"16\" width=\"55\" alt=\"Amazon Prime\" \/>        <\/div>\n\n                <a class=\"aawp-button aawp-button--buy rounded aawp-button--icon aawp-button--icon-amazon-black\" href=\"https:\/\/www.amazon.de\/dp\/B00SMPLHTI?tag=edraegerpho06-21&#038;linkCode=ogi&#038;th=1&#038;psc=1\" title=\"Bei Amazon ansehen\" target=\"_blank\" rel=\"nofollow noopener sponsored\">Bei Amazon ansehen<\/a>\n                    <span class=\"aawp-product__info\"><a href=\"#provisionshinweis\">Provisionshinweis<\/a><\/span>\n            <\/div>\n\n<\/div>\n\n            \n            \n<div class=\"aawp-product aawp-product--horizontal aawp-product--inline-info\"  data-aawp-product-asin=\"B07N6SY4J2\" data-aawp-product-id=\"245902\" data-aawp-tracking-id=\"edraegerpho06-21\" data-aawp-product-title=\"Olympus FL-700WR Blitz\">\n\n    \n    <div class=\"aawp-product__thumb\">\n        <a class=\"aawp-product__image-link\"\n           href=\"https:\/\/www.amazon.de\/dp\/B07N6SY4J2?tag=edraegerpho06-21&linkCode=ogi&th=1&psc=1\" title=\"Olympus FL-700WR Blitz\" rel=\"nofollow noopener sponsored\" target=\"_blank\">\n            <img decoding=\"async\" class=\"aawp-product__image\" src=\"https:\/\/erikdraeger.com\/ratgeber\/wp-content\/plugins\/aawp\/public\/image.php?url=YUhSMGNITTZMeTl0TG0xbFpHbGhMV0Z0WVhwdmJpNWpiMjB2YVcxaFoyVnpMMGt2TXpGelpqQlNZbU5HY1V3dVgxTk1NVFl3WHk1cWNHYz18MTc3NzYyMjg2Mw=\" alt=\"Olympus FL-700WR Blitz\"  \/>\n        <\/a>\n\n            <\/div>\n\n    <div class=\"aawp-product__content\">\n        <a class=\"aawp-product__title\" href=\"https:\/\/www.amazon.de\/dp\/B07N6SY4J2?tag=edraegerpho06-21&linkCode=ogi&th=1&psc=1\" title=\"Olympus FL-700WR Blitz\" rel=\"nofollow noopener sponsored\" target=\"_blank\">\n            Olympus FL-700WR Blitz        <\/a>\n        <div class=\"aawp-product__description\">\n            <ul><li>Blitz (GN-42) mit hoher Intensit\u00e4t und kompakten, leichtem Design<\/li><li>Kabellose Steuerung via Radiowellen<\/li><li>Spritzwasser und Staubschautz<\/li><li>eine Vielzahl von Aufnahmefunktionen<\/li><\/ul>        <\/div>\n    <\/div>\n\n    <div class=\"aawp-product__footer\">\n\n        <div class=\"aawp-product__pricing\">\n            \n            \n                    <\/div>\n\n                <a class=\"aawp-button aawp-button--buy rounded aawp-button--icon aawp-button--icon-amazon-black\" href=\"https:\/\/www.amazon.de\/dp\/B07N6SY4J2?tag=edraegerpho06-21&#038;linkCode=ogi&#038;th=1&#038;psc=1\" title=\"Bei Amazon ansehen\" target=\"_blank\" rel=\"nofollow noopener sponsored\">Bei Amazon ansehen<\/a>\n                    <span class=\"aawp-product__info\"><a href=\"#provisionshinweis\">Provisionshinweis<\/a><\/span>\n            <\/div>\n\n<\/div>\n\n            \n            \n<div class=\"aawp-product aawp-product--horizontal aawp-product--inline-info\"  data-aawp-product-asin=\"B01LZGWLH8\" data-aawp-product-id=\"245292\" data-aawp-tracking-id=\"edraegerpho06-21\" data-aawp-product-title=\"Olympus FL-900R Blitzger\u00e4t f\u00fcr OM-D und PEN-Modelle\">\n\n    \n    <div class=\"aawp-product__thumb\">\n        <a class=\"aawp-product__image-link\"\n           href=\"https:\/\/www.amazon.de\/dp\/B01LZGWLH8?tag=edraegerpho06-21&linkCode=ogi&th=1&psc=1\" title=\"Olympus FL-900R Blitzger\u00e4t f\u00fcr OM-D und PEN-Modelle\" rel=\"nofollow noopener sponsored\" target=\"_blank\">\n            <img decoding=\"async\" class=\"aawp-product__image\" src=\"https:\/\/erikdraeger.com\/ratgeber\/wp-content\/plugins\/aawp\/public\/image.php?url=YUhSMGNITTZMeTl0TG0xbFpHbGhMV0Z0WVhwdmJpNWpiMjB2YVcxaFoyVnpMMGt2TXpFM1RsSkVRMnhuWkV3dVgxTk1NVFl3WHk1cWNHYz18MTc3NzYyMjg2Mw=\" alt=\"Olympus FL-900R Blitzger\u00e4t f\u00fcr OM-D und PEN-Modelle\"  \/>\n        <\/a>\n\n            <\/div>\n\n    <div class=\"aawp-product__content\">\n        <a class=\"aawp-product__title\" href=\"https:\/\/www.amazon.de\/dp\/B01LZGWLH8?tag=edraegerpho06-21&linkCode=ogi&th=1&psc=1\" title=\"Olympus FL-900R Blitzger\u00e4t f\u00fcr OM-D und PEN-Modelle\" rel=\"nofollow noopener sponsored\" target=\"_blank\">\n            Olympus FL-900R Blitzger\u00e4t f\u00fcr OM-D und PEN-Modelle        <\/a>\n        <div class=\"aawp-product__description\">\n            <ul><li>Leitzahl 58 bei ISO 100, Hohe Intensit\u00e4t mit High-Speed-Serienaufnahme-Kompatibilit\u00e4t<\/li><li>Staub-, spritzwassergesch\u00fctzt & frostsicher<\/li><li>unterst\u00fctzt Focus Bracketing und Focus Stacking, LED f\u00fcr anspruchsvolle Video-Beleuchtung (100 Lux bei 1m)<\/li><li>Bedienerfreundliches Einstellrad und Pfeiltasten<\/li><li>Olympus FL-900R Blitzger\u00e4t, Flash-Stand (FLST-1), Bounce-Adapter, Infrarotfilter, Blitzh\u00fclle, Bedienungsanleitung, Olympus Garantiekarte<\/li><\/ul>        <\/div>\n    <\/div>\n\n    <div class=\"aawp-product__footer\">\n\n        <div class=\"aawp-product__pricing\">\n            \n            \n                    <\/div>\n\n                <a class=\"aawp-button aawp-button--buy rounded aawp-button--icon aawp-button--icon-amazon-black\" href=\"https:\/\/www.amazon.de\/dp\/B01LZGWLH8?tag=edraegerpho06-21&#038;linkCode=ogi&#038;th=1&#038;psc=1\" title=\"Bei Amazon ansehen\" target=\"_blank\" rel=\"nofollow noopener sponsored\">Bei Amazon ansehen<\/a>\n                    <span class=\"aawp-product__info\"><a href=\"#provisionshinweis\">Provisionshinweis<\/a><\/span>\n            <\/div>\n\n<\/div>\n\n    \n<\/div>\n\n\n\n\n<h2 class=\"wp-block-heading\">Fernausl\u00f6ser<\/h2>\n\n\n\n<pre class=\"wp-block-preformatted\">Hier findest du die zur Kamera passenden <strong>Fernausl\u00f6ser<\/strong>.<\/pre>\n\n\n\n<div class=\"aawp\">\n\n            \n            \n<div class=\"aawp-product aawp-product--horizontal aawp-product--inline-info\"  data-aawp-product-asin=\"B01M5IBQJ5\" data-aawp-product-id=\"245816\" data-aawp-tracking-id=\"edraegerpho06-21\" data-aawp-product-title=\"Olympus RM-CB2 Remotekabel f\u00fcr E-M1 Mark II schwarz\">\n\n    \n    <div class=\"aawp-product__thumb\">\n        <a class=\"aawp-product__image-link\"\n           href=\"https:\/\/www.amazon.de\/dp\/B01M5IBQJ5?tag=edraegerpho06-21&linkCode=ogi&th=1&psc=1\" title=\"Olympus RM-CB2 Remotekabel f\u00fcr E-M1 Mark II schwarz\" rel=\"nofollow noopener sponsored\" target=\"_blank\">\n            <img decoding=\"async\" class=\"aawp-product__image\" src=\"https:\/\/erikdraeger.com\/ratgeber\/wp-content\/plugins\/aawp\/public\/image.php?url=YUhSMGNITTZMeTl0TG0xbFpHbGhMV0Z0WVhwdmJpNWpiMjB2YVcxaFoyVnpMMGt2TkRGU2EyVTRXRmg1V1V3dVgxTk1NVFl3WHk1cWNHYz18MTc3NzYyMjg2Mw=\" alt=\"Olympus RM-CB2 Remotekabel f\u00fcr E-M1 Mark II schwarz\"  \/>\n        <\/a>\n\n            <\/div>\n\n    <div class=\"aawp-product__content\">\n        <a class=\"aawp-product__title\" href=\"https:\/\/www.amazon.de\/dp\/B01M5IBQJ5?tag=edraegerpho06-21&linkCode=ogi&th=1&psc=1\" title=\"Olympus RM-CB2 Remotekabel f\u00fcr E-M1 Mark II schwarz\" rel=\"nofollow noopener sponsored\" target=\"_blank\">\n            Olympus RM-CB2 Remotekabel f\u00fcr E-M1 Mark II schwarz        <\/a>\n        <div class=\"aawp-product__description\">\n            <ul><li>F\u00fcr komfortablere Aufnahmen mit langer Belichtungszeit<\/li><li>F\u00fcr verwacklungsfreie Aufnahmen<\/li><li>Sperrt den Ausl\u00f6ser f\u00fcr Langzeitbelichtung<\/li><li>Bajonettverschluss<\/li><li>Lieferumfang : RM-CB2 Remotekabel<\/li><\/ul>        <\/div>\n    <\/div>\n\n    <div class=\"aawp-product__footer\">\n\n        <div class=\"aawp-product__pricing\">\n            \n            \n                    <\/div>\n\n                <a class=\"aawp-button aawp-button--buy rounded aawp-button--icon aawp-button--icon-amazon-black\" href=\"https:\/\/www.amazon.de\/dp\/B01M5IBQJ5?tag=edraegerpho06-21&#038;linkCode=ogi&#038;th=1&#038;psc=1\" title=\"Bei Amazon ansehen\" target=\"_blank\" rel=\"nofollow noopener sponsored\">Bei Amazon ansehen<\/a>\n                    <span class=\"aawp-product__info\"><a href=\"#provisionshinweis\">Provisionshinweis<\/a><\/span>\n            <\/div>\n\n<\/div>\n\n            \n            \n<div class=\"aawp-product aawp-product--horizontal aawp-product--inline-info\"  data-aawp-product-asin=\"B091HSWWW6\" data-aawp-product-id=\"245817\" data-aawp-tracking-id=\"edraegerpho06-21\" data-aawp-product-title=\"JJC Kabelloser Fernausl\u00f6ser mit Kabel Intervalometer Timer f\u00fcr Olympus OM System OM-5 Mark II OM-5 OM-1 OM-D E-M5 Mark III E-M1 Mark III E-M1 Mark II E-M1X ersetzt Olympus RM-CB2 Fernschalter\">\n\n    \n    <div class=\"aawp-product__thumb\">\n        <a class=\"aawp-product__image-link\"\n           href=\"https:\/\/www.amazon.de\/dp\/B091HSWWW6?tag=edraegerpho06-21&linkCode=ogi&th=1&psc=1\" title=\"JJC Kabelloser Fernausl\u00f6ser mit Kabel, Intervalometer Timer f\u00fcr Olympus OM System OM-5 Mark II...\" rel=\"nofollow noopener sponsored\" target=\"_blank\">\n            <img decoding=\"async\" class=\"aawp-product__image\" src=\"https:\/\/erikdraeger.com\/ratgeber\/wp-content\/plugins\/aawp\/public\/image.php?url=YUhSMGNITTZMeTl0TG0xbFpHbGhMV0Z0WVhwdmJpNWpiMjB2YVcxaFoyVnpMMGt2TkRGa2F6ZE1hRkExYUZNdVgxTk1NVFl3WHk1cWNHYz18MTc3NzYyMjg2Mw=\" alt=\"JJC Kabelloser Fernausl\u00f6ser mit Kabel, Intervalometer Timer f\u00fcr Olympus OM System OM-5 Mark II...\"  \/>\n        <\/a>\n\n            <\/div>\n\n    <div class=\"aawp-product__content\">\n        <a class=\"aawp-product__title\" href=\"https:\/\/www.amazon.de\/dp\/B091HSWWW6?tag=edraegerpho06-21&linkCode=ogi&th=1&psc=1\" title=\"JJC Kabelloser Fernausl\u00f6ser mit Kabel, Intervalometer Timer f\u00fcr Olympus OM System OM-5 Mark II...\" rel=\"nofollow noopener sponsored\" target=\"_blank\">\n            JJC Kabelloser Fernausl\u00f6ser mit Kabel, Intervalometer Timer f\u00fcr Olympus OM System OM-5 Mark II...        <\/a>\n        <div class=\"aawp-product__description\">\n            <ul><li>\u3010Verkabelt & Kabellos\u3011 Die Fernbedienung verf\u00fcgt \u00fcber kabelgebundene und drahtlose Funktionen, um Ihre spezifischen Bed\u00fcrfnisse besser zu erf\u00fcllen. Kabellose Fernbedienung: arbeitet mit 2,4 GHz Frequenz, Reichweite ca. 100 m, 56 Kan\u00e4le, kann leistungsstarke Anti-Interferenz andere \u00e4hnliche Ger\u00e4te haben. Kabelgebundener Ausl\u00f6ser: Verwenden Sie das mitgelieferte gebogene Kabel, um Ihre Kamera anzuschlie\u00dfen, Kabell\u00e4nge: ca. 25 cm (gerade bis zu 1 m).<\/li><li>\u3010Mehrere Timer-Modi\u3011 Ausgestattet f\u00fcr eine lange Liste von Timer-Funktionen: Selbstausl\u00f6ser, Langzeitbelichtungs-Timer, Intervall-Timer, Steuerung der Anzahl der Aufnahmen sowie Multi-Belichtungs-Timer.<\/li><li>\u3010Hervorragende Leistung\u3011 Humanisierte Hintergrundbeleuchtung erm\u00f6glicht es Ihnen, die Zeit des LCD-Bildschirms im Dunkeln zu sehen. Erm\u00f6glicht das Einstellen von 9 Sets verschiedener Belichtungszeiten und Aufnahme von Belichtungen bis zu 99 Stunden, 59 Minuten und 59 Sekunden, die Anzahl der Belichtungen kann bis zu 999 oder unbegrenzt sein.<\/li><li>\u3010Kompatibilit\u00e4t\u3011 Geeignet f\u00fcr Olympus OM SYSTEM OM-5 Mark II \/ OM SYSTEM OM-5 \/ OM SYSTEM OM-1 \/ OM-D E-M1X \/ OM-D E-M1 Mark II \/ OM-D E-M1 Mark III \/ OM-D E-M5 Mark III, ersetzen Olympus RM-CB2. Verf\u00fcgbar, um Kameras und Modelle verschiedener Marken zu steuern, indem Sie verschiedene Kamera-Verbindungskabel wechseln (separat erh\u00e4ltlich).<\/li><li>\u3010Anwendbare Szene\u3011Die Timer-Fernbedienung kann verwendet werden, um astronomische Ph\u00e4nomene, Landschaften und das t\u00e4gliche Leben zu schie\u00dfen. Besonders geeignet f\u00fcr Zeitraffer-Fotografie, wie Blumen bl\u00fchen, Sonnenuntergang, Mondaufgang und Langzeitbelichtung.<\/li><\/ul>        <\/div>\n    <\/div>\n\n    <div class=\"aawp-product__footer\">\n\n        <div class=\"aawp-product__pricing\">\n            \n            \n                    <\/div>\n\n                <a class=\"aawp-button aawp-button--buy rounded aawp-button--icon aawp-button--icon-amazon-black\" href=\"https:\/\/www.amazon.de\/dp\/B091HSWWW6?tag=edraegerpho06-21&#038;linkCode=ogi&#038;th=1&#038;psc=1\" title=\"Bei Amazon ansehen\" target=\"_blank\" rel=\"nofollow noopener sponsored\">Bei Amazon ansehen<\/a>\n                    <span class=\"aawp-product__info\"><a href=\"#provisionshinweis\">Provisionshinweis<\/a><\/span>\n            <\/div>\n\n<\/div>\n\n            \n            \n<div class=\"aawp-product aawp-product--horizontal aawp-product--inline-info\"  data-aawp-product-asin=\"B07XYTC4BS\" data-aawp-product-id=\"245711\" data-aawp-tracking-id=\"edraegerpho06-21\" data-aawp-product-title=\"JJC JM-J2 Kabelloser Fernausl\u00f6ser Fernbedienung f\u00fcr OM System OM-1 Mark II OM-1 OM-5 OM-D E-M5 Mark III E-M1 Mark III E-M1 Mark II &amp; OM-D E-M1X RM-CB2 Controller Ersatz\">\n\n    \n    <div class=\"aawp-product__thumb\">\n        <a class=\"aawp-product__image-link\"\n           href=\"https:\/\/www.amazon.de\/dp\/B07XYTC4BS?tag=edraegerpho06-21&linkCode=ogi&th=1&psc=1\" title=\"JJC JM-J2 Kabelloser Fernausl\u00f6ser Fernbedienung f\u00fcr OM System OM-1 Mark II OM-1 OM-5 OM-D E-M...\" rel=\"nofollow noopener sponsored\" target=\"_blank\">\n            <img decoding=\"async\" class=\"aawp-product__image\" src=\"https:\/\/erikdraeger.com\/ratgeber\/wp-content\/plugins\/aawp\/public\/image.php?url=YUhSMGNITTZMeTl0TG0xbFpHbGhMV0Z0WVhwdmJpNWpiMjB2YVcxaFoyVnpMMGt2TlRGYVppMDJRM1JXY1V3dVgxTk1NVFl3WHk1cWNHYz18MTc3NzYyMjg2Mw=\" alt=\"JJC JM-J2 Kabelloser Fernausl\u00f6ser Fernbedienung f\u00fcr OM System OM-1 Mark II OM-1 OM-5 OM-D E-M...\"  \/>\n        <\/a>\n\n            <\/div>\n\n    <div class=\"aawp-product__content\">\n        <a class=\"aawp-product__title\" href=\"https:\/\/www.amazon.de\/dp\/B07XYTC4BS?tag=edraegerpho06-21&linkCode=ogi&th=1&psc=1\" title=\"JJC JM-J2 Kabelloser Fernausl\u00f6ser Fernbedienung f\u00fcr OM System OM-1 Mark II OM-1 OM-5 OM-D E-M...\" rel=\"nofollow noopener sponsored\" target=\"_blank\">\n            JJC JM-J2 Kabelloser Fernausl\u00f6ser Fernbedienung f\u00fcr OM System OM-1 Mark II OM-1 OM-5 OM-D E-M...        <\/a>\n        <div class=\"aawp-product__description\">\n            <ul><li>433 MHz, 16 Kan\u00e4le, MAX. Steuerabstand bis zu 30 Meter, kommt mit dem Kabel Ersatz f\u00fcr Olympus RM-CB2, passt f\u00fcr verschiedene Kameras durch Austausch von JJC Ausl\u00f6serkabeln.<\/li><li>Ausl\u00f6ser bei f\u00fcnf Modi: Einzelaufnahme, 5 Sekunden Verz\u00f6gerungsaufnahme, 3 kontinuierliche Aufnahmen, unbegrenzte kontinuierliche Aufnahmen und Gl\u00fchbirnenaufnahme. (Bitte beachten Sie die Anleitung f\u00fcr detaillierte Bedienung)<\/li><li>Kompatibel mit Kamera f\u00fcr OM SYSTEM OM-1 Mark II, OM-1 OM-5, OM-D E-M1 Mark II, E-M1 Mark III, E-M5 Mark III, E-M1X.<\/li><li>Der Empf\u00e4nger selbst mit dem Anschlusskabel kann als kabelgebundene Fernbedienung verwendet werden, dann halb dr\u00fccken, um zu fokussieren, voll dr\u00fccken, um ein Foto zu machen. Sender kann mehrere Empf\u00e4nger gleichzeitig ausl\u00f6sen. 1\/4-Zoll-20 Stativhalterung an der Unterseite des Empf\u00e4ngers zur Montage auf einem Stativ.<\/li><li>Der Sender wird mit 1 x 23 A Batterie betrieben und der Empf\u00e4nger wird mit 1 x AAA Alkaline-Batterie betrieben (im Lieferumfang enthalten).<\/li><\/ul>        <\/div>\n    <\/div>\n\n    <div class=\"aawp-product__footer\">\n\n        <div class=\"aawp-product__pricing\">\n            \n            \n                    <\/div>\n\n                <a class=\"aawp-button aawp-button--buy rounded aawp-button--icon aawp-button--icon-amazon-black\" href=\"https:\/\/www.amazon.de\/dp\/B07XYTC4BS?tag=edraegerpho06-21&#038;linkCode=ogi&#038;th=1&#038;psc=1\" title=\"Bei Amazon ansehen\" target=\"_blank\" rel=\"nofollow noopener sponsored\">Bei Amazon ansehen<\/a>\n                    <span class=\"aawp-product__info\"><a href=\"#provisionshinweis\">Provisionshinweis<\/a><\/span>\n            <\/div>\n\n<\/div>\n\n    \n<\/div>\n\n\n\n\n<h2 class=\"wp-block-heading\">Kamerataschen &amp; Rucks\u00e4cke <\/h2>\n\n\n\n<pre class=\"wp-block-preformatted\">Hier ist eine \u00dcbersicht von empfehlenswerten <strong>Kamerataschen &amp; Rucks\u00e4cken<\/strong> f\u00fcr die Kamera. <\/pre>\n\n\n\n<div class=\"aawp\">\n\n            \n            \n<div class=\"aawp-product aawp-product--horizontal aawp-product--inline-info\"  data-aawp-product-asin=\"B08426BYBY\" data-aawp-product-id=\"245818\" data-aawp-tracking-id=\"edraegerpho06-21\" data-aawp-product-title=\"MegaGear MG1865 Ever Ready Kameratasche f\u00fcr Olympus OM-D E-M5 Mark III Echtleder Braun\">\n\n    \n    <div class=\"aawp-product__thumb\">\n        <a class=\"aawp-product__image-link\"\n           href=\"https:\/\/www.amazon.de\/dp\/B08426BYBY?tag=edraegerpho06-21&linkCode=ogi&th=1&psc=1\" title=\"MegaGear MG1865 Ever Ready Kameratasche f\u00fcr Olympus OM-D E-M5 Mark III, Echtleder, Braun\" rel=\"nofollow noopener sponsored\" target=\"_blank\">\n            <img decoding=\"async\" class=\"aawp-product__image\" src=\"https:\/\/erikdraeger.com\/ratgeber\/wp-content\/plugins\/aawp\/public\/image.php?url=YUhSMGNITTZMeTl0TG0xbFpHbGhMV0Z0WVhwdmJpNWpiMjB2YVcxaFoyVnpMMGt2TkRGMGJXUnFPRVZzZDB3dVgxTk1NVFl3WHk1cWNHYz18MTc3NzYyMjg2Mw=\" alt=\"MegaGear MG1865 Ever Ready Kameratasche f\u00fcr Olympus OM-D E-M5 Mark III, Echtleder, Braun\"  \/>\n        <\/a>\n\n            <\/div>\n\n    <div class=\"aawp-product__content\">\n        <a class=\"aawp-product__title\" href=\"https:\/\/www.amazon.de\/dp\/B08426BYBY?tag=edraegerpho06-21&linkCode=ogi&th=1&psc=1\" title=\"MegaGear MG1865 Ever Ready Kameratasche f\u00fcr Olympus OM-D E-M5 Mark III, Echtleder, Braun\" rel=\"nofollow noopener sponsored\" target=\"_blank\">\n            MegaGear MG1865 Ever Ready Kameratasche f\u00fcr Olympus OM-D E-M5 Mark III, Echtleder, Braun        <\/a>\n        <div class=\"aawp-product__description\">\n            <ul><li>Hochwertige Abmessungen<\/li><li>Langlebig<\/li><li>Flexible Gestaltung<\/li><li>Die besten Produkte<\/li><\/ul>        <\/div>\n    <\/div>\n\n    <div class=\"aawp-product__footer\">\n\n        <div class=\"aawp-product__pricing\">\n            \n            \n            <img loading=\"lazy\" decoding=\"async\" src=\"https:\/\/erikdraeger.com\/ratgeber\/wp-content\/plugins\/aawp\/assets\/img\/icon-check-prime.svg\" height=\"16\" width=\"55\" alt=\"Amazon Prime\" \/>        <\/div>\n\n                <a class=\"aawp-button aawp-button--buy rounded aawp-button--icon aawp-button--icon-amazon-black\" href=\"https:\/\/www.amazon.de\/dp\/B08426BYBY?tag=edraegerpho06-21&#038;linkCode=ogi&#038;th=1&#038;psc=1\" title=\"Bei Amazon ansehen\" target=\"_blank\" rel=\"nofollow noopener sponsored\">Bei Amazon ansehen<\/a>\n                    <span class=\"aawp-product__info\"><a href=\"#provisionshinweis\">Provisionshinweis<\/a><\/span>\n            <\/div>\n\n<\/div>\n\n            \n            \n<div class=\"aawp-product aawp-product--horizontal aawp-product--inline-info\"  data-aawp-product-asin=\"B01DT0E7A6\" data-aawp-product-id=\"246970\" data-aawp-tracking-id=\"edraegerpho06-21\" data-aawp-product-title=\"Bodyguard DSLR\/DSLM Kamera Tasche mit Zubeh\u00f6rf\u00e4chern I Schutz gegen St\u00f6\u00dfe &amp; Wetter I F\u00fcr Bridge- &amp; Systemkamera I Komfortabler Tragegurt I Schwarz\">\n\n    \n    <div class=\"aawp-product__thumb\">\n        <a class=\"aawp-product__image-link\"\n           href=\"https:\/\/www.amazon.de\/dp\/B01DT0E7A6?tag=edraegerpho06-21&linkCode=ogi&th=1&psc=1\" title=\"Bodyguard DSLR\/DSLM Kamera Tasche mit Zubeh\u00f6rf\u00e4chern I Schutz gegen St\u00f6\u00dfe & Wetter I F\u00fcr...\" rel=\"nofollow noopener sponsored\" target=\"_blank\">\n            <img decoding=\"async\" class=\"aawp-product__image\" src=\"https:\/\/erikdraeger.com\/ratgeber\/wp-content\/plugins\/aawp\/public\/image.php?url=YUhSMGNITTZMeTl0TG0xbFpHbGhMV0Z0WVhwdmJpNWpiMjB2YVcxaFoyVnpMMGt2TkRGMmREbEhkMmhXV0V3dVgxTk1NVFl3WHk1cWNHYz18MTc3NzYyMjg2Mw=\" alt=\"Bodyguard DSLR\/DSLM Kamera Tasche mit Zubeh\u00f6rf\u00e4chern I Schutz gegen St\u00f6\u00dfe & Wetter I F\u00fcr...\"  \/>\n        <\/a>\n\n            <\/div>\n\n    <div class=\"aawp-product__content\">\n        <a class=\"aawp-product__title\" href=\"https:\/\/www.amazon.de\/dp\/B01DT0E7A6?tag=edraegerpho06-21&linkCode=ogi&th=1&psc=1\" title=\"Bodyguard DSLR\/DSLM Kamera Tasche mit Zubeh\u00f6rf\u00e4chern I Schutz gegen St\u00f6\u00dfe & Wetter I F\u00fcr...\" rel=\"nofollow noopener sponsored\" target=\"_blank\">\n            Bodyguard DSLR\/DSLM Kamera Tasche mit Zubeh\u00f6rf\u00e4chern I Schutz gegen St\u00f6\u00dfe & Wetter I F\u00fcr...        <\/a>\n        <div class=\"aawp-product__description\">\n            <ul><li>Premium Materialien: Diese Kamera-Tasche besteht aus hochwertigen Materialien und sorgt dadurch f\u00fcr eine lange Lebensdauer. Sie erhalten beste Qualit\u00e4t f\u00fcr einen fairen Preis.<\/li><li>Maximaler Schutz: Gut gepolsterte Innenf\u00e4cher sch\u00fctzen Ihre Kamera und Zubeh\u00f6r effektiv vor St\u00f6\u00dfen, Schmutz und Regen. Der robuste Rei\u00dfverschluss h\u00e4lt alles sicher unter Verschluss.<\/li><li>Einfache Handhabung: Der praktische Doppelrei\u00dfverschluss erm\u00f6glicht schnelles \u00d6ffnen und Schlie\u00dfen. Ihre DSLR oder DSLM Kamera ist jederzeit griffbereit ohne Zeitverlust.<\/li><li>Bequemer Transport: Mit dem leichten Design und dem gepolsterten Schultergurt ist diese Tasche angenehm zu tragen, selbst \u00fcber l\u00e4ngere Strecken. Ideal f\u00fcr unterwegs.<\/li><li>Vielseitige Anwendung: Diese Tasche ist perfekt geeignet f\u00fcr Bridge- und Systemkameras und bietet ausreichend Platz f\u00fcr weiteres Zubeh\u00f6r. Immer bestens organisiert und gesch\u00fctzt.<\/li><\/ul>        <\/div>\n    <\/div>\n\n    <div class=\"aawp-product__footer\">\n\n        <div class=\"aawp-product__pricing\">\n            \n            \n                    <\/div>\n\n                <a class=\"aawp-button aawp-button--buy rounded aawp-button--icon aawp-button--icon-amazon-black\" href=\"https:\/\/www.amazon.de\/dp\/B01DT0E7A6?tag=edraegerpho06-21&#038;linkCode=ogi&#038;th=1&#038;psc=1\" title=\"Bei Amazon ansehen\" target=\"_blank\" rel=\"nofollow noopener sponsored\">Bei Amazon ansehen<\/a>\n                    <span class=\"aawp-product__info\"><a href=\"#provisionshinweis\">Provisionshinweis<\/a><\/span>\n            <\/div>\n\n<\/div>\n\n            \n            \n<div class=\"aawp-product aawp-product--horizontal aawp-product--ribbon aawp-product--sale aawp-product--inline-info\"  data-aawp-product-asin=\"B0894MLRSQ\" data-aawp-product-id=\"244949\" data-aawp-tracking-id=\"edraegerpho06-21\" data-aawp-product-title=\"DOMISO SLR DSLR Kameratasche Wasserdicht Fototasche Grau\">\n\n    <span class=\"aawp-product__ribbon aawp-product__ribbon--sale\">Angebot<\/span>\n    <div class=\"aawp-product__thumb\">\n        <a class=\"aawp-product__image-link\"\n           href=\"https:\/\/www.amazon.de\/dp\/B0894MLRSQ?tag=edraegerpho06-21&linkCode=ogi&th=1&psc=1\" title=\"DOMISO SLR DSLR Kameratasche Wasserdicht Fototasche, Grau\" rel=\"nofollow noopener sponsored\" target=\"_blank\">\n            <img decoding=\"async\" class=\"aawp-product__image\" src=\"https:\/\/erikdraeger.com\/ratgeber\/wp-content\/plugins\/aawp\/public\/image.php?url=YUhSMGNITTZMeTl0TG0xbFpHbGhMV0Z0WVhwdmJpNWpiMjB2YVcxaFoyVnpMMGt2TlRGUlJYaGhTMWxPV0V3dVgxTk1NVFl3WHk1cWNHYz18MTc3NzYyMjg2Mw=\" alt=\"DOMISO SLR DSLR Kameratasche Wasserdicht Fototasche, Grau\"  \/>\n        <\/a>\n\n            <\/div>\n\n    <div class=\"aawp-product__content\">\n        <a class=\"aawp-product__title\" href=\"https:\/\/www.amazon.de\/dp\/B0894MLRSQ?tag=edraegerpho06-21&linkCode=ogi&th=1&psc=1\" title=\"DOMISO SLR DSLR Kameratasche Wasserdicht Fototasche, Grau\" rel=\"nofollow noopener sponsored\" target=\"_blank\">\n            DOMISO SLR DSLR Kameratasche Wasserdicht Fototasche, Grau        <\/a>\n        <div class=\"aawp-product__description\">\n            <ul><li>Au\u00dfenma\u00dfe: 25 * 19 * 13 cm \/ 9.8 * 7.5 * 5.1 inch;Innenma\u00dfe: 24 * 18 * 12 cm \/ 9.4 * 7.1 * 4.7 inch.<\/li><li>Au\u00dfenmaterial: Doppeltes und wasserabweisendes Au\u00dfenmaterial zum Schutz Ihrer Kamera vor versehentlichem Versch\u00fctten; Innenmaterial: Das Innere mit weichen Flusen und die extra gepolsterte Schaumstoffpolsterung zum Schutz Ihres Ger\u00e4ts vor Kratzern und St\u00f6\u00dfen bieten einen tollen Schutz f\u00fcr die DSLR-Kamera mit Objektiv.<\/li><li>Mit einem verstellbaren Schultergurt betr\u00e4gt die einstellbare L\u00e4nge 70-135cm \uff0827,6-53,1 Zoll). So kann es als Handtasche oder Umh\u00e4ngetasche f\u00fcr Ihre Kamera sein.<\/li><li>Mit zwei verstellbaren Schaumstoffkissen im Inneren k\u00f6nnen Sie verschiedene R\u00e4ume f\u00fcr Ihre Ausr\u00fcstung an Ihre Bed\u00fcrfnisse anpassen. Robuste Rei\u00dfverschl\u00fcsse aus Metall schlie\u00dfen und \u00f6ffnen sich reibungslos, was einen dauerhaften t\u00e4glichen Gebrauch versichert.<\/li><li>Ein Gep\u00e4ckgurt erm\u00f6glicht es der Tasche, auf Gep\u00e4ck\/Koffer einzupassen und \u00fcber das aufrechte Handgriffrohr des Gep\u00e4cks zu gleiten sowie Ihre Reise \u00fcberall bequemer zu gestalten.<\/li><\/ul>        <\/div>\n    <\/div>\n\n    <div class=\"aawp-product__footer\">\n\n        <div class=\"aawp-product__pricing\">\n                                                        \n            \n                    <\/div>\n\n                <a class=\"aawp-button aawp-button--buy rounded aawp-button--icon aawp-button--icon-amazon-black\" href=\"https:\/\/www.amazon.de\/dp\/B0894MLRSQ?tag=edraegerpho06-21&#038;linkCode=ogi&#038;th=1&#038;psc=1\" title=\"Bei Amazon ansehen\" target=\"_blank\" rel=\"nofollow noopener sponsored\">Bei Amazon ansehen<\/a>\n                    <span class=\"aawp-product__info\"><a href=\"#provisionshinweis\">Provisionshinweis<\/a><\/span>\n            <\/div>\n\n<\/div>\n\n    \n<\/div>\n\n\n\n\n<h2 class=\"wp-block-heading\">Empfehlenswerte Stative f\u00fcr die Olympus M5 Mk. III<\/h2>\n\n\n\n<pre class=\"wp-block-preformatted\">Diese <strong>Stative <\/strong>sind passend und empfehlenswert f\u00fcr die Kamera.<\/pre>\n\n\n\n<div class=\"aawp\">\n\n            \n            \n<div class=\"aawp-product aawp-product--horizontal aawp-product--inline-info\"  data-aawp-product-asin=\"B07GWCMDLS\" data-aawp-product-id=\"244340\" data-aawp-tracking-id=\"edraegerpho06-21\" data-aawp-product-title=\"GEEKOTO Kohlefaser Stativ Carbon Kamerastativ 200cm 8X Carbon Fiber Reisestativ Einbeinstativ und 360\u00b0 Panorama Kugelkopf 1\/4\u201d Schnellwechselplatte f\u00fcr DSLR Kamera Video Camcorder Last bis zu 12kg\">\n\n    \n    <div class=\"aawp-product__thumb\">\n        <a class=\"aawp-product__image-link\"\n           href=\"https:\/\/www.amazon.de\/dp\/B07GWCMDLS?tag=edraegerpho06-21&linkCode=ogi&th=1&psc=1\" title=\"GEEKOTO Kohlefaser Stativ Carbon Kamerastativ 200cm, 8X Carbon Fiber Reisestativ Einbeinstativ und...\" rel=\"nofollow noopener sponsored\" target=\"_blank\">\n            <img decoding=\"async\" class=\"aawp-product__image\" src=\"https:\/\/erikdraeger.com\/ratgeber\/wp-content\/plugins\/aawp\/public\/image.php?url=YUhSMGNITTZMeTl0TG0xbFpHbGhMV0Z0WVhwdmJpNWpiMjB2YVcxaFoyVnpMMGt2TkRFNFdVUjFLelF4VDB3dVgxTk1NVFl3WHk1cWNHYz18MTc3NzYyMjg2Mw=\" alt=\"GEEKOTO Kohlefaser Stativ Carbon Kamerastativ 200cm, 8X Carbon Fiber Reisestativ Einbeinstativ und...\"  \/>\n        <\/a>\n\n            <\/div>\n\n    <div class=\"aawp-product__content\">\n        <a class=\"aawp-product__title\" href=\"https:\/\/www.amazon.de\/dp\/B07GWCMDLS?tag=edraegerpho06-21&linkCode=ogi&th=1&psc=1\" title=\"GEEKOTO Kohlefaser Stativ Carbon Kamerastativ 200cm, 8X Carbon Fiber Reisestativ Einbeinstativ und...\" rel=\"nofollow noopener sponsored\" target=\"_blank\">\n            GEEKOTO Kohlefaser Stativ Carbon Kamerastativ 200cm, 8X Carbon Fiber Reisestativ Einbeinstativ und...        <\/a>\n        <div class=\"aawp-product__description\">\n            <ul><li>\u3010Kohlefasermaterial\u3011 Das Reisekamerastativ ist aus robustem Kohlefasermaterial f\u00fcr Fotografie und Videografie robust gebaut. Die Durchmessers\u00e4ulen k\u00f6nnen Kameraausr\u00fcstung mit einem Gewicht von bis zu 26,5 Pfund tragen und bieten optimale Stabilit\u00e4t, um Verwacklungen zu verhindern.<\/li><li>\u3010Faltbares und tragbares Design\u3011 Das kompakte Stativ aus Kohlefaser verf\u00fcgt \u00fcber 3-teilige Beine mit Schnellverschluss-Drehverschl\u00fcssen, die eine H\u00f6henverstellung von 15,75\" bis 65\" in Sekundenschnelle erm\u00f6glichen. Das 3-Winkel-Beinverstellsystem passt sich verschiedenen Aufnahmeanforderungen an. Mit einer 2-stufigen Sicherheitsverriegelung sind Auf- und Abbau reibungslos und m\u00fchelos \u2013 einfach dr\u00fccken, verriegeln und aufnehmen!<\/li><li>\u3010Aufnahmen aus mehreren Winkeln\u3011 Dieses Reisestativ verf\u00fcgt \u00fcber eine leicht umdrehbare und abnehmbare Mittels\u00e4ule, mit der Sie problemlos atemberaubende Aufnahmen aus niedrigen Winkeln machen k\u00f6nnen. Sie k\u00f6nnen damit verschiedene Aufnahmeszenarien in engen Bereichen oder auf unebenem Gel\u00e4nde aufnehmen. Mit dem Panorama-Kugelkopf mit Schnellverschluss k\u00f6nnen Sie m\u00fchelos Fotos aus jedem Winkel aufnehmen. Der Kugelkopf l\u00e4sst sich mit dem D\u00e4mpfungseinstellknopf um 360\u00b0 drehen und um 90\u00b0 neigen, was eine breite Palette von Aufnahmem\u00f6glichkeiten bietet.<\/li><li>\u3010In Einbeinstativ umwandeln\u3011 Das professionelle Stativ in einem Design ist praktisch f\u00fcr Aufnahmen im Freien und eignet sich besonders gut f\u00fcr Reisefotografie. Sie k\u00f6nnen es in ein Einbeinstativ in voller Gr\u00f6\u00dfe umwandeln, indem Sie die Mittels\u00e4ule und das abnehmbare Stativbein zusammenschrauben. Die umkehrbare Mittels\u00e4ule erm\u00f6glicht auch sehr niedrige Aufnahmen und eine hervorragende Makrosteuerung.<\/li><li>\u3010Umfangreiche Kompatibilit\u00e4t\u3011 Das Reisestativ aus Kohlefaser ist mit einer 1\/4-Zoll-Schnellwechselplatte ausgestattet und weitgehend kompatibel mit Canon Nikon Sony DSLR-Kameras, Camcordern, Sportkameras und spiegellosen Kameras, Handyhaltern mit 1\/4-Zoll-Gewindeschraubenloch (Handyhalter nicht im Lieferumfang enthalten) und mehr.<\/li><\/ul>        <\/div>\n    <\/div>\n\n    <div class=\"aawp-product__footer\">\n\n        <div class=\"aawp-product__pricing\">\n            \n            \n                    <\/div>\n\n                <a class=\"aawp-button aawp-button--buy rounded aawp-button--icon aawp-button--icon-amazon-black\" href=\"https:\/\/www.amazon.de\/dp\/B07GWCMDLS?tag=edraegerpho06-21&#038;linkCode=ogi&#038;th=1&#038;psc=1\" title=\"Bei Amazon ansehen\" target=\"_blank\" rel=\"nofollow noopener sponsored\">Bei Amazon ansehen<\/a>\n                    <span class=\"aawp-product__info\"><a href=\"#provisionshinweis\">Provisionshinweis<\/a><\/span>\n            <\/div>\n\n<\/div>\n\n            \n            \n<div class=\"aawp-product aawp-product--horizontal aawp-product--inline-info\"  data-aawp-product-asin=\"B088FP46CJ\" data-aawp-product-id=\"244042\" data-aawp-tracking-id=\"edraegerpho06-21\" data-aawp-product-title=\"K&amp;F Concept Kamera Stativ Tripod mit 360\u00b0Kugelkopf Tragbares Stativ f\u00fcr Canon Nikon Sony und andere DSLR Kameras Aluminium Fotostativ Einbeinstativ K255A4+BH-28L\">\n\n    \n    <div class=\"aawp-product__thumb\">\n        <a class=\"aawp-product__image-link\"\n           href=\"https:\/\/www.amazon.de\/dp\/B088FP46CJ?tag=edraegerpho06-21&linkCode=ogi&th=1&psc=1\" title=\"K&F Concept Kamera Stativ, Tripod mit 360\u00b0Kugelkopf, Tragbares Stativ f\u00fcr Canon Nikon Sony und...\" rel=\"nofollow noopener sponsored\" target=\"_blank\">\n            <img decoding=\"async\" class=\"aawp-product__image\" src=\"https:\/\/erikdraeger.com\/ratgeber\/wp-content\/plugins\/aawp\/public\/image.php?url=YUhSMGNITTZMeTl0TG0xbFpHbGhMV0Z0WVhwdmJpNWpiMjB2YVcxaFoyVnpMMGt2TkRGRFNYTkdiMnR6Y1V3dVgxTk1NVFl3WHk1cWNHYz18MTc3NzYyMjg2Mw=\" alt=\"K&F Concept Kamera Stativ, Tripod mit 360\u00b0Kugelkopf, Tragbares Stativ f\u00fcr Canon Nikon Sony und...\"  \/>\n        <\/a>\n\n            <\/div>\n\n    <div class=\"aawp-product__content\">\n        <a class=\"aawp-product__title\" href=\"https:\/\/www.amazon.de\/dp\/B088FP46CJ?tag=edraegerpho06-21&linkCode=ogi&th=1&psc=1\" title=\"K&F Concept Kamera Stativ, Tripod mit 360\u00b0Kugelkopf, Tragbares Stativ f\u00fcr Canon Nikon Sony und...\" rel=\"nofollow noopener sponsored\" target=\"_blank\">\n            K&F Concept Kamera Stativ, Tripod mit 360\u00b0Kugelkopf, Tragbares Stativ f\u00fcr Canon Nikon Sony und...        <\/a>\n        <div class=\"aawp-product__description\">\n            <ul><li>\u2611[Stabil und Haltbar]: Dieses K&F Concept K255A4 Stativ besteht aus hochwertigen Aluminiumlegierung und ist sehr stark. Der Durchmesser des Beinrohrs betr\u00e4gt 25 mm, tragbarste und stabilste Gr\u00f6\u00dfe. Bietet die stabilste Unterst\u00fctzung f\u00fcr Ihre FotoKamera.<\/li><li>\u2611[Kompakt und Leicht]: Das Gewicht des Reisestativs mit Kugekopf wiegt nur 1500 Gramm. Und die Packma\u00df betr\u00e4gt nur 43 cm, einfach in den Rucksack oder Koffer zu legen.<\/li><li>\u2611[Passte H\u00f6he]: Die maximale H\u00f6he dieses Kamerastativs ist 175 cm, was Sie Schie\u00dfen erleichtert. Die Mindesth\u00f6he von 53cm erf\u00fcllt verschiedene Aufnahme-Umgebungen und Fotografie-Bed\u00fcrfnisse, insbesondere Makrofotografie und Produktfotografie.<\/li><li>\u2611[Einbeinstativ-Funktion]: Dieses Fotostativ kann als Einbeinstativfunktion wechselt werden. Die Max. Arbeitsh\u00f6he des Einbeinstativs betr\u00e4gt 181cm und eignet sich f\u00fcr Sport-Aufnahmen. Es kann auch als Spazierstock oder Bergstock verwendet werden, um das Bergsteigen oder Wandern zu erleichtern.<\/li><li>\u2611[Kugelkopf mit gro\u00dfem Durchmesser]: Der Kugelkopf hat einen Durchmesser von 28 mm und eine Max. Belastung von 10 kg. Das \u00f6lfreie D\u00e4mpfungsdesign erm\u00f6glicht es der Kamera, sich reibungslos und genau zu drehen. Erm\u00f6glicht es Ihnen, kreativer Fotos zu machen.<\/li><\/ul>        <\/div>\n    <\/div>\n\n    <div class=\"aawp-product__footer\">\n\n        <div class=\"aawp-product__pricing\">\n            \n            \n            <img loading=\"lazy\" decoding=\"async\" src=\"https:\/\/erikdraeger.com\/ratgeber\/wp-content\/plugins\/aawp\/assets\/img\/icon-check-prime.svg\" height=\"16\" width=\"55\" alt=\"Amazon Prime\" \/>        <\/div>\n\n                <a class=\"aawp-button aawp-button--buy rounded aawp-button--icon aawp-button--icon-amazon-black\" href=\"https:\/\/www.amazon.de\/dp\/B088FP46CJ?tag=edraegerpho06-21&#038;linkCode=ogi&#038;th=1&#038;psc=1\" title=\"Bei Amazon ansehen\" target=\"_blank\" rel=\"nofollow noopener sponsored\">Bei Amazon ansehen<\/a>\n                    <span class=\"aawp-product__info\"><a href=\"#provisionshinweis\">Provisionshinweis<\/a><\/span>\n            <\/div>\n\n<\/div>\n\n            \n            \n<div class=\"aawp-product aawp-product--horizontal aawp-product--inline-info\"  data-aawp-product-asin=\"B00K0P047E\" data-aawp-product-id=\"246269\" data-aawp-tracking-id=\"edraegerpho06-21\" data-aawp-product-title=\"Manfrotto MKCOMPACTACN-BK Compact Action Stativ schwarz\">\n\n    \n    <div class=\"aawp-product__thumb\">\n        <a class=\"aawp-product__image-link\"\n           href=\"https:\/\/www.amazon.de\/dp\/B00K0P047E?tag=edraegerpho06-21&linkCode=ogi&th=1&psc=1\" title=\"Manfrotto MKCOMPACTACN-BK Compact Action Stativ, schwarz\" rel=\"nofollow noopener sponsored\" target=\"_blank\">\n            <img decoding=\"async\" class=\"aawp-product__image\" src=\"https:\/\/erikdraeger.com\/ratgeber\/wp-content\/plugins\/aawp\/public\/image.php?url=YUhSMGNITTZMeTl0TG0xbFpHbGhMV0Z0WVhwdmJpNWpiMjB2YVcxaFoyVnpMMGt2TXpGelVHTjJTRVJxSzB3dVgxTk1NVFl3WHk1cWNHYz18MTc3NzYyMjg2Mw=\" alt=\"Manfrotto MKCOMPACTACN-BK Compact Action Stativ, schwarz\"  \/>\n        <\/a>\n\n            <\/div>\n\n    <div class=\"aawp-product__content\">\n        <a class=\"aawp-product__title\" href=\"https:\/\/www.amazon.de\/dp\/B00K0P047E?tag=edraegerpho06-21&linkCode=ogi&th=1&psc=1\" title=\"Manfrotto MKCOMPACTACN-BK Compact Action Stativ, schwarz\" rel=\"nofollow noopener sponsored\" target=\"_blank\">\n            Manfrotto MKCOMPACTACN-BK Compact Action Stativ, schwarz        <\/a>\n        <div class=\"aawp-product__description\">\n            <ul><li>Aluminiumstativ mit 5 Beinsegmenten<\/li><li>Einsteiger-Stativ mit Joystick-besonders auch f\u00fcr Videoaufnahmen mit der Einsteiger-DSLR oder Systemkamera geeignet<\/li><li>Im geschlossenen Zustand mit 45, 3 cm L\u00e4nge und 2 kg Gewicht kompakt und gut transportierbar, mit bis zu 1, 55 m Arbeitsh\u00f6he sogar ideal f\u00fcr alle Standardaufnahmen<\/li><li>Tr\u00e4gt Kameras mit einem Gewicht bis zu 2 kg; Drei verschiedenen Farben erh\u00e4ltlich: schwarz, rot und wei\u00df<\/li><li>Lieferumfang: Manfrotto MKCOMPACTACN-BK Stativ, Tasche, Bedienungsanleitung<\/li><\/ul>        <\/div>\n    <\/div>\n\n    <div class=\"aawp-product__footer\">\n\n        <div class=\"aawp-product__pricing\">\n            \n            \n                    <\/div>\n\n                <a class=\"aawp-button aawp-button--buy rounded aawp-button--icon aawp-button--icon-amazon-black\" href=\"https:\/\/www.amazon.de\/dp\/B00K0P047E?tag=edraegerpho06-21&#038;linkCode=ogi&#038;th=1&#038;psc=1\" title=\"Bei Amazon ansehen\" target=\"_blank\" rel=\"nofollow noopener sponsored\">Bei Amazon ansehen<\/a>\n                    <span class=\"aawp-product__info\"><a href=\"#provisionshinweis\">Provisionshinweis<\/a><\/span>\n            <\/div>\n\n<\/div>\n\n    \n<\/div>\n\n\n\n\n<h2 class=\"wp-block-heading\">Speicherkarten<\/h2>\n\n\n\n<pre class=\"wp-block-preformatted\">Diese <strong>Speicherkarten <\/strong>sind passend f\u00fcr die Kamera und sind bei anderen Fotografen beliebt.<\/pre>\n\n\n\n<div class=\"aawp\">\n\n            \n            \n<div class=\"aawp-product aawp-product--horizontal aawp-product--ribbon aawp-product--sale aawp-product--inline-info\"  data-aawp-product-asin=\"B07H9DVLBB\" data-aawp-product-id=\"243642\" data-aawp-tracking-id=\"edraegerpho06-21\" data-aawp-product-title=\"SanDisk Extreme PRO 128GB SDXC Memory Card up to 170MB\/s UHS-1 Class 10 U3 V30\">\n\n    <span class=\"aawp-product__ribbon aawp-product__ribbon--sale\">Angebot<\/span>\n    <div class=\"aawp-product__thumb\">\n        <a class=\"aawp-product__image-link\"\n           href=\"https:\/\/www.amazon.de\/dp\/B07H9DVLBB?tag=edraegerpho06-21&linkCode=ogi&th=1&psc=1\" title=\"SanDisk Extreme PRO 128GB SDXC Memory Card up to 170MB\/s, UHS-1, Class 10, U3, V30\" rel=\"nofollow noopener sponsored\" target=\"_blank\">\n            <img decoding=\"async\" class=\"aawp-product__image\" src=\"https:\/\/erikdraeger.com\/ratgeber\/wp-content\/plugins\/aawp\/public\/image.php?url=YUhSMGNITTZMeTl0TG0xbFpHbGhMV0Z0WVhwdmJpNWpiMjB2YVcxaFoyVnpMMGt2TkRFNGRsQnZaMUZ6UkV3dVgxTk1NVFl3WHk1cWNHYz18MTc3NzYyMjg2Mw=\" alt=\"SanDisk Extreme PRO 128GB SDXC Memory Card up to 170MB\/s, UHS-1, Class 10, U3, V30\"  \/>\n        <\/a>\n\n            <\/div>\n\n    <div class=\"aawp-product__content\">\n        <a class=\"aawp-product__title\" href=\"https:\/\/www.amazon.de\/dp\/B07H9DVLBB?tag=edraegerpho06-21&linkCode=ogi&th=1&psc=1\" title=\"SanDisk Extreme PRO 128GB SDXC Memory Card up to 170MB\/s, UHS-1, Class 10, U3, V30\" rel=\"nofollow noopener sponsored\" target=\"_blank\">\n            SanDisk Extreme PRO 128GB SDXC Memory Card up to 170MB\/s, UHS-1, Class 10, U3, V30        <\/a>\n        <div class=\"aawp-product__description\">\n            <ul><li>Professionelle Leistung f\u00fcr schnelle Aufnahmen und 4K UHD Videos mit der SanDisk Speicherkarte; Im Lieferumfang inbegriffen ist die 2-j\u00e4hrige Nutzung der Software RescuePRO Deluxe zur Wiederherstellung von versehentlich gel\u00f6schten Bildern<\/li><li>Dank der schnellen \u00dcbertragung von bis zu 170 MB\/s warten Sie nicht mehr lange, w\u00e4hrend Ihre Bilder und Videos auf Ihre SD Karte oder von Ihrer SD Karte auf den Computer \u00fcbertragen werden<\/li><li>Machen Sie verlustfreie Videoaufzeichnungen dank UHS Speed Klasse 3 (U3) und Video Speed Klasse 30 (V30) mit der SD Karte f\u00fcr Kamera<\/li><li>Die SDXC Speicherkarte ist f\u00fcr extreme Bedingungen ausgelegt und ist dazu temperaturbest\u00e4ndig, wasserdicht, sto\u00dffest und r\u00f6ntgensicher<\/li><li>Lieferumfang: SanDisk Extreme PRO SDXC UHS-I Speicherkarte 128 GB (V30, \u00dcbertragungsgeschwindigkeit 170 MB\/s, U3, 4K UHD Videos, temperaturbest\u00e4ndig)<\/li><\/ul>        <\/div>\n    <\/div>\n\n    <div class=\"aawp-product__footer\">\n\n        <div class=\"aawp-product__pricing\">\n                                                        \n            \n                    <\/div>\n\n                <a class=\"aawp-button aawp-button--buy rounded aawp-button--icon aawp-button--icon-amazon-black\" href=\"https:\/\/www.amazon.de\/dp\/B07H9DVLBB?tag=edraegerpho06-21&#038;linkCode=ogi&#038;th=1&#038;psc=1\" title=\"Bei Amazon ansehen\" target=\"_blank\" rel=\"nofollow noopener sponsored\">Bei Amazon ansehen<\/a>\n                    <span class=\"aawp-product__info\"><a href=\"#provisionshinweis\">Provisionshinweis<\/a><\/span>\n            <\/div>\n\n<\/div>\n\n    \n<\/div>\n\n\n\n\n<h2 class=\"wp-block-heading\">Displayschutzfolien<\/h2>\n\n\n\n<pre class=\"wp-block-preformatted\">Diese <strong>Displayschutzfolien <\/strong>sind f\u00fcr die Olympus M5 III geeignet.<\/pre>\n\n\n\n<div class=\"aawp\">\n\n            \n            \n<div class=\"aawp-product aawp-product--horizontal aawp-product--inline-info\"  data-aawp-product-asin=\"B084VQVRM9\" data-aawp-product-id=\"245819\" data-aawp-tracking-id=\"edraegerpho06-21\" data-aawp-product-title=\"SWIDO Schutzfolie f\u00fcr Olympus OM-D E-M5 Mark III [2 St\u00fcck] Anti-Reflex MATT Entspiegelnd Hoher H\u00e4rtegrad Schutz vor Kratzer\/Folie Displayschutz Displayschutzfolie Panzerglas-Folie\">\n\n    \n    <div class=\"aawp-product__thumb\">\n        <a class=\"aawp-product__image-link\"\n           href=\"https:\/\/www.amazon.de\/dp\/B084VQVRM9?tag=edraegerpho06-21&linkCode=ogi&th=1&psc=1\" title=\"SWIDO Schutzfolie f\u00fcr Olympus OM-D E-M5 Mark III [2 St\u00fcck] Anti-Reflex MATT Entspiegelnd, Hoher...\" rel=\"nofollow noopener sponsored\" target=\"_blank\">\n            <img decoding=\"async\" class=\"aawp-product__image\" src=\"https:\/\/erikdraeger.com\/ratgeber\/wp-content\/plugins\/aawp\/public\/image.php?url=YUhSMGNITTZMeTl0TG0xbFpHbGhMV0Z0WVhwdmJpNWpiMjB2YVcxaFoyVnpMMGt2TkRGMWJWcElSVGxwVmt3dVgxTk1NVFl3WHk1cWNHYz18MTc3NzYyMjg2NA=\" alt=\"SWIDO Schutzfolie f\u00fcr Olympus OM-D E-M5 Mark III [2 St\u00fcck] Anti-Reflex MATT Entspiegelnd, Hoher...\"  \/>\n        <\/a>\n\n            <\/div>\n\n    <div class=\"aawp-product__content\">\n        <a class=\"aawp-product__title\" href=\"https:\/\/www.amazon.de\/dp\/B084VQVRM9?tag=edraegerpho06-21&linkCode=ogi&th=1&psc=1\" title=\"SWIDO Schutzfolie f\u00fcr Olympus OM-D E-M5 Mark III [2 St\u00fcck] Anti-Reflex MATT Entspiegelnd, Hoher...\" rel=\"nofollow noopener sponsored\" target=\"_blank\">\n            SWIDO Schutzfolie f\u00fcr Olympus OM-D E-M5 Mark III [2 St\u00fcck] Anti-Reflex MATT Entspiegelnd, Hoher...        <\/a>\n        <div class=\"aawp-product__description\">\n                    <\/div>\n    <\/div>\n\n    <div class=\"aawp-product__footer\">\n\n        <div class=\"aawp-product__pricing\">\n            \n            \n                    <\/div>\n\n                <a class=\"aawp-button aawp-button--buy rounded aawp-button--icon aawp-button--icon-amazon-black\" href=\"https:\/\/www.amazon.de\/dp\/B084VQVRM9?tag=edraegerpho06-21&#038;linkCode=ogi&#038;th=1&#038;psc=1\" title=\"Bei Amazon ansehen\" target=\"_blank\" rel=\"nofollow noopener sponsored\">Bei Amazon ansehen<\/a>\n                    <span class=\"aawp-product__info\"><a href=\"#provisionshinweis\">Provisionshinweis<\/a><\/span>\n            <\/div>\n\n<\/div>\n\n    \n<\/div>\n\n\n\n\n<h2 class=\"wp-block-heading\">B\u00fccher &amp; Lekt\u00fcre<\/h2>\n\n\n\n<div class=\"aawp\">\n\n            \n            \n<div class=\"aawp-product aawp-product--horizontal aawp-product--inline-info\"  data-aawp-product-asin=\"3941761773\" data-aawp-product-id=\"245820\" data-aawp-tracking-id=\"edraegerpho06-21\" data-aawp-product-title=\"OLYMPUS OM-D E-M5 Mark III Das Buch zur Kamera\">\n\n    \n    <div class=\"aawp-product__thumb\">\n        <a class=\"aawp-product__image-link\"\n           href=\"https:\/\/www.amazon.de\/dp\/3941761773?tag=edraegerpho06-21&linkCode=ogi&th=1&psc=1\" title=\"OLYMPUS OM-D E-M5 Mark III Das Buch zur Kamera\" rel=\"nofollow noopener sponsored\" target=\"_blank\">\n            <img decoding=\"async\" class=\"aawp-product__image\" src=\"https:\/\/erikdraeger.com\/ratgeber\/wp-content\/plugins\/aawp\/public\/image.php?url=YUhSMGNITTZMeTl0TG0xbFpHbGhMV0Z0WVhwdmJpNWpiMjB2YVcxaFoyVnpMMGt2TkRGTFQybFJiVEZYTVV3dVgxTk1NVFl3WHk1cWNHYz18MTc3NzYyMjg2NA=\" alt=\"OLYMPUS OM-D E-M5 Mark III Das Buch zur Kamera\"  \/>\n        <\/a>\n\n            <\/div>\n\n    <div class=\"aawp-product__content\">\n        <a class=\"aawp-product__title\" href=\"https:\/\/www.amazon.de\/dp\/3941761773?tag=edraegerpho06-21&linkCode=ogi&th=1&psc=1\" title=\"OLYMPUS OM-D E-M5 Mark III Das Buch zur Kamera\" rel=\"nofollow noopener sponsored\" target=\"_blank\">\n            OLYMPUS OM-D E-M5 Mark III Das Buch zur Kamera        <\/a>\n        <div class=\"aawp-product__description\">\n                    <\/div>\n    <\/div>\n\n    <div class=\"aawp-product__footer\">\n\n        <div class=\"aawp-product__pricing\">\n            \n            \n                    <\/div>\n\n                <a class=\"aawp-button aawp-button--buy rounded aawp-button--icon aawp-button--icon-amazon-black\" href=\"https:\/\/www.amazon.de\/dp\/3941761773?tag=edraegerpho06-21&#038;linkCode=ogi&#038;th=1&#038;psc=1\" title=\"Bei Amazon ansehen\" target=\"_blank\" rel=\"nofollow noopener sponsored\">Bei Amazon ansehen<\/a>\n                    <span class=\"aawp-product__info\"><a href=\"#provisionshinweis\">Provisionshinweis<\/a><\/span>\n            <\/div>\n\n<\/div>\n\n    \n<\/div>\n\n\n\n\n<hr class=\"wp-block-separator has-css-opacity is-style-wide\"\/>\n\n\n\n<h2 class=\"wp-block-heading\">Mehr zum Thema erfahren<\/h2>\n\n\n\n<section class=\"wp-block-uagb-section uagb-section__wrap uagb-section__background-none uagb-block-8c1c1954\"><div class=\"uagb-section__overlay\"><\/div><div class=\"uagb-section__inner-wrap\">\n<p class=\"has-medium-font-size\"><strong>Mehr zum Thema erfahren<\/strong><\/p>\n\n\n\n<p><strong>Olympus<\/strong><\/p>\n\n\n<ul class=\"wp-block-latest-posts__list aligncenter wp-block-latest-posts\"><li><a class=\"wp-block-latest-posts__post-title\" href=\"https:\/\/erikdraeger.com\/ratgeber\/om-system-om-5-mark-ii-objektive-zubehoer\/\">OM System OM-5 Mark II &#8211; Objektive &amp; Zubeh\u00f6r<\/a><\/li>\n<li><a class=\"wp-block-latest-posts__post-title\" href=\"https:\/\/erikdraeger.com\/ratgeber\/om-systems-om-3-objektiv-zubehoer-guide\/\">OM Systems OM-3: Objektiv &amp; Zubeh\u00f6r-Guide<\/a><\/li>\n<li><a class=\"wp-block-latest-posts__post-title\" href=\"https:\/\/erikdraeger.com\/ratgeber\/olympus-pen-e-pl7-objektive-zubehoer\/\">Olympus PEN E-PL7 &#8211; Zubeh\u00f6r &#038; Objektive<\/a><\/li>\n<li><a class=\"wp-block-latest-posts__post-title\" href=\"https:\/\/erikdraeger.com\/ratgeber\/olympus-om-5-objektive-zubehoer\/\">OM Systems OM-5 &#8211; Objektive &amp; Zubeh\u00f6r<\/a><\/li>\n<li><a class=\"wp-block-latest-posts__post-title\" href=\"https:\/\/erikdraeger.com\/ratgeber\/olympus-om-d-e-m10-iv-objektive-zubehoer\/\">Olympus OM-D E-M10 Mark IV &#8211; Objektive &amp; Zubeh\u00f6r<\/a><\/li>\n<li><a class=\"wp-block-latest-posts__post-title\" href=\"https:\/\/erikdraeger.com\/ratgeber\/om-system-om-1-objektive-zubehoer\/\">OM Systems OM-1 &#8211; Empfehlenswerte Objektive &#038; Zubeh\u00f6r<\/a><\/li>\n<li><a class=\"wp-block-latest-posts__post-title\" href=\"https:\/\/erikdraeger.com\/ratgeber\/olympus-pen-e-pl10-objektive-zubehoer\/\">Olympus PEN E-PL10 &#8211; Objektive &amp; Zubeh\u00f6r<\/a><\/li>\n<li><a class=\"wp-block-latest-posts__post-title\" href=\"https:\/\/erikdraeger.com\/ratgeber\/om-system-tg-7-zubehoer\/\">OM System TG-7 &#8211; Empfehlenswertes Zubeh\u00f6r<\/a><\/li>\n<li><a class=\"wp-block-latest-posts__post-title\" href=\"https:\/\/erikdraeger.com\/ratgeber\/olympus-tg-6-zubehoer\/\">Olympus TG-6 &#8211; Empfehlenswertes Zubeh\u00f6r<\/a><\/li>\n<li><a class=\"wp-block-latest-posts__post-title\" href=\"https:\/\/erikdraeger.com\/ratgeber\/olympus-om-d-e-m5-mark-iii-objektive-zubehoer\/\">Olympus OM-D E-M5 III &#8211; Objektive &amp; Zubeh\u00f6r<\/a><\/li>\n<li><a class=\"wp-block-latest-posts__post-title\" href=\"https:\/\/erikdraeger.com\/ratgeber\/olympus-tg-5-zubehoer\/\">Olympus TG-5 &#8211; Passendes Zubeh\u00f6r<\/a><\/li>\n<li><a class=\"wp-block-latest-posts__post-title\" href=\"https:\/\/erikdraeger.com\/ratgeber\/mft-kamera\/\">Empfehlenswerte Micro-Four-Thirds Systemkameras<\/a><\/li>\n<li><a class=\"wp-block-latest-posts__post-title\" href=\"https:\/\/erikdraeger.com\/ratgeber\/olympus-systemkamera\/\">Die beliebtesten Systemkameras von Olympus im \u00dcberblick<\/a><\/li>\n<\/ul>\n\n\n<p><strong>Micro-Four-Thirds<\/strong><\/p>\n\n\n<ul class=\"wp-block-latest-posts__list aligncenter wp-block-latest-posts\"><li><a class=\"wp-block-latest-posts__post-title\" href=\"https:\/\/erikdraeger.com\/ratgeber\/mft-objektive-olympus\/\">Objektiv-\u00dcbersicht: MFT-Objektive von Olympus &amp; OM SYSTEM<\/a><\/li>\n<li><a class=\"wp-block-latest-posts__post-title\" href=\"https:\/\/erikdraeger.com\/ratgeber\/panasonic-mft-objektive\/\">Empfehlenswerte Micro Four Thirds-Objektive von Panasonic<\/a><\/li>\n<li><a class=\"wp-block-latest-posts__post-title\" href=\"https:\/\/erikdraeger.com\/ratgeber\/meike-objektive\/\">Die empfehlenswertesten Meike-Objektive<\/a><\/li>\n<li><a class=\"wp-block-latest-posts__post-title\" href=\"https:\/\/erikdraeger.com\/ratgeber\/mft-kamera\/\">Empfehlenswerte Micro-Four-Thirds Systemkameras<\/a><\/li>\n<li><a class=\"wp-block-latest-posts__post-title\" href=\"https:\/\/erikdraeger.com\/ratgeber\/weitwinkelobjektiv\/\">Die empfehlenswertesten Weitwinkelobjektive<\/a><\/li>\n<\/ul>\n\n\n<p><strong>Beleuchtung<\/strong><\/p>\n\n\n<ul class=\"wp-block-latest-posts__list aligncenter wp-block-latest-posts\"><li><a class=\"wp-block-latest-posts__post-title\" href=\"https:\/\/erikdraeger.com\/ratgeber\/led-ringleuchte\/\">Die besten LED-Ringleuchten f\u00fcr Fotografie und Video<\/a><\/li>\n<li><a class=\"wp-block-latest-posts__post-title\" href=\"https:\/\/erikdraeger.com\/ratgeber\/canon-blitz\/\">Aufsteckblitze f\u00fcr und von Canon im \u00dcberblick<\/a><\/li>\n<li><a class=\"wp-block-latest-posts__post-title\" href=\"https:\/\/erikdraeger.com\/ratgeber\/led-leuchtstab\/\">Die besten LED-Leuchtst\u00e4be<\/a><\/li>\n<li><a class=\"wp-block-latest-posts__post-title\" href=\"https:\/\/erikdraeger.com\/ratgeber\/videoleuchte-akku\/\">Die beliebtesten Video- und Fotoleuchten f\u00fcr unterwegs<\/a><\/li>\n<li><a class=\"wp-block-latest-posts__post-title\" href=\"https:\/\/erikdraeger.com\/ratgeber\/sony-blitz\/\">Die empfehlenswertesten Sony-Blitze f\u00fcr E-Mount<\/a><\/li>\n<li><a class=\"wp-block-latest-posts__post-title\" href=\"https:\/\/erikdraeger.com\/ratgeber\/fotozelt\/\">Die besten Fotozelte<\/a><\/li>\n<li><a class=\"wp-block-latest-posts__post-title\" href=\"https:\/\/erikdraeger.com\/ratgeber\/faltreflektor\/\">Die 6 empfehlenswertesten Faltreflektoren f\u00fcr Fotografen<\/a><\/li>\n<li><a class=\"wp-block-latest-posts__post-title\" href=\"https:\/\/erikdraeger.com\/ratgeber\/foto-softbox\/\">Die 5 besten Softboxen f\u00fcr Blitze und Lampen<\/a><\/li>\n<li><a class=\"wp-block-latest-posts__post-title\" href=\"https:\/\/erikdraeger.com\/ratgeber\/mini-softbox\/\">5 empfehlenswerte Mini-Softboxen f\u00fcr Aufsteckblitze<\/a><\/li>\n<li><a class=\"wp-block-latest-posts__post-title\" href=\"https:\/\/erikdraeger.com\/ratgeber\/greenscreen\/\">Die empfehlenswertesten Greenscreens f\u00fcr Fotografen<\/a><\/li>\n<li><a class=\"wp-block-latest-posts__post-title\" href=\"https:\/\/erikdraeger.com\/ratgeber\/nikon-blitz\/\">Empfehlenswerte Kamera-Blitze von Nikon<\/a><\/li>\n<li><a class=\"wp-block-latest-posts__post-title\" href=\"https:\/\/erikdraeger.com\/ratgeber\/fotoschirm\/\">Die beliebtesten Fotoschirme<\/a><\/li>\n<li><a class=\"wp-block-latest-posts__post-title\" href=\"https:\/\/erikdraeger.com\/ratgeber\/ringblitz\/\">Die 5 beliebtesten Ringblitze<\/a><\/li>\n<li><a class=\"wp-block-latest-posts__post-title\" href=\"https:\/\/erikdraeger.com\/ratgeber\/fototisch\/\">Die besten Fototische f\u00fcr die Produktfotografie<\/a><\/li>\n<\/ul>\n\n\n<p><strong>Stative<\/strong><\/p>\n\n\n<ul class=\"wp-block-latest-posts__list aligncenter wp-block-latest-posts\"><li><a class=\"wp-block-latest-posts__post-title\" href=\"https:\/\/erikdraeger.com\/ratgeber\/gimbal-kamera\/\">Die besten Gimbals f\u00fcr die Kamera<\/a><\/li>\n<li><a class=\"wp-block-latest-posts__post-title\" href=\"https:\/\/erikdraeger.com\/ratgeber\/mini-stativ\/\">Die besten Mini-Stative f\u00fcr DSLR und Systemkameras<\/a><\/li>\n<li><a class=\"wp-block-latest-posts__post-title\" href=\"https:\/\/erikdraeger.com\/ratgeber\/carbon-stativ\/\">Die 5 empfehlenswertesten Stative aus Carbon<\/a><\/li>\n<li><a class=\"wp-block-latest-posts__post-title\" href=\"https:\/\/erikdraeger.com\/ratgeber\/aluminium-stativ\/\">Die empfehlenswertesten Aluminium-Stative<\/a><\/li>\n<li><a class=\"wp-block-latest-posts__post-title\" href=\"https:\/\/erikdraeger.com\/ratgeber\/stativtasche\/\">Die 6 besten Stativtaschen<\/a><\/li>\n<li><a class=\"wp-block-latest-posts__post-title\" href=\"https:\/\/erikdraeger.com\/ratgeber\/klemmstativ\/\">Die 8 beliebtesten Klemmstative\ufffc<\/a><\/li>\n<li><a class=\"wp-block-latest-posts__post-title\" href=\"https:\/\/erikdraeger.com\/ratgeber\/teleprompter\/\">Die 8 besten Teleprompter<\/a><\/li>\n<li><a class=\"wp-block-latest-posts__post-title\" href=\"https:\/\/erikdraeger.com\/ratgeber\/gimbal-handy\/\">Die besten Gimbals f\u00fcr Smartphones<\/a><\/li>\n<li><a class=\"wp-block-latest-posts__post-title\" href=\"https:\/\/erikdraeger.com\/ratgeber\/galgenstativ\/\">Die beliebtesten Galgenstative f\u00fcr Kameras<\/a><\/li>\n<li><a class=\"wp-block-latest-posts__post-title\" href=\"https:\/\/erikdraeger.com\/ratgeber\/makroschlitten\/\">Die 9 besten Makroschlitten<\/a><\/li>\n<li><a class=\"wp-block-latest-posts__post-title\" href=\"https:\/\/erikdraeger.com\/ratgeber\/mini-stativ-handy\/\">Die besten Handy-Stative und Selfiesticks<\/a><\/li>\n<li><a class=\"wp-block-latest-posts__post-title\" href=\"https:\/\/erikdraeger.com\/ratgeber\/lampenstativ\/\">Die beliebtesten Lampenstative<\/a><\/li>\n<li><a class=\"wp-block-latest-posts__post-title\" href=\"https:\/\/erikdraeger.com\/ratgeber\/panoramakopf\/\">Die beliebtesten Panorama-Stativk\u00f6pfe<\/a><\/li>\n<li><a class=\"wp-block-latest-posts__post-title\" href=\"https:\/\/erikdraeger.com\/ratgeber\/cullmann-stativkopf\/\">Die beliebtesten Stativk\u00f6pfe f\u00fcr Cullmann-Stative<\/a><\/li>\n<li><a class=\"wp-block-latest-posts__post-title\" href=\"https:\/\/erikdraeger.com\/ratgeber\/manfrotto-stativ-ersatzteile\/\">Beliebtes Zubeh\u00f6r &#038; Ersatzteile f\u00fcr Manfrotto Stative<\/a><\/li>\n<li><a class=\"wp-block-latest-posts__post-title\" href=\"https:\/\/erikdraeger.com\/ratgeber\/cullmann-wechselplatte\/\">Die empfehlenswertesten Schnellwechselplatten von Cullmann<\/a><\/li>\n<\/ul>\n\n\n<p><strong>Kamerataschen &amp; Rucks\u00e4cke<\/strong><\/p>\n\n\n<ul class=\"wp-block-latest-posts__list aligncenter wp-block-latest-posts\"><li><a class=\"wp-block-latest-posts__post-title\" href=\"https:\/\/erikdraeger.com\/ratgeber\/fototasche\/\">Die 10 beliebtesten Fototaschen<\/a><\/li>\n<li><a class=\"wp-block-latest-posts__post-title\" href=\"https:\/\/erikdraeger.com\/ratgeber\/stativtasche\/\">Die 6 besten Stativtaschen<\/a><\/li>\n<li><a class=\"wp-block-latest-posts__post-title\" href=\"https:\/\/erikdraeger.com\/ratgeber\/fotorucksack\/\">Die beliebtesten Fotorucks\u00e4cke<\/a><\/li>\n<li><a class=\"wp-block-latest-posts__post-title\" href=\"https:\/\/erikdraeger.com\/ratgeber\/objektivtasche\/\">Die 6 empfehlenswertesten Objektivtaschen<\/a><\/li>\n<li><a class=\"wp-block-latest-posts__post-title\" href=\"https:\/\/erikdraeger.com\/ratgeber\/fotokoffer\/\">Die 9 beliebtesten Fotokoffer<\/a><\/li>\n<\/ul><\/div><\/section>\n\n\n\n<p><\/p>\n","protected":false},"excerpt":{"rendered":"<p>Eines der Erkennungsmerkmale der neueren Systemkameras von Olympus ist vor allem das auff\u00e4llige Retro-Design. Typisch hierf\u00fcr ist auch die schwarz-silberne Farbkombination, welche bei vielen Modellen &#8230; <a title=\"Olympus OM-D E-M5 III &#8211; Objektive &amp; Zubeh\u00f6r\" class=\"read-more\" href=\"https:\/\/erikdraeger.com\/ratgeber\/olympus-om-d-e-m5-mark-iii-objektive-zubehoer\/\" aria-label=\"Mehr Informationen \u00fcber Olympus OM-D E-M5 III &#8211; Objektive &amp; Zubeh\u00f6r\">Mehr lesen<\/a><\/p>\n","protected":false},"author":1,"featured_media":2870,"comment_status":"closed","ping_status":"closed","sticky":false,"template":"","format":"standard","meta":{"_uag_custom_page_level_css":"","footnotes":""},"categories":[40,11],"tags":[],"class_list":["post-2881","post","type-post","status-publish","format-standard","has-post-thumbnail","hentry","category-olympus","category-systemkamera","masonry-post","generate-columns","tablet-grid-50","mobile-grid-100","grid-parent","grid-33"],"featured_image_src":"https:\/\/erikdraeger.com\/ratgeber\/wp-content\/uploads\/2023\/02\/olympus-omd-m5-iii-objektive-zubehoer.png","author_info":{"display_name":"Erik Draeger Photography","author_link":"https:\/\/erikdraeger.com\/ratgeber\/author\/erik-draeger-photography\/"},"yoast_head":"<!-- This site is optimized with the Yoast SEO plugin v27.3 - https:\/\/yoast.com\/product\/yoast-seo-wordpress\/ -->\n<title>Olympus OM-D E-M5 III - Objektive &amp; Zubeh\u00f6r [Ratgeber]<\/title>\n<meta name=\"description\" content=\"\ud83d\udccc Hier bekommst du einen \u00dcberblick \u00fcber die besten Objektive f\u00fcr die Olympus OM-D E-M5 III sowie zu passendem Zubeh\u00f6r.\" \/>\n<meta name=\"robots\" content=\"index, follow, max-snippet:-1, max-image-preview:large, max-video-preview:-1\" \/>\n<link rel=\"canonical\" href=\"https:\/\/erikdraeger.com\/ratgeber\/olympus-om-d-e-m5-mark-iii-objektive-zubehoer\/\" \/>\n<meta property=\"og:locale\" content=\"de_DE\" \/>\n<meta property=\"og:type\" content=\"article\" \/>\n<meta property=\"og:title\" content=\"Olympus OM-D E-M5 III - Objektive &amp; Zubeh\u00f6r [Ratgeber]\" \/>\n<meta property=\"og:description\" content=\"\ud83d\udccc Hier bekommst du einen \u00dcberblick \u00fcber die besten Objektive f\u00fcr die Olympus OM-D E-M5 III sowie zu passendem Zubeh\u00f6r.\" \/>\n<meta property=\"og:url\" content=\"https:\/\/erikdraeger.com\/ratgeber\/olympus-om-d-e-m5-mark-iii-objektive-zubehoer\/\" \/>\n<meta property=\"og:site_name\" content=\"Erik Draeger Photography\" \/>\n<meta property=\"article:published_time\" content=\"2023-03-16T19:07:58+00:00\" \/>\n<meta property=\"article:modified_time\" content=\"2025-02-25T15:38:00+00:00\" \/>\n<meta property=\"og:image\" content=\"https:\/\/erikdraeger.com\/ratgeber\/wp-content\/uploads\/2023\/02\/olympus-omd-m5-iii-objektive-zubehoer.png\" \/>\n\t<meta property=\"og:image:width\" content=\"1020\" \/>\n\t<meta property=\"og:image:height\" content=\"535\" \/>\n\t<meta property=\"og:image:type\" content=\"image\/png\" \/>\n<meta name=\"author\" content=\"Erik Draeger Photography\" \/>\n<meta name=\"twitter:card\" content=\"summary_large_image\" \/>\n<meta name=\"twitter:label1\" content=\"Verfasst von\" \/>\n\t<meta name=\"twitter:data1\" content=\"Erik Draeger Photography\" \/>\n\t<meta name=\"twitter:label2\" content=\"Gesch\u00e4tzte Lesezeit\" \/>\n\t<meta name=\"twitter:data2\" content=\"8\u00a0Minuten\" \/>\n<script type=\"application\/ld+json\" class=\"yoast-schema-graph\">{\"@context\":\"https:\\\/\\\/schema.org\",\"@graph\":[{\"@type\":\"Article\",\"@id\":\"https:\\\/\\\/erikdraeger.com\\\/ratgeber\\\/olympus-om-d-e-m5-mark-iii-objektive-zubehoer\\\/#article\",\"isPartOf\":{\"@id\":\"https:\\\/\\\/erikdraeger.com\\\/ratgeber\\\/olympus-om-d-e-m5-mark-iii-objektive-zubehoer\\\/\"},\"author\":{\"name\":\"Erik Draeger Photography\",\"@id\":\"https:\\\/\\\/erikdraeger.com\\\/ratgeber\\\/#\\\/schema\\\/person\\\/356c2bd02af4ae297a181c5512eb18f2\"},\"headline\":\"Olympus OM-D E-M5 III &#8211; Objektive &amp; Zubeh\u00f6r\",\"datePublished\":\"2023-03-16T19:07:58+00:00\",\"dateModified\":\"2025-02-25T15:38:00+00:00\",\"mainEntityOfPage\":{\"@id\":\"https:\\\/\\\/erikdraeger.com\\\/ratgeber\\\/olympus-om-d-e-m5-mark-iii-objektive-zubehoer\\\/\"},\"wordCount\":422,\"publisher\":{\"@id\":\"https:\\\/\\\/erikdraeger.com\\\/ratgeber\\\/#organization\"},\"image\":{\"@id\":\"https:\\\/\\\/erikdraeger.com\\\/ratgeber\\\/olympus-om-d-e-m5-mark-iii-objektive-zubehoer\\\/#primaryimage\"},\"thumbnailUrl\":\"https:\\\/\\\/erikdraeger.com\\\/ratgeber\\\/wp-content\\\/uploads\\\/2023\\\/02\\\/olympus-omd-m5-iii-objektive-zubehoer.png\",\"articleSection\":[\"Olympus\",\"Systemkameras\"],\"inLanguage\":\"de\"},{\"@type\":\"WebPage\",\"@id\":\"https:\\\/\\\/erikdraeger.com\\\/ratgeber\\\/olympus-om-d-e-m5-mark-iii-objektive-zubehoer\\\/\",\"url\":\"https:\\\/\\\/erikdraeger.com\\\/ratgeber\\\/olympus-om-d-e-m5-mark-iii-objektive-zubehoer\\\/\",\"name\":\"Olympus OM-D E-M5 III - Objektive &amp; Zubeh\u00f6r [Ratgeber]\",\"isPartOf\":{\"@id\":\"https:\\\/\\\/erikdraeger.com\\\/ratgeber\\\/#website\"},\"primaryImageOfPage\":{\"@id\":\"https:\\\/\\\/erikdraeger.com\\\/ratgeber\\\/olympus-om-d-e-m5-mark-iii-objektive-zubehoer\\\/#primaryimage\"},\"image\":{\"@id\":\"https:\\\/\\\/erikdraeger.com\\\/ratgeber\\\/olympus-om-d-e-m5-mark-iii-objektive-zubehoer\\\/#primaryimage\"},\"thumbnailUrl\":\"https:\\\/\\\/erikdraeger.com\\\/ratgeber\\\/wp-content\\\/uploads\\\/2023\\\/02\\\/olympus-omd-m5-iii-objektive-zubehoer.png\",\"datePublished\":\"2023-03-16T19:07:58+00:00\",\"dateModified\":\"2025-02-25T15:38:00+00:00\",\"description\":\"\ud83d\udccc Hier bekommst du einen \u00dcberblick \u00fcber die besten Objektive f\u00fcr die Olympus OM-D E-M5 III sowie zu passendem Zubeh\u00f6r.\",\"breadcrumb\":{\"@id\":\"https:\\\/\\\/erikdraeger.com\\\/ratgeber\\\/olympus-om-d-e-m5-mark-iii-objektive-zubehoer\\\/#breadcrumb\"},\"inLanguage\":\"de\",\"potentialAction\":[{\"@type\":\"ReadAction\",\"target\":[\"https:\\\/\\\/erikdraeger.com\\\/ratgeber\\\/olympus-om-d-e-m5-mark-iii-objektive-zubehoer\\\/\"]}]},{\"@type\":\"ImageObject\",\"inLanguage\":\"de\",\"@id\":\"https:\\\/\\\/erikdraeger.com\\\/ratgeber\\\/olympus-om-d-e-m5-mark-iii-objektive-zubehoer\\\/#primaryimage\",\"url\":\"https:\\\/\\\/erikdraeger.com\\\/ratgeber\\\/wp-content\\\/uploads\\\/2023\\\/02\\\/olympus-omd-m5-iii-objektive-zubehoer.png\",\"contentUrl\":\"https:\\\/\\\/erikdraeger.com\\\/ratgeber\\\/wp-content\\\/uploads\\\/2023\\\/02\\\/olympus-omd-m5-iii-objektive-zubehoer.png\",\"width\":1020,\"height\":535,\"caption\":\"Olympus M5 Mk. III Objektive und Kamerazubeh\u00f6r\"},{\"@type\":\"BreadcrumbList\",\"@id\":\"https:\\\/\\\/erikdraeger.com\\\/ratgeber\\\/olympus-om-d-e-m5-mark-iii-objektive-zubehoer\\\/#breadcrumb\",\"itemListElement\":[{\"@type\":\"ListItem\",\"position\":1,\"name\":\"Start\",\"item\":\"https:\\\/\\\/erikdraeger.com\\\/ratgeber\\\/\"},{\"@type\":\"ListItem\",\"position\":2,\"name\":\"Olympus\",\"item\":\"https:\\\/\\\/erikdraeger.com\\\/ratgeber\\\/category\\\/olympus\\\/\"},{\"@type\":\"ListItem\",\"position\":3,\"name\":\"Olympus OM-D E-M5 III &#8211; Objektive &amp; Zubeh\u00f6r\"}]},{\"@type\":\"WebSite\",\"@id\":\"https:\\\/\\\/erikdraeger.com\\\/ratgeber\\\/#website\",\"url\":\"https:\\\/\\\/erikdraeger.com\\\/ratgeber\\\/\",\"name\":\"Erik Draeger Photography\",\"description\":\"Ratgeber f\u00fcr Kamera, Objektiv &amp; Zubeh\u00f6r\",\"publisher\":{\"@id\":\"https:\\\/\\\/erikdraeger.com\\\/ratgeber\\\/#organization\"},\"potentialAction\":[{\"@type\":\"SearchAction\",\"target\":{\"@type\":\"EntryPoint\",\"urlTemplate\":\"https:\\\/\\\/erikdraeger.com\\\/ratgeber\\\/?s={search_term_string}\"},\"query-input\":{\"@type\":\"PropertyValueSpecification\",\"valueRequired\":true,\"valueName\":\"search_term_string\"}}],\"inLanguage\":\"de\"},{\"@type\":\"Organization\",\"@id\":\"https:\\\/\\\/erikdraeger.com\\\/ratgeber\\\/#organization\",\"name\":\"Erik Draeger Photography\",\"url\":\"https:\\\/\\\/erikdraeger.com\\\/ratgeber\\\/\",\"logo\":{\"@type\":\"ImageObject\",\"inLanguage\":\"de\",\"@id\":\"https:\\\/\\\/erikdraeger.com\\\/ratgeber\\\/#\\\/schema\\\/logo\\\/image\\\/\",\"url\":\"https:\\\/\\\/erikdraeger.com\\\/ratgeber\\\/wp-content\\\/uploads\\\/2023\\\/11\\\/cropped-ed-ratgeber-title-2-inverted.jpg\",\"contentUrl\":\"https:\\\/\\\/erikdraeger.com\\\/ratgeber\\\/wp-content\\\/uploads\\\/2023\\\/11\\\/cropped-ed-ratgeber-title-2-inverted.jpg\",\"width\":1051,\"height\":211,\"caption\":\"Erik Draeger Photography\"},\"image\":{\"@id\":\"https:\\\/\\\/erikdraeger.com\\\/ratgeber\\\/#\\\/schema\\\/logo\\\/image\\\/\"}},{\"@type\":\"Person\",\"@id\":\"https:\\\/\\\/erikdraeger.com\\\/ratgeber\\\/#\\\/schema\\\/person\\\/356c2bd02af4ae297a181c5512eb18f2\",\"name\":\"Erik Draeger Photography\",\"image\":{\"@type\":\"ImageObject\",\"inLanguage\":\"de\",\"@id\":\"https:\\\/\\\/secure.gravatar.com\\\/avatar\\\/5608dcb3bff5bef267dec743e4d65255bf9056a489841053e664a785d3bf1b07?s=96&d=mm&r=g\",\"url\":\"https:\\\/\\\/secure.gravatar.com\\\/avatar\\\/5608dcb3bff5bef267dec743e4d65255bf9056a489841053e664a785d3bf1b07?s=96&d=mm&r=g\",\"contentUrl\":\"https:\\\/\\\/secure.gravatar.com\\\/avatar\\\/5608dcb3bff5bef267dec743e4d65255bf9056a489841053e664a785d3bf1b07?s=96&d=mm&r=g\",\"caption\":\"Erik Draeger Photography\"},\"description\":\"Ich bin Erik und ich bin Autofotograf aus Halle (Deutschland). 2014 startete ich ein Experiment, was zu einer unendlichen und immer noch anhaltenden Faszination geworden ist. Auf dieser aufregenden Reise \u00fcber das Erlernen und \u00dcben der Automobilfotografie und Bildbearbeitung als Hobby habe ich anschlie\u00dfend angefangen, als kommerzieller Automobilfotograf zu arbeiten.\",\"sameAs\":[\"https:\\\/\\\/erikdraeger.com\\\/ratgeber\"],\"url\":\"https:\\\/\\\/erikdraeger.com\\\/ratgeber\\\/author\\\/erik-draeger-photography\\\/\"}]}<\/script>\n<!-- \/ Yoast SEO plugin. -->","yoast_head_json":{"title":"Olympus OM-D E-M5 III - Objektive &amp; Zubeh\u00f6r [Ratgeber]","description":"\ud83d\udccc Hier bekommst du einen \u00dcberblick \u00fcber die besten Objektive f\u00fcr die Olympus OM-D E-M5 III sowie zu passendem Zubeh\u00f6r.","robots":{"index":"index","follow":"follow","max-snippet":"max-snippet:-1","max-image-preview":"max-image-preview:large","max-video-preview":"max-video-preview:-1"},"canonical":"https:\/\/erikdraeger.com\/ratgeber\/olympus-om-d-e-m5-mark-iii-objektive-zubehoer\/","og_locale":"de_DE","og_type":"article","og_title":"Olympus OM-D E-M5 III - Objektive &amp; Zubeh\u00f6r [Ratgeber]","og_description":"\ud83d\udccc Hier bekommst du einen \u00dcberblick \u00fcber die besten Objektive f\u00fcr die Olympus OM-D E-M5 III sowie zu passendem Zubeh\u00f6r.","og_url":"https:\/\/erikdraeger.com\/ratgeber\/olympus-om-d-e-m5-mark-iii-objektive-zubehoer\/","og_site_name":"Erik Draeger Photography","article_published_time":"2023-03-16T19:07:58+00:00","article_modified_time":"2025-02-25T15:38:00+00:00","og_image":[{"width":1020,"height":535,"url":"https:\/\/erikdraeger.com\/ratgeber\/wp-content\/uploads\/2023\/02\/olympus-omd-m5-iii-objektive-zubehoer.png","type":"image\/png"}],"author":"Erik Draeger Photography","twitter_card":"summary_large_image","twitter_misc":{"Verfasst von":"Erik Draeger Photography","Gesch\u00e4tzte Lesezeit":"8\u00a0Minuten"},"schema":{"@context":"https:\/\/schema.org","@graph":[{"@type":"Article","@id":"https:\/\/erikdraeger.com\/ratgeber\/olympus-om-d-e-m5-mark-iii-objektive-zubehoer\/#article","isPartOf":{"@id":"https:\/\/erikdraeger.com\/ratgeber\/olympus-om-d-e-m5-mark-iii-objektive-zubehoer\/"},"author":{"name":"Erik Draeger Photography","@id":"https:\/\/erikdraeger.com\/ratgeber\/#\/schema\/person\/356c2bd02af4ae297a181c5512eb18f2"},"headline":"Olympus OM-D E-M5 III &#8211; Objektive &amp; Zubeh\u00f6r","datePublished":"2023-03-16T19:07:58+00:00","dateModified":"2025-02-25T15:38:00+00:00","mainEntityOfPage":{"@id":"https:\/\/erikdraeger.com\/ratgeber\/olympus-om-d-e-m5-mark-iii-objektive-zubehoer\/"},"wordCount":422,"publisher":{"@id":"https:\/\/erikdraeger.com\/ratgeber\/#organization"},"image":{"@id":"https:\/\/erikdraeger.com\/ratgeber\/olympus-om-d-e-m5-mark-iii-objektive-zubehoer\/#primaryimage"},"thumbnailUrl":"https:\/\/erikdraeger.com\/ratgeber\/wp-content\/uploads\/2023\/02\/olympus-omd-m5-iii-objektive-zubehoer.png","articleSection":["Olympus","Systemkameras"],"inLanguage":"de"},{"@type":"WebPage","@id":"https:\/\/erikdraeger.com\/ratgeber\/olympus-om-d-e-m5-mark-iii-objektive-zubehoer\/","url":"https:\/\/erikdraeger.com\/ratgeber\/olympus-om-d-e-m5-mark-iii-objektive-zubehoer\/","name":"Olympus OM-D E-M5 III - Objektive &amp; Zubeh\u00f6r [Ratgeber]","isPartOf":{"@id":"https:\/\/erikdraeger.com\/ratgeber\/#website"},"primaryImageOfPage":{"@id":"https:\/\/erikdraeger.com\/ratgeber\/olympus-om-d-e-m5-mark-iii-objektive-zubehoer\/#primaryimage"},"image":{"@id":"https:\/\/erikdraeger.com\/ratgeber\/olympus-om-d-e-m5-mark-iii-objektive-zubehoer\/#primaryimage"},"thumbnailUrl":"https:\/\/erikdraeger.com\/ratgeber\/wp-content\/uploads\/2023\/02\/olympus-omd-m5-iii-objektive-zubehoer.png","datePublished":"2023-03-16T19:07:58+00:00","dateModified":"2025-02-25T15:38:00+00:00","description":"\ud83d\udccc Hier bekommst du einen \u00dcberblick \u00fcber die besten Objektive f\u00fcr die Olympus OM-D E-M5 III sowie zu passendem Zubeh\u00f6r.","breadcrumb":{"@id":"https:\/\/erikdraeger.com\/ratgeber\/olympus-om-d-e-m5-mark-iii-objektive-zubehoer\/#breadcrumb"},"inLanguage":"de","potentialAction":[{"@type":"ReadAction","target":["https:\/\/erikdraeger.com\/ratgeber\/olympus-om-d-e-m5-mark-iii-objektive-zubehoer\/"]}]},{"@type":"ImageObject","inLanguage":"de","@id":"https:\/\/erikdraeger.com\/ratgeber\/olympus-om-d-e-m5-mark-iii-objektive-zubehoer\/#primaryimage","url":"https:\/\/erikdraeger.com\/ratgeber\/wp-content\/uploads\/2023\/02\/olympus-omd-m5-iii-objektive-zubehoer.png","contentUrl":"https:\/\/erikdraeger.com\/ratgeber\/wp-content\/uploads\/2023\/02\/olympus-omd-m5-iii-objektive-zubehoer.png","width":1020,"height":535,"caption":"Olympus M5 Mk. III Objektive und Kamerazubeh\u00f6r"},{"@type":"BreadcrumbList","@id":"https:\/\/erikdraeger.com\/ratgeber\/olympus-om-d-e-m5-mark-iii-objektive-zubehoer\/#breadcrumb","itemListElement":[{"@type":"ListItem","position":1,"name":"Start","item":"https:\/\/erikdraeger.com\/ratgeber\/"},{"@type":"ListItem","position":2,"name":"Olympus","item":"https:\/\/erikdraeger.com\/ratgeber\/category\/olympus\/"},{"@type":"ListItem","position":3,"name":"Olympus OM-D E-M5 III &#8211; Objektive &amp; Zubeh\u00f6r"}]},{"@type":"WebSite","@id":"https:\/\/erikdraeger.com\/ratgeber\/#website","url":"https:\/\/erikdraeger.com\/ratgeber\/","name":"Erik Draeger Photography","description":"Ratgeber f\u00fcr Kamera, Objektiv &amp; Zubeh\u00f6r","publisher":{"@id":"https:\/\/erikdraeger.com\/ratgeber\/#organization"},"potentialAction":[{"@type":"SearchAction","target":{"@type":"EntryPoint","urlTemplate":"https:\/\/erikdraeger.com\/ratgeber\/?s={search_term_string}"},"query-input":{"@type":"PropertyValueSpecification","valueRequired":true,"valueName":"search_term_string"}}],"inLanguage":"de"},{"@type":"Organization","@id":"https:\/\/erikdraeger.com\/ratgeber\/#organization","name":"Erik Draeger Photography","url":"https:\/\/erikdraeger.com\/ratgeber\/","logo":{"@type":"ImageObject","inLanguage":"de","@id":"https:\/\/erikdraeger.com\/ratgeber\/#\/schema\/logo\/image\/","url":"https:\/\/erikdraeger.com\/ratgeber\/wp-content\/uploads\/2023\/11\/cropped-ed-ratgeber-title-2-inverted.jpg","contentUrl":"https:\/\/erikdraeger.com\/ratgeber\/wp-content\/uploads\/2023\/11\/cropped-ed-ratgeber-title-2-inverted.jpg","width":1051,"height":211,"caption":"Erik Draeger Photography"},"image":{"@id":"https:\/\/erikdraeger.com\/ratgeber\/#\/schema\/logo\/image\/"}},{"@type":"Person","@id":"https:\/\/erikdraeger.com\/ratgeber\/#\/schema\/person\/356c2bd02af4ae297a181c5512eb18f2","name":"Erik Draeger Photography","image":{"@type":"ImageObject","inLanguage":"de","@id":"https:\/\/secure.gravatar.com\/avatar\/5608dcb3bff5bef267dec743e4d65255bf9056a489841053e664a785d3bf1b07?s=96&d=mm&r=g","url":"https:\/\/secure.gravatar.com\/avatar\/5608dcb3bff5bef267dec743e4d65255bf9056a489841053e664a785d3bf1b07?s=96&d=mm&r=g","contentUrl":"https:\/\/secure.gravatar.com\/avatar\/5608dcb3bff5bef267dec743e4d65255bf9056a489841053e664a785d3bf1b07?s=96&d=mm&r=g","caption":"Erik Draeger Photography"},"description":"Ich bin Erik und ich bin Autofotograf aus Halle (Deutschland). 2014 startete ich ein Experiment, was zu einer unendlichen und immer noch anhaltenden Faszination geworden ist. Auf dieser aufregenden Reise \u00fcber das Erlernen und \u00dcben der Automobilfotografie und Bildbearbeitung als Hobby habe ich anschlie\u00dfend angefangen, als kommerzieller Automobilfotograf zu arbeiten.","sameAs":["https:\/\/erikdraeger.com\/ratgeber"],"url":"https:\/\/erikdraeger.com\/ratgeber\/author\/erik-draeger-photography\/"}]}},"uagb_featured_image_src":{"full":["https:\/\/erikdraeger.com\/ratgeber\/wp-content\/uploads\/2023\/02\/olympus-omd-m5-iii-objektive-zubehoer.png",1020,535,false],"thumbnail":["https:\/\/erikdraeger.com\/ratgeber\/wp-content\/uploads\/2023\/02\/olympus-omd-m5-iii-objektive-zubehoer-150x150.png",150,150,true],"medium":["https:\/\/erikdraeger.com\/ratgeber\/wp-content\/uploads\/2023\/02\/olympus-omd-m5-iii-objektive-zubehoer-300x157.png",300,157,true],"medium_large":["https:\/\/erikdraeger.com\/ratgeber\/wp-content\/uploads\/2023\/02\/olympus-omd-m5-iii-objektive-zubehoer-768x403.png",768,403,true],"large":["https:\/\/erikdraeger.com\/ratgeber\/wp-content\/uploads\/2023\/02\/olympus-omd-m5-iii-objektive-zubehoer.png",1020,535,false],"1536x1536":["https:\/\/erikdraeger.com\/ratgeber\/wp-content\/uploads\/2023\/02\/olympus-omd-m5-iii-objektive-zubehoer.png",1020,535,false],"2048x2048":["https:\/\/erikdraeger.com\/ratgeber\/wp-content\/uploads\/2023\/02\/olympus-omd-m5-iii-objektive-zubehoer.png",1020,535,false]},"uagb_author_info":{"display_name":"Erik Draeger Photography","author_link":"https:\/\/erikdraeger.com\/ratgeber\/author\/erik-draeger-photography\/"},"uagb_comment_info":0,"uagb_excerpt":"Eines der Erkennungsmerkmale der neueren Systemkameras von Olympus ist vor allem das auff\u00e4llige Retro-Design. Typisch hierf\u00fcr ist auch die schwarz-silberne Farbkombination, welche bei vielen Modellen ... Mehr lesen","_links":{"self":[{"href":"https:\/\/erikdraeger.com\/ratgeber\/wp-json\/wp\/v2\/posts\/2881","targetHints":{"allow":["GET"]}}],"collection":[{"href":"https:\/\/erikdraeger.com\/ratgeber\/wp-json\/wp\/v2\/posts"}],"about":[{"href":"https:\/\/erikdraeger.com\/ratgeber\/wp-json\/wp\/v2\/types\/post"}],"author":[{"embeddable":true,"href":"https:\/\/erikdraeger.com\/ratgeber\/wp-json\/wp\/v2\/users\/1"}],"replies":[{"embeddable":true,"href":"https:\/\/erikdraeger.com\/ratgeber\/wp-json\/wp\/v2\/comments?post=2881"}],"version-history":[{"count":2,"href":"https:\/\/erikdraeger.com\/ratgeber\/wp-json\/wp\/v2\/posts\/2881\/revisions"}],"predecessor-version":[{"id":5999,"href":"https:\/\/erikdraeger.com\/ratgeber\/wp-json\/wp\/v2\/posts\/2881\/revisions\/5999"}],"wp:featuredmedia":[{"embeddable":true,"href":"https:\/\/erikdraeger.com\/ratgeber\/wp-json\/wp\/v2\/media\/2870"}],"wp:attachment":[{"href":"https:\/\/erikdraeger.com\/ratgeber\/wp-json\/wp\/v2\/media?parent=2881"}],"wp:term":[{"taxonomy":"category","embeddable":true,"href":"https:\/\/erikdraeger.com\/ratgeber\/wp-json\/wp\/v2\/categories?post=2881"},{"taxonomy":"post_tag","embeddable":true,"href":"https:\/\/erikdraeger.com\/ratgeber\/wp-json\/wp\/v2\/tags?post=2881"}],"curies":[{"name":"wp","href":"https:\/\/api.w.org\/{rel}","templated":true}]}}