{"id":2887,"date":"2025-02-25T18:45:01","date_gmt":"2025-02-25T17:45:01","guid":{"rendered":"https:\/\/erikdraeger.com\/ratgeber\/?p=2887"},"modified":"2025-03-05T10:47:08","modified_gmt":"2025-03-05T09:47:08","slug":"olympus-pen-e-pl7-objektive-zubehoer","status":"publish","type":"post","link":"https:\/\/erikdraeger.com\/ratgeber\/olympus-pen-e-pl7-objektive-zubehoer\/","title":{"rendered":"Olympus PEN E-PL7 &#8211; Zubeh\u00f6r &#038; Objektive"},"content":{"rendered":"\n<p>Als vor einigen Jahren die Systemkameras begannen, zunehmend die DSLR abzul\u00f6sen, lag diese Entwicklung vor allem auch an den kleineren und leichteren Kamerageh\u00e4usen. Die Olympus PEN E-P7 aus dem Jahr 2014 geh\u00f6rt dabei zu den Kameras, welche besonders durch ihre Kompaktheit hervorstechen konnten. Die PEN-Serie von Olympus zeichnet sich dabei vor allem dadurch aus, dass die Kameras besonders handlich, leicht und in der Gr\u00f6\u00dfe einer kleinen Digitalkamera sind. Die P7 leistet dabei 16 Megapixel Bild- und Full-HD Videoaufl\u00f6sung mit 30 Bildern pro Sekunde. Trotz ihrer geringen Ausma\u00dfe, ist die Kamera eine Wechselobjektiv-Kamera mit Micro Four Thirds-Objektivanschluss. Entsprechend findest du eine gro\u00dfe Auswahl an m\u00f6glichen Objektiven sowie weiteres Zubeh\u00f6r.<\/p>\n\n\n\n<p>Wir haben daher nach passenden Objektiven und Zubeh\u00f6r f\u00fcr die <strong>Olympus PEN E-P7<\/strong> recherchiert und stellen dir in diesem Beitrag das empfehlenswerteste davon zusammen.<\/p>\n\n\n\n\n\n<div class=\"aawp\">\n\n            \n            \n<div class=\"aawp-product aawp-product--horizontal aawp-product--inline-info\"  data-aawp-product-asin=\"B096LDMGYR\" data-aawp-product-id=\"245712\" data-aawp-tracking-id=\"edraegerpho06-21\" data-aawp-product-title=\"Olympus Pen E-P7 Kamera-Kit 20-MP-Sensor neigbarer HD LCD-Bildschirm 4K-Video Wi-Fi Farb- und Monochromprofilsteuerung Silber inkl M.Zuiko Digital ED 14-42mm EZ schwarz\">\n\n    \n    <div class=\"aawp-product__thumb\">\n        <a class=\"aawp-product__image-link\"\n           href=\"https:\/\/www.amazon.de\/dp\/B096LDMGYR?tag=edraegerpho06-21&linkCode=ogi&th=1&psc=1\" title=\"Olympus Pen E-P7 Kamera-Kit, 20-MP-Sensor, neigbarer HD LCD-Bildschirm, 4K-Video, Wi-Fi, Farb- und...\" rel=\"nofollow noopener sponsored\" target=\"_blank\">\n            <img decoding=\"async\" class=\"aawp-product__image\" src=\"https:\/\/erikdraeger.com\/ratgeber\/wp-content\/plugins\/aawp\/public\/image.php?url=YUhSMGNITTZMeTl0TG0xbFpHbGhMV0Z0WVhwdmJpNWpiMjB2YVcxaFoyVnpMMGt2TkRGa2REaHZiakJhY1V3dVgxTk1NVFl3WHk1cWNHYz18MTc3NzQ0NTE4Mg=\" alt=\"Olympus Pen E-P7 Kamera-Kit, 20-MP-Sensor, neigbarer HD LCD-Bildschirm, 4K-Video, Wi-Fi, Farb- und...\"  \/>\n        <\/a>\n\n            <\/div>\n\n    <div class=\"aawp-product__content\">\n        <a class=\"aawp-product__title\" href=\"https:\/\/www.amazon.de\/dp\/B096LDMGYR?tag=edraegerpho06-21&linkCode=ogi&th=1&psc=1\" title=\"Olympus Pen E-P7 Kamera-Kit, 20-MP-Sensor, neigbarer HD LCD-Bildschirm, 4K-Video, Wi-Fi, Farb- und...\" rel=\"nofollow noopener sponsored\" target=\"_blank\">\n            Olympus Pen E-P7 Kamera-Kit, 20-MP-Sensor, neigbarer HD LCD-Bildschirm, 4K-Video, Wi-Fi, Farb- und...        <\/a>\n        <div class=\"aawp-product__description\">\n            <ul><li>Schlichtes und elegantes Design in einem formsch\u00f6nen, kompakten Geh\u00e4use mit viel Liebe zum Detail<\/li><li>Ausgestattet mit einem Profilwahlschalter und Art Filtern zur kreativen Bildgestaltung<\/li><li>Die Kombination aus 20-Megapixel-Live-MOS-Sensor, High-Speed-Bildverarbeitung mit dem TruePic VIII-Prozessor und M.Zuiko-Objektiv sorgt f\u00fcr professionelle Qualit\u00e4t.<\/li><li>Die Kamera verf\u00fcgt \u00fcber eine interne 5-Achsen-Bildstabilisation f\u00fcr verwacklungsfreie, hochwertige Schnappsch\u00fcsse und 4K-Video.<\/li><li>Herunterklappbarer Touchscreen f\u00fcr unkomplizierte Selbstportr\u00e4ts sowie integriertes Wi-Fi und Bluetooth zum sofortigen Teilen von Bildern<\/li><\/ul>        <\/div>\n    <\/div>\n\n    <div class=\"aawp-product__footer\">\n\n        <div class=\"aawp-product__pricing\">\n            \n            \n                    <\/div>\n\n                <a class=\"aawp-button aawp-button--buy rounded aawp-button--icon aawp-button--icon-amazon-black\" href=\"https:\/\/www.amazon.de\/dp\/B096LDMGYR?tag=edraegerpho06-21&#038;linkCode=ogi&#038;th=1&#038;psc=1\" title=\"Bei Amazon ansehen\" target=\"_blank\" rel=\"nofollow noopener sponsored\">Bei Amazon ansehen<\/a>\n                    <span class=\"aawp-product__info\"><a href=\"#provisionshinweis\">Provisionshinweis<\/a><\/span>\n            <\/div>\n\n<\/div>\n\n    \n<\/div>\n\n\n\n\n<section class=\"wp-block-uagb-section uagb-section__wrap uagb-section__background-color uagb-block-5508c581\"><div class=\"uagb-section__overlay\"><\/div><div class=\"uagb-section__inner-wrap\">\n<div class=\"wp-block-uagb-info-box uagb-block-0550cd50 uagb-infobox__content-wrap  uagb-infobox-icon-left-title uagb-infobox-left uagb-infobox-image-valign-top uagb-infobox__outer-wrap\"><div class=\"uagb-ifb-content\"><div class=\"uagb-ifb-left-title-image\"><div class=\"uagb-ifb-icon-wrap\"><svg xmlns=\"https:\/\/www.w3.org\/2000\/svg\" viewBox=\"0 0 512 512\"><path d=\"M0 256C0 114.6 114.6 0 256 0C397.4 0 512 114.6 512 256C512 397.4 397.4 512 256 512C114.6 512 0 397.4 0 256zM371.8 211.8C382.7 200.9 382.7 183.1 371.8 172.2C360.9 161.3 343.1 161.3 332.2 172.2L224 280.4L179.8 236.2C168.9 225.3 151.1 225.3 140.2 236.2C129.3 247.1 129.3 264.9 140.2 275.8L204.2 339.8C215.1 350.7 232.9 350.7 243.8 339.8L371.8 211.8z\"><\/path><\/svg><\/div><div class=\"uagb-ifb-title-wrap\"><h2 class=\"uagb-ifb-title\">Checkliste: Olympus PEN E-P7 <\/h2><\/div><\/div><\/div><\/div>\n\n\n<ul style=\"padding-left: 1.1em; text-align: left; --ub-list-item-icon-top: 3px;; --ub-list-item-icon-size: 0.9em; --ub-list-item-background-image: url('data:image\/svg+xml;utf8,&lt;svg xmlns=&quot;http:\/\/www.w3.org\/2000\/svg&quot; viewBox=&quot;0 0 448 512&quot;&gt;&lt;path fill=&quot;%23000000&quot; d=&quot;M438.6 278.6c12.5-12.5 12.5-32.8 0-45.3l-160-160c-12.5-12.5-32.8-12.5-45.3 0s-12.5 32.8 0 45.3L370.7 256 233.4 393.4c-12.5 12.5-12.5 32.8 0 45.3s32.8 12.5 45.3 0l160-160zm-352 160l160-160c12.5-12.5 12.5-32.8 0-45.3l-160-160c-12.5-12.5-32.8-12.5-45.3 0s-12.5 32.8 0 45.3L178.7 256 41.4 393.4c-12.5 12.5-12.5 32.8 0 45.3s32.8 12.5 45.3 0z&quot;&gt;&lt;\/path&gt;&lt;\/svg&gt;'); --ub-list-item-fa-li-top: 3px; --ub-list-item-spacing: 15px; \" class=\"wp-block-ub-styled-list ub_styled_list\" id=\"ub_styled_list-162be606-774d-4284-9e0b-51f28e4443a8\"><div class=\"ub-block-list__layout\" style=\"text-align: left; column-count: 1; --ub-list-mobile-column-count: 1; \">\n<li class=\"ub_styled_list_item\" style=\"font-size: 14px;; --ub-list-item-icon-top: 3px; --ub-list-item-icon-size: 0.9em; --ub-list-item-background-image: url('data:image\/svg+xml;utf8,&lt;svg xmlns=&quot;http:\/\/www.w3.org\/2000\/svg&quot; viewBox=&quot;0 0 512 512&quot;&gt;&lt;path fill=&quot;%23000000&quot; d=&quot;M470.6 105.4c12.5 12.5 12.5 32.8 0 45.3l-256 256c-12.5 12.5-32.8 12.5-45.3 0l-128-128c-12.5-12.5-12.5-32.8 0-45.3s32.8-12.5 45.3 0L192 338.7 425.4 105.4c12.5-12.5 32.8-12.5 45.3 0z&quot;&gt;&lt;\/path&gt;&lt;\/svg&gt;'); \" id=\"ub-styled-list-item-af09326a-5505-4aab-b434-b5eac40d9114\">\n\t\t\t<div class=\"ub_list_item_content\">\n\t\t\t\t<span class=\"ub_list_item_icon\">\n\t\t\t\t\t<svg width=\"0.9em\" height=\"0.9em\" xmlns=\"http:\/\/www.w3.org\/2000\/svg\" viewbox=\"0 0 512 512\"><path fill=\"#000000\" d=\"M470.6 105.4c12.5 12.5 12.5 32.8 0 45.3l-256 256c-12.5 12.5-32.8 12.5-45.3 0l-128-128c-12.5-12.5-12.5-32.8 0-45.3s32.8-12.5 45.3 0L192 338.7 425.4 105.4c12.5-12.5 32.8-12.5 45.3 0z\"><\/path><\/svg>\n\t\t\t\t<\/span>\n\t\t\t\t<span class=\"ub_list_item_text\">Die PEN E-P7 geh\u00f6rt zur Gruppe der spiegellosen Systemkameras mit <strong>Micro-Four-Thirds (MFT)<\/strong> Objektivanschluss. Das bedeutet auch, dass die Kamera die Objektive wechseln kann, sofern die Linsen ebenfalls mit dem <strong>MFT-Mount kompatibel<\/strong> sind. Dieser Anschluss wird von einer Vielzahl von Kamera- und Zubeh\u00f6r Hersteller bedient, darunter Olympus und Panasonic.<\/span>\n\t\t\t<\/div>\n\t\t\t\n\t\t<\/li>\n\n<li class=\"ub_styled_list_item\" style=\"font-size: 14px;; --ub-list-item-icon-top: 3px; --ub-list-item-icon-size: 0.9em; --ub-list-item-background-image: url('data:image\/svg+xml;utf8,&lt;svg xmlns=&quot;http:\/\/www.w3.org\/2000\/svg&quot; viewBox=&quot;0 0 512 512&quot;&gt;&lt;path fill=&quot;%23000000&quot; d=&quot;M470.6 105.4c12.5 12.5 12.5 32.8 0 45.3l-256 256c-12.5 12.5-32.8 12.5-45.3 0l-128-128c-12.5-12.5-12.5-32.8 0-45.3s32.8-12.5 45.3 0L192 338.7 425.4 105.4c12.5-12.5 32.8-12.5 45.3 0z&quot;&gt;&lt;\/path&gt;&lt;\/svg&gt;'); \" id=\"ub-styled-list-item-c5b54ace-c281-4151-94f0-e7f3f599b861\">\n\t\t\t<div class=\"ub_list_item_content\">\n\t\t\t\t<span class=\"ub_list_item_icon\">\n\t\t\t\t\t<svg width=\"0.9em\" height=\"0.9em\" xmlns=\"http:\/\/www.w3.org\/2000\/svg\" viewbox=\"0 0 512 512\"><path fill=\"#000000\" d=\"M470.6 105.4c12.5 12.5 12.5 32.8 0 45.3l-256 256c-12.5 12.5-32.8 12.5-45.3 0l-128-128c-12.5-12.5-12.5-32.8 0-45.3s32.8-12.5 45.3 0L192 338.7 425.4 105.4c12.5-12.5 32.8-12.5 45.3 0z\"><\/path><\/svg>\n\t\t\t\t<\/span>\n\t\t\t\t<span class=\"ub_list_item_text\">Wie die meisten anderen Systemkameras von Olympus verwendet die P7 ebenfalls den <strong>BLS-50 Akku<\/strong>. Neben dem <strong>originalen Akku vom Hersteller, findest du auch einige kompatible Akkus sowie Ladeger\u00e4te, welche von Drittherstellern angeboten werden und problemlos genutzt werden k\u00f6nnen<\/strong>. Einen kompatiblen Batteriegriff gibt es f\u00fcr die PEN E-P7 hingegen nicht.<\/span>\n\t\t\t<\/div>\n\t\t\t\n\t\t<\/li>\n\n<li class=\"ub_styled_list_item\" style=\"font-size: 14px;; --ub-list-item-icon-top: 3px; --ub-list-item-icon-size: 0.9em; --ub-list-item-background-image: url('data:image\/svg+xml;utf8,&lt;svg xmlns=&quot;http:\/\/www.w3.org\/2000\/svg&quot; viewBox=&quot;0 0 512 512&quot;&gt;&lt;path fill=&quot;%23000000&quot; d=&quot;M470.6 105.4c12.5 12.5 12.5 32.8 0 45.3l-256 256c-12.5 12.5-32.8 12.5-45.3 0l-128-128c-12.5-12.5-12.5-32.8 0-45.3s32.8-12.5 45.3 0L192 338.7 425.4 105.4c12.5-12.5 32.8-12.5 45.3 0z&quot;&gt;&lt;\/path&gt;&lt;\/svg&gt;'); \" id=\"ub-styled-list-item-56afb993-745f-4832-99c6-ee7953aadef7\">\n\t\t\t<div class=\"ub_list_item_content\">\n\t\t\t\t<span class=\"ub_list_item_icon\">\n\t\t\t\t\t<svg width=\"0.9em\" height=\"0.9em\" xmlns=\"http:\/\/www.w3.org\/2000\/svg\" viewbox=\"0 0 512 512\"><path fill=\"#000000\" d=\"M470.6 105.4c12.5 12.5 12.5 32.8 0 45.3l-256 256c-12.5 12.5-32.8 12.5-45.3 0l-128-128c-12.5-12.5-12.5-32.8 0-45.3s32.8-12.5 45.3 0L192 338.7 425.4 105.4c12.5-12.5 32.8-12.5 45.3 0z\"><\/path><\/svg>\n\t\t\t\t<\/span>\n\t\t\t\t<span class=\"ub_list_item_text\">F\u00fcr die A<strong>ufbewahrung und den Transport der Kamera ist eine geeignete Kameratasche sinnvoll<\/strong>. In ihren Ausma\u00dfen ist die PEN P7 sehr handlich und kompakt. Entsprechend reicht in vielen F\u00e4llen eine <a href=\"https:\/\/erikdraeger.com\/ratgeber\/fototasche\/\">kleine Umh\u00e4ngetasche<\/a>, sofern du wenig Zubeh\u00f6r dabei hast. Ben\u00f6tigst du hingegen etwas mehr Platz, so kannst du auch einen <a href=\"https:\/\/erikdraeger.com\/ratgeber\/fotorucksack\/\">Kamerarucksack <\/a>in Betracht ziehen, welche \u00fcber mehrere Kammern verf\u00fcgt, in denen du weiteres Zubeh\u00f6r wie Blitze oder noch mehr Objektive verstauen kannst.<\/span>\n\t\t\t<\/div>\n\t\t\t\n\t\t<\/li>\n\n<li class=\"ub_styled_list_item\" style=\"font-size: 14px;; --ub-list-item-icon-top: 3px; --ub-list-item-icon-size: 0.9em; --ub-list-item-background-image: url('data:image\/svg+xml;utf8,&lt;svg xmlns=&quot;http:\/\/www.w3.org\/2000\/svg&quot; viewBox=&quot;0 0 512 512&quot;&gt;&lt;path fill=&quot;%23000000&quot; d=&quot;M470.6 105.4c12.5 12.5 12.5 32.8 0 45.3l-256 256c-12.5 12.5-32.8 12.5-45.3 0l-128-128c-12.5-12.5-12.5-32.8 0-45.3s32.8-12.5 45.3 0L192 338.7 425.4 105.4c12.5-12.5 32.8-12.5 45.3 0z&quot;&gt;&lt;\/path&gt;&lt;\/svg&gt;'); \" id=\"ub-styled-list-item-b72997b7-b18f-424a-a150-2b2892784b4b\">\n\t\t\t<div class=\"ub_list_item_content\">\n\t\t\t\t<span class=\"ub_list_item_icon\">\n\t\t\t\t\t<svg width=\"0.9em\" height=\"0.9em\" xmlns=\"http:\/\/www.w3.org\/2000\/svg\" viewbox=\"0 0 512 512\"><path fill=\"#000000\" d=\"M470.6 105.4c12.5 12.5 12.5 32.8 0 45.3l-256 256c-12.5 12.5-32.8 12.5-45.3 0l-128-128c-12.5-12.5-12.5-32.8 0-45.3s32.8-12.5 45.3 0L192 338.7 425.4 105.4c12.5-12.5 32.8-12.5 45.3 0z\"><\/path><\/svg>\n\t\t\t\t<\/span>\n\t\t\t\t<span class=\"ub_list_item_text\">Das Gewicht der Kamera mit Speicherkarte und eingelegten Akku liegt <strong>bei lediglich 357 Gramm<\/strong>. Damit geh\u00f6rt sie zu den Leichtgewichten, auch innerhalb der Systemkameras. F\u00fcr die <strong>Suche nach einem passenden Kamerastativ<\/strong> ist das ein entscheidender Vorteil. So k\u00f6nnen leichte Kameras auch gut mit eher leichten Stativen zusammenarbeiten. In der Regel reicht hier ein stabiles Aluminium-Stativ aus.\u00a0<\/span>\n\t\t\t<\/div>\n\t\t\t\n\t\t<\/li>\n\n<li class=\"ub_styled_list_item\" style=\"font-size: 14px;; --ub-list-item-icon-top: 3px; --ub-list-item-icon-size: 0.9em; --ub-list-item-background-image: url('data:image\/svg+xml;utf8,&lt;svg xmlns=&quot;http:\/\/www.w3.org\/2000\/svg&quot; viewBox=&quot;0 0 512 512&quot;&gt;&lt;path fill=&quot;%23000000&quot; d=&quot;M470.6 105.4c12.5 12.5 12.5 32.8 0 45.3l-256 256c-12.5 12.5-32.8 12.5-45.3 0l-128-128c-12.5-12.5-12.5-32.8 0-45.3s32.8-12.5 45.3 0L192 338.7 425.4 105.4c12.5-12.5 32.8-12.5 45.3 0z&quot;&gt;&lt;\/path&gt;&lt;\/svg&gt;'); \" id=\"ub-styled-list-item-ef68421c-6d23-4371-977e-4662c3d741b9\">\n\t\t\t<div class=\"ub_list_item_content\">\n\t\t\t\t<span class=\"ub_list_item_icon\">\n\t\t\t\t\t<svg width=\"0.9em\" height=\"0.9em\" xmlns=\"http:\/\/www.w3.org\/2000\/svg\" viewbox=\"0 0 512 512\"><path fill=\"#000000\" d=\"M470.6 105.4c12.5 12.5 12.5 32.8 0 45.3l-256 256c-12.5 12.5-32.8 12.5-45.3 0l-128-128c-12.5-12.5-12.5-32.8 0-45.3s32.8-12.5 45.3 0L192 338.7 425.4 105.4c12.5-12.5 32.8-12.5 45.3 0z\"><\/path><\/svg>\n\t\t\t\t<\/span>\n\t\t\t\t<span class=\"ub_list_item_text\">Zum Speichern der Medien, verf\u00fcgt die Kamera \u00fcber einen <strong>SD-Speicherkarten-Slot<\/strong>. Hier k\u00f6nnen <strong>Speicherkarten im Format SD, SDXC, SDHC und UHS-I <\/strong>verwendet werden.<\/span>\n\t\t\t<\/div>\n\t\t\t\n\t\t<\/li>\n<\/div><\/ul><\/div><\/section>\n\n\n\n<section class=\"wp-block-uagb-section uagb-section__wrap uagb-section__background-color uagb-block-f91b4545\"><div class=\"uagb-section__overlay\"><\/div><div class=\"uagb-section__inner-wrap\">\n<p><em>Hier findest du alles zum Thema<\/em> <em><a href=\"https:\/\/erikdraeger.com\/ratgeber\/category\/systemkamera\/\">Systemkameras<\/a><\/em>.<\/p>\n<\/div><\/section>\n\n\n\n<pre class=\"wp-block-preformatted\">Die folgende Auswahl zeigt Produkte, welche sich anhand Erfahrungsberichte, verifizierte K\u00e4ufe und Kundenbewertung auszeichnen.<\/pre>\n\n\n\n<h2 class=\"wp-block-heading\">Objektive f\u00fcr die Olympus PEN PL7<\/h2>\n\n\n\n<pre class=\"wp-block-preformatted\">Hier findest du eine Reihe <strong>kompatibler sowie empfehlenswerter Objektive<\/strong> f\u00fcr die PL7. \n<\/pre>\n\n\n\n<div class=\"wp-block-group\"><div class=\"wp-block-group__inner-container is-layout-constrained wp-block-group-is-layout-constrained\">\n<p><strong>Normalobjektiv:<\/strong><\/p>\n\n\n\n<div class=\"aawp\">\n\n            \n            \n<div class=\"aawp-product aawp-product--horizontal aawp-product--inline-info\"  data-aawp-product-asin=\"B009C742Y2\" data-aawp-product-id=\"245080\" data-aawp-tracking-id=\"edraegerpho06-21\" data-aawp-product-title=\"Olympus M.Zuiko Digital ED 60mm F2.8 Objektiv Standardzoom geeignet f\u00fcr alle MFT-Kameras  Olympus OM-D &amp; PEN Modelle Panasonic G-Serie  schwarz\">\n\n    \n    <div class=\"aawp-product__thumb\">\n        <a class=\"aawp-product__image-link\"\n           href=\"https:\/\/www.amazon.de\/dp\/B009C742Y2?tag=edraegerpho06-21&linkCode=ogi&th=1&psc=1\" title=\"Olympus M.Zuiko Digital ED 60mm F2.8 | 46 mm\" rel=\"nofollow noopener sponsored\" target=\"_blank\">\n            <img decoding=\"async\" class=\"aawp-product__image\" src=\"https:\/\/erikdraeger.com\/ratgeber\/wp-content\/plugins\/aawp\/public\/image.php?url=YUhSMGNITTZMeTl0TG0xbFpHbGhMV0Z0WVhwdmJpNWpiMjB2YVcxaFoyVnpMMGt2TkRGNVJGcEhkbEZ5ZVV3dVgxTk1NVFl3WHk1cWNHYz18MTc3NzQ0NTE4Mg=\" alt=\"Olympus M.Zuiko Digital ED 60mm F2.8 | 46 mm\"  \/>\n        <\/a>\n\n            <\/div>\n\n    <div class=\"aawp-product__content\">\n        <a class=\"aawp-product__title\" href=\"https:\/\/www.amazon.de\/dp\/B009C742Y2?tag=edraegerpho06-21&linkCode=ogi&th=1&psc=1\" title=\"Olympus M.Zuiko Digital ED 60mm F2.8 | 46 mm\" rel=\"nofollow noopener sponsored\" target=\"_blank\">\n            Olympus M.Zuiko Digital ED 60mm F2.8 | 46 mm        <\/a>\n        <div class=\"aawp-product__description\">\n            Mit dem M.Zuiko Digital ED 60mm F2.8 von Olympus eine solides Makro-Objektiv f\u00fcr MFT-Kameras f\u00fcr gelungene und detailreiche Nahaufnahmen, Natur- und Portraitbilder. Mit einem Abbildungsma\u00dfstab von 1:1 f\u00e4ngst du feinste Strukturen gestochen scharf ein. Dazu bekommst du Dank der durchgehenden 2,8er Blende auch in lichtschwachen Situationen gute Bilder. Das wetterfeste Geh\u00e4use macht es dar\u00fcber hinaus zum zuverl\u00e4ssigen Begleiter im Outdoor-Bereich. Mit nur 185 g bleibt es angenehm leicht und mobil.        <\/div>\n    <\/div>\n\n    <div class=\"aawp-product__footer\">\n\n        <div class=\"aawp-product__pricing\">\n            \n            \n                    <\/div>\n\n                <a class=\"aawp-button aawp-button--buy rounded aawp-button--icon aawp-button--icon-amazon-black\" href=\"https:\/\/www.amazon.de\/dp\/B009C742Y2?tag=edraegerpho06-21&#038;linkCode=ogi&#038;th=1&#038;psc=1\" title=\"Bei Amazon ansehen\" target=\"_blank\" rel=\"nofollow noopener sponsored\">Bei Amazon ansehen<\/a>\n                    <span class=\"aawp-product__info\"><a href=\"#provisionshinweis\">Provisionshinweis<\/a><\/span>\n            <\/div>\n\n<\/div>\n\n    \n<\/div>\n\n\n\n\n<div style=\"height:30px\" aria-hidden=\"true\" class=\"wp-block-spacer\"><\/div>\n\n\n\n<p><strong>Weitwinkelobjektiv:<\/strong><\/p>\n\n\n\n<div class=\"aawp\">\n\n            \n            \n<div class=\"aawp-product aawp-product--horizontal aawp-product--ribbon aawp-product--sale aawp-product--inline-info\"  data-aawp-product-asin=\"B00G2UMTYC\" data-aawp-product-id=\"245088\" data-aawp-tracking-id=\"edraegerpho06-21\" data-aawp-product-title=\"Panasonic H-FS12032E LUMIX G Vario Standardzoom 12-32 mm F3.5-5.6 ASPH Objektiv  24-64 mm KB O.I.S Bildstabilisator  schwarz\">\n\n    <span class=\"aawp-product__ribbon aawp-product__ribbon--sale\">Angebot<\/span>\n    <div class=\"aawp-product__thumb\">\n        <a class=\"aawp-product__image-link\"\n           href=\"https:\/\/www.amazon.de\/dp\/B00G2UMTYC?tag=edraegerpho06-21&linkCode=ogi&th=1&psc=1\" title=\"Panasonic LUMIX G Vario 12-32 mm F3.5-5.6 ASPH (H-FS12032E) | \u00d8 37 mm\" rel=\"nofollow noopener sponsored\" target=\"_blank\">\n            <img decoding=\"async\" class=\"aawp-product__image\" src=\"https:\/\/erikdraeger.com\/ratgeber\/wp-content\/plugins\/aawp\/public\/image.php?url=YUhSMGNITTZMeTl0TG0xbFpHbGhMV0Z0WVhwdmJpNWpiMjB2YVcxaFoyVnpMMGt2TkRGTVFVNWlSVmxxVFV3dVgxTk1NVFl3WHk1cWNHYz18MTc3NzQ0NTE4Mg=\" alt=\"Panasonic LUMIX G Vario 12-32 mm F3.5-5.6 ASPH (H-FS12032E) | \u00d8 37 mm\"  \/>\n        <\/a>\n\n            <\/div>\n\n    <div class=\"aawp-product__content\">\n        <a class=\"aawp-product__title\" href=\"https:\/\/www.amazon.de\/dp\/B00G2UMTYC?tag=edraegerpho06-21&linkCode=ogi&th=1&psc=1\" title=\"Panasonic LUMIX G Vario 12-32 mm F3.5-5.6 ASPH (H-FS12032E) | \u00d8 37 mm\" rel=\"nofollow noopener sponsored\" target=\"_blank\">\n            Panasonic LUMIX G Vario 12-32 mm F3.5-5.6 ASPH (H-FS12032E) | \u00d8 37 mm        <\/a>\n        <div class=\"aawp-product__description\">\n            Bei dem LUMIX G Vario 12-32mm F3.5-5.6 ASPH handelt es sich um ein ultra-kompaktes Zoomobjektiv, das sich f\u00fcr Reisefotografie, Landschaftsaufnahmen und Videos eignet. Mit einem vielseitigen Brennweitenbereich von 12-32mm deckst du alles ab, von Weitwinkelaufnahmen bis zu Standardaufnahmen. Mit nur 210 g ist es besonders leicht und handlich, ideal f\u00fcr unterwegs.        <\/div>\n    <\/div>\n\n    <div class=\"aawp-product__footer\">\n\n        <div class=\"aawp-product__pricing\">\n                                                        \n            \n            <img loading=\"lazy\" decoding=\"async\" src=\"https:\/\/erikdraeger.com\/ratgeber\/wp-content\/plugins\/aawp\/assets\/img\/icon-check-prime.svg\" height=\"16\" width=\"55\" alt=\"Amazon Prime\" \/>        <\/div>\n\n                <a class=\"aawp-button aawp-button--buy rounded aawp-button--icon aawp-button--icon-amazon-black\" href=\"https:\/\/www.amazon.de\/dp\/B00G2UMTYC?tag=edraegerpho06-21&#038;linkCode=ogi&#038;th=1&#038;psc=1\" title=\"Bei Amazon ansehen\" target=\"_blank\" rel=\"nofollow noopener sponsored\">Bei Amazon ansehen<\/a>\n                    <span class=\"aawp-product__info\"><a href=\"#provisionshinweis\">Provisionshinweis<\/a><\/span>\n            <\/div>\n\n<\/div>\n\n    \n<\/div>\n\n\n\n\n<div style=\"height:30px\" aria-hidden=\"true\" class=\"wp-block-spacer\"><\/div>\n\n\n\n<p><strong>Telezoomobjektiv:<\/strong><\/p>\n\n\n\n<div class=\"aawp\">\n\n            \n            \n<div class=\"aawp-product aawp-product--horizontal aawp-product--inline-info\"  data-aawp-product-asin=\"B019MYY38O\" data-aawp-product-id=\"245298\" data-aawp-tracking-id=\"edraegerpho06-21\" data-aawp-product-title=\"Olympus M.Zuiko Digital ED 300mm F4.0 PRO Objektiv Telezoom geeignet f\u00fcr alle MFT-Kameras  Olympus OM-D &amp; PEN Modelle Panasonic G-Serie  schwarz\">\n\n    \n    <div class=\"aawp-product__thumb\">\n        <a class=\"aawp-product__image-link\"\n           href=\"https:\/\/www.amazon.de\/dp\/B019MYY38O?tag=edraegerpho06-21&linkCode=ogi&th=1&psc=1\" title=\"Olympus M.Zuiko Digital ED 300mm F4.0 PRO Objektiv\" rel=\"nofollow noopener sponsored\" target=\"_blank\">\n            <img decoding=\"async\" class=\"aawp-product__image\" src=\"https:\/\/erikdraeger.com\/ratgeber\/wp-content\/plugins\/aawp\/public\/image.php?url=YUhSMGNITTZMeTl0TG0xbFpHbGhMV0Z0WVhwdmJpNWpiMjB2YVcxaFoyVnpMMGt2TXpGcVNXdEVNek5DYWt3dVgxTk1NVFl3WHk1cWNHYz18MTc3NzQ0NTE4Mg=\" alt=\"Olympus M.Zuiko Digital ED 300mm F4.0 PRO Objektiv\"  \/>\n        <\/a>\n\n            <\/div>\n\n    <div class=\"aawp-product__content\">\n        <a class=\"aawp-product__title\" href=\"https:\/\/www.amazon.de\/dp\/B019MYY38O?tag=edraegerpho06-21&linkCode=ogi&th=1&psc=1\" title=\"Olympus M.Zuiko Digital ED 300mm F4.0 PRO Objektiv\" rel=\"nofollow noopener sponsored\" target=\"_blank\">\n            Olympus M.Zuiko Digital ED 300mm F4.0 PRO Objektiv        <\/a>\n        <div class=\"aawp-product__description\">\n            Wer auf eine professionelle Festbrennweite mit hoher Brennweite aus ist, der findet mit dem Olympus M.Zuiko Digital ED 300mm F4.0 PRO eine sehr geeignete Linse. So ist es eine passende Wahl f\u00fcr Sport-, Tier- und Naturfotografie. Trotz der beeindruckenden Brennweite bleibt es mit 1.270 g noch relativ leicht und bietet dank des integrierten Bildstabilisators verwacklungsfreie Aufnahmen. Der pr\u00e4zise Autofokus und die wetterfeste Konstruktion machen es zu einem zuverl\u00e4ssigen Begleiter f\u00fcr anspruchsvolle Fotografen, die auf Mobilit\u00e4t und Leistung angewiesen sind.        <\/div>\n    <\/div>\n\n    <div class=\"aawp-product__footer\">\n\n        <div class=\"aawp-product__pricing\">\n            \n            \n                    <\/div>\n\n                <a class=\"aawp-button aawp-button--buy rounded aawp-button--icon aawp-button--icon-amazon-black\" href=\"https:\/\/www.amazon.de\/dp\/B019MYY38O?tag=edraegerpho06-21&#038;linkCode=ogi&#038;th=1&#038;psc=1\" title=\"Bei Amazon ansehen\" target=\"_blank\" rel=\"nofollow noopener sponsored\">Bei Amazon ansehen<\/a>\n                    <span class=\"aawp-product__info\"><a href=\"#provisionshinweis\">Provisionshinweis<\/a><\/span>\n            <\/div>\n\n<\/div>\n\n    \n<\/div>\n\n\n\n\n<div style=\"height:30px\" aria-hidden=\"true\" class=\"wp-block-spacer\"><\/div>\n\n\n\n<p><strong>Weitere interessante Objektive:<\/strong><\/p>\n\n\n\n<div class=\"aawp\">\n\n    <table class=\"aawp-table\">\n        <thead>\n            <tr>\n                                <th class=\"aawp-table__th-thumb\">Vorschau<\/th>\n                <th class=\"aawp-table__th-title\">Produkt<\/th>\n                                                <th class=\"aawp-table__th-links\"><\/th>\n            <\/tr>\n        <\/thead>\n        <tbody>\n                    \n            <tr class=\"aawp-product aawp-product--ribbon aawp-product--sale aawp-product--inline-info\"  data-aawp-product-asin=\"B014X35XLU\" data-aawp-product-id=\"244976\" data-aawp-tracking-id=\"edraegerpho06-21\" data-aawp-product-title=\"Panasonic Lumix 25 mm F1.7 | H-H025E-K Prime Objektiv Schwarz \u2014 Micro 4\/3-Halterung kompatibel Panasonic &amp; Olymp\">\n                                <td class=\"aawp-table__td-thumb\" data-label=\"Vorschau\">\n                    <a href=\"https:\/\/www.amazon.de\/dp\/B014X35XLU?tag=edraegerpho06-21&linkCode=ogi&th=1&psc=1\" title=\"Panasonic Lumix 25 mm F1.7 | H-H025E-K Prime Objektiv, Schwarz \u2014 Micro 4\/3-Halterung kompatibel...\" rel=\"nofollow noopener sponsored\" target=\"_blank\">\n                        <img decoding=\"async\" class=\"aawp-product__img\" src=\"https:\/\/erikdraeger.com\/ratgeber\/wp-content\/plugins\/aawp\/public\/image.php?url=YUhSMGNITTZMeTl0TG0xbFpHbGhMV0Z0WVhwdmJpNWpiMjB2YVcxaFoyVnpMMGt2TkRGclRWbDRhbVoxU1V3dVgxTk1NVFl3WHk1cWNHYz18MTc3NzQ0NTE4Mg=\" alt=\"Panasonic Lumix 25 mm F1.7 | H-H025E-K Prime Objektiv, Schwarz \u2014 Micro 4\/3-Halterung kompatibel...\"  \/>\n                    <\/a>\n                <\/td>\n                <td class=\"aawp-table__td-title\" data-label=\"Produkt\">\n                    <a class=\"aawp-product__title\" href=\"https:\/\/www.amazon.de\/dp\/B014X35XLU?tag=edraegerpho06-21&linkCode=ogi&th=1&psc=1\" title=\"Panasonic Lumix 25 mm F1.7 | H-H025E-K Prime Objektiv, Schwarz \u2014 Micro 4\/3-Halterung kompatibel...\"\n                       rel=\"nofollow noopener sponsored\" target=\"_blank\">Panasonic Lumix 25 mm F1.7 | H-H025E-K Prime Objektiv, Schwarz \u2014 Micro 4\/3-Halterung kompatibel...                    <\/a>\n                <\/td>\n                                                <td class=\"aawp-table__td-links\" data-label=\"Link\">\n                                    <\/td>\n            <\/tr>\n\n                    \n            <tr class=\"aawp-product aawp-product--ribbon aawp-product--sale aawp-product--inline-info\"  data-aawp-product-asin=\"B00CPLQ7GI\" data-aawp-product-id=\"245297\" data-aawp-tracking-id=\"edraegerpho06-21\" data-aawp-product-title=\"Olympus M.Zuiko Digital 45mm F1.8 Objektiv lichtstarke Festbrennweite geeignet f\u00fcr alle MFT-Kameras  Olympus OM-D &amp; PEN Modelle Panasonic G-Serie  schwarz\">\n                                <td class=\"aawp-table__td-thumb\" data-label=\"Vorschau\">\n                    <a href=\"https:\/\/www.amazon.de\/dp\/B00CPLQ7GI?tag=edraegerpho06-21&linkCode=ogi&th=1&psc=1\" title=\"Olympus M.Zuiko Digital 45mm F1.8 Objektiv, lichtstarke Festbrennweite, geeignet f\u00fcr alle...\" rel=\"nofollow noopener sponsored\" target=\"_blank\">\n                        <img decoding=\"async\" class=\"aawp-product__img\" src=\"https:\/\/erikdraeger.com\/ratgeber\/wp-content\/plugins\/aawp\/public\/image.php?url=YUhSMGNITTZMeTl0TG0xbFpHbGhMV0Z0WVhwdmJpNWpiMjB2YVcxaFoyVnpMMGt2TkRGV01tWk9NalowYlV3dVgxTk1NVFl3WHk1cWNHYz18MTc3NzQ0NTE4Mg=\" alt=\"Olympus M.Zuiko Digital 45mm F1.8 Objektiv, lichtstarke Festbrennweite, geeignet f\u00fcr alle...\"  \/>\n                    <\/a>\n                <\/td>\n                <td class=\"aawp-table__td-title\" data-label=\"Produkt\">\n                    <a class=\"aawp-product__title\" href=\"https:\/\/www.amazon.de\/dp\/B00CPLQ7GI?tag=edraegerpho06-21&linkCode=ogi&th=1&psc=1\" title=\"Olympus M.Zuiko Digital 45mm F1.8 Objektiv, lichtstarke Festbrennweite, geeignet f\u00fcr alle...\"\n                       rel=\"nofollow noopener sponsored\" target=\"_blank\">Olympus M.Zuiko Digital 45mm F1.8 Objektiv, lichtstarke Festbrennweite, geeignet f\u00fcr alle...                    <\/a>\n                <\/td>\n                                                <td class=\"aawp-table__td-links\" data-label=\"Link\">\n                                    <\/td>\n            <\/tr>\n\n                    \n            <tr class=\"aawp-product aawp-product--ribbon aawp-product--sale aawp-product--inline-info\"  data-aawp-product-asin=\"B09RQPZC7V\" data-aawp-product-id=\"245255\" data-aawp-tracking-id=\"edraegerpho06-21\" data-aawp-product-title=\"OM SYSTEM M.Zuiko Digital ED 12-40mm F2.8 II PRO  Universalzoom geeignet f\u00fcr alle MFT-Kameras Olympus OM-D und Pen Modelle Panasonic G-Serie\">\n                                <td class=\"aawp-table__td-thumb\" data-label=\"Vorschau\">\n                    <a href=\"https:\/\/www.amazon.de\/dp\/B09RQPZC7V?tag=edraegerpho06-21&linkCode=ogi&th=1&psc=1\" title=\"OM SYSTEM M.Zuiko Digital ED 12-40mm F2.8 II PRO (Universalzoom, geeignet f\u00fcr alle MFT-Kameras...\" rel=\"nofollow noopener sponsored\" target=\"_blank\">\n                        <img decoding=\"async\" class=\"aawp-product__img\" src=\"https:\/\/erikdraeger.com\/ratgeber\/wp-content\/plugins\/aawp\/public\/image.php?url=YUhSMGNITTZMeTl0TG0xbFpHbGhMV0Z0WVhwdmJpNWpiMjB2YVcxaFoyVnpMMGt2TkRGcmVEZHNiMnA1YVV3dVgxTk1NVFl3WHk1cWNHYz18MTc3NzQ0NTE4Mg=\" alt=\"OM SYSTEM M.Zuiko Digital ED 12-40mm F2.8 II PRO (Universalzoom, geeignet f\u00fcr alle MFT-Kameras...\"  \/>\n                    <\/a>\n                <\/td>\n                <td class=\"aawp-table__td-title\" data-label=\"Produkt\">\n                    <a class=\"aawp-product__title\" href=\"https:\/\/www.amazon.de\/dp\/B09RQPZC7V?tag=edraegerpho06-21&linkCode=ogi&th=1&psc=1\" title=\"OM SYSTEM M.Zuiko Digital ED 12-40mm F2.8 II PRO (Universalzoom, geeignet f\u00fcr alle MFT-Kameras...\"\n                       rel=\"nofollow noopener sponsored\" target=\"_blank\">OM SYSTEM M.Zuiko Digital ED 12-40mm F2.8 II PRO (Universalzoom, geeignet f\u00fcr alle MFT-Kameras...                    <\/a>\n                <\/td>\n                                                <td class=\"aawp-table__td-links\" data-label=\"Link\">\n                                    <\/td>\n            <\/tr>\n\n                    \n            <tr class=\"aawp-product aawp-product--inline-info\"  data-aawp-product-asin=\"B00CPLQ5R4\" data-aawp-product-id=\"245530\" data-aawp-tracking-id=\"edraegerpho06-21\" data-aawp-product-title=\"Olympus M.Zuiko Digital 17mm F1.8 Objektiv lichtstarke Festbrennweite geeignet f\u00fcr alle MFT-Kameras  Olympus OM-D &amp; PEN Modelle Panasonic G-Serie  schwarz\">\n                                <td class=\"aawp-table__td-thumb\" data-label=\"Vorschau\">\n                    <a href=\"https:\/\/www.amazon.de\/dp\/B00CPLQ5R4?tag=edraegerpho06-21&linkCode=ogi&th=1&psc=1\" title=\"Olympus M.Zuiko Digital 17mm F1.8 Objektiv, lichtstarke Festbrennweite, geeignet f\u00fcr alle...\" rel=\"nofollow noopener sponsored\" target=\"_blank\">\n                        <img decoding=\"async\" class=\"aawp-product__img\" src=\"https:\/\/erikdraeger.com\/ratgeber\/wp-content\/plugins\/aawp\/public\/image.php?url=YUhSMGNITTZMeTl0TG0xbFpHbGhMV0Z0WVhwdmJpNWpiMjB2YVcxaFoyVnpMMGt2TkRGNFlWVktXakpQUlV3dVgxTk1NVFl3WHk1cWNHYz18MTc3NzQ0NTE4Mg=\" alt=\"Olympus M.Zuiko Digital 17mm F1.8 Objektiv, lichtstarke Festbrennweite, geeignet f\u00fcr alle...\"  \/>\n                    <\/a>\n                <\/td>\n                <td class=\"aawp-table__td-title\" data-label=\"Produkt\">\n                    <a class=\"aawp-product__title\" href=\"https:\/\/www.amazon.de\/dp\/B00CPLQ5R4?tag=edraegerpho06-21&linkCode=ogi&th=1&psc=1\" title=\"Olympus M.Zuiko Digital 17mm F1.8 Objektiv, lichtstarke Festbrennweite, geeignet f\u00fcr alle...\"\n                       rel=\"nofollow noopener sponsored\" target=\"_blank\">Olympus M.Zuiko Digital 17mm F1.8 Objektiv, lichtstarke Festbrennweite, geeignet f\u00fcr alle...                    <\/a>\n                <\/td>\n                                                <td class=\"aawp-table__td-links\" data-label=\"Link\">\n                                    <\/td>\n            <\/tr>\n\n                    \n            <tr class=\"aawp-product aawp-product--ribbon aawp-product--sale aawp-product--inline-info\"  data-aawp-product-asin=\"B00G2UMTYC\" data-aawp-product-id=\"245088\" data-aawp-tracking-id=\"edraegerpho06-21\" data-aawp-product-title=\"Panasonic H-FS12032E LUMIX G Vario Standardzoom 12-32 mm F3.5-5.6 ASPH Objektiv  24-64 mm KB O.I.S Bildstabilisator  schwarz\">\n                                <td class=\"aawp-table__td-thumb\" data-label=\"Vorschau\">\n                    <a href=\"https:\/\/www.amazon.de\/dp\/B00G2UMTYC?tag=edraegerpho06-21&linkCode=ogi&th=1&psc=1\" title=\"Panasonic H-FS12032E LUMIX G Vario Standardzoom 12-32 mm F3.5-5.6 ASPH. Objektiv (24-64 mm KB...\" rel=\"nofollow noopener sponsored\" target=\"_blank\">\n                        <img decoding=\"async\" class=\"aawp-product__img\" src=\"https:\/\/erikdraeger.com\/ratgeber\/wp-content\/plugins\/aawp\/public\/image.php?url=YUhSMGNITTZMeTl0TG0xbFpHbGhMV0Z0WVhwdmJpNWpiMjB2YVcxaFoyVnpMMGt2TkRGTVFVNWlSVmxxVFV3dVgxTk1NVFl3WHk1cWNHYz18MTc3NzQ0NTE4Mg=\" alt=\"Panasonic H-FS12032E LUMIX G Vario Standardzoom 12-32 mm F3.5-5.6 ASPH. Objektiv (24-64 mm KB...\"  \/>\n                    <\/a>\n                <\/td>\n                <td class=\"aawp-table__td-title\" data-label=\"Produkt\">\n                    <a class=\"aawp-product__title\" href=\"https:\/\/www.amazon.de\/dp\/B00G2UMTYC?tag=edraegerpho06-21&linkCode=ogi&th=1&psc=1\" title=\"Panasonic H-FS12032E LUMIX G Vario Standardzoom 12-32 mm F3.5-5.6 ASPH. Objektiv (24-64 mm KB...\"\n                       rel=\"nofollow noopener sponsored\" target=\"_blank\">Panasonic H-FS12032E LUMIX G Vario Standardzoom 12-32 mm F3.5-5.6 ASPH. Objektiv (24-64 mm KB...                    <\/a>\n                <\/td>\n                                                <td class=\"aawp-table__td-links\" data-label=\"Link\">\n                                    <\/td>\n            <\/tr>\n\n                    \n            <tr class=\"aawp-product aawp-product--inline-info\"  data-aawp-product-asin=\"B0058G40G6\" data-aawp-product-id=\"245803\" data-aawp-tracking-id=\"edraegerpho06-21\" data-aawp-product-title=\"Olympus M.Zuiko Digital ED 40-150mm F4\u20115.6 Objektiv Telezoom geeignet f\u00fcr alle MFT-Kameras  Olympus OM-D &amp; PEN Modelle Panasonic G-Serie  schwarz\">\n                                <td class=\"aawp-table__td-thumb\" data-label=\"Vorschau\">\n                    <a href=\"https:\/\/www.amazon.de\/dp\/B0058G40G6?tag=edraegerpho06-21&linkCode=ogi&th=1&psc=1\" title=\"Olympus M.Zuiko Digital ED 40-150mm F4\u20115.6 Objektiv, Telezoom, geeignet f\u00fcr alle MFT-Kameras...\" rel=\"nofollow noopener sponsored\" target=\"_blank\">\n                        <img decoding=\"async\" class=\"aawp-product__img\" src=\"https:\/\/erikdraeger.com\/ratgeber\/wp-content\/plugins\/aawp\/public\/image.php?url=YUhSMGNITTZMeTl0TG0xbFpHbGhMV0Z0WVhwdmJpNWpiMjB2YVcxaFoyVnpMMGt2TXpGUVVGVTRSV3cwZEV3dVgxTk1NVFl3WHk1cWNHYz18MTc3NzQ0NTE4Mg=\" alt=\"Olympus M.Zuiko Digital ED 40-150mm F4\u20115.6 Objektiv, Telezoom, geeignet f\u00fcr alle MFT-Kameras...\"  \/>\n                    <\/a>\n                <\/td>\n                <td class=\"aawp-table__td-title\" data-label=\"Produkt\">\n                    <a class=\"aawp-product__title\" href=\"https:\/\/www.amazon.de\/dp\/B0058G40G6?tag=edraegerpho06-21&linkCode=ogi&th=1&psc=1\" title=\"Olympus M.Zuiko Digital ED 40-150mm F4\u20115.6 Objektiv, Telezoom, geeignet f\u00fcr alle MFT-Kameras...\"\n                       rel=\"nofollow noopener sponsored\" target=\"_blank\">Olympus M.Zuiko Digital ED 40-150mm F4\u20115.6 Objektiv, Telezoom, geeignet f\u00fcr alle MFT-Kameras...                    <\/a>\n                <\/td>\n                                                <td class=\"aawp-table__td-links\" data-label=\"Link\">\n                                    <\/td>\n            <\/tr>\n\n                    \n            <tr class=\"aawp-product aawp-product--inline-info\"  data-aawp-product-asin=\"B00TS9G7VU\" data-aawp-product-id=\"246406\" data-aawp-tracking-id=\"edraegerpho06-21\" data-aawp-product-title=\"Samyang 85mm F1.4 Objektiv f\u00fcr Anschluss schwarz\">\n                                <td class=\"aawp-table__td-thumb\" data-label=\"Vorschau\">\n                    <a href=\"https:\/\/www.amazon.de\/dp\/B00TS9G7VU?tag=edraegerpho06-21&linkCode=ogi&th=1&psc=1\" title=\"Samyang 85mm F1.4 Objektiv f\u00fcr Anschluss schwarz\" rel=\"nofollow noopener sponsored\" target=\"_blank\">\n                        <img decoding=\"async\" class=\"aawp-product__img\" src=\"https:\/\/erikdraeger.com\/ratgeber\/wp-content\/plugins\/aawp\/public\/image.php?url=YUhSMGNITTZMeTl0TG0xbFpHbGhMV0Z0WVhwdmJpNWpiMjB2YVcxaFoyVnpMMGt2TkRGR1kxUjBja0pDWTB3dVgxTk1NVFl3WHk1cWNHYz18MTc3NzQ0NTE4Mg=\" alt=\"Samyang 85mm F1.4 Objektiv f\u00fcr Anschluss schwarz\"  \/>\n                    <\/a>\n                <\/td>\n                <td class=\"aawp-table__td-title\" data-label=\"Produkt\">\n                    <a class=\"aawp-product__title\" href=\"https:\/\/www.amazon.de\/dp\/B00TS9G7VU?tag=edraegerpho06-21&linkCode=ogi&th=1&psc=1\" title=\"Samyang 85mm F1.4 Objektiv f\u00fcr Anschluss schwarz\"\n                       rel=\"nofollow noopener sponsored\" target=\"_blank\">Samyang 85mm F1.4 Objektiv f\u00fcr Anschluss schwarz                    <\/a>\n                <\/td>\n                                                <td class=\"aawp-table__td-links\" data-label=\"Link\">\n                                    <\/td>\n            <\/tr>\n\n                <\/tbody>\n    <\/table>\n\n<\/div>\n\n\n\n\n<div style=\"height:9px\" aria-hidden=\"true\" class=\"wp-block-spacer\"><\/div>\n\n\n\n<section class=\"wp-block-uagb-section uagb-section__wrap uagb-section__background-color uagb-block-d4173e10\"><div class=\"uagb-section__overlay\"><\/div><div class=\"uagb-section__inner-wrap\">\n<p><strong>Hier findest du weitere passende Objektive: <em><a href=\"https:\/\/erikdraeger.com\/ratgeber\/panasonic-mft-objektive\/\">MFT-Objektive von Panasonic<\/a><\/em>.<\/strong><\/p>\n<\/div><\/section>\n<\/div><\/div>\n\n\n\n<h2 class=\"wp-block-heading\">Akku &amp; Akkuladeger\u00e4t<\/h2>\n\n\n\n<pre class=\"wp-block-preformatted\">Dies ist der <strong>originale bzw. passende Dritthersteller-Akku<\/strong> von der Olympus PL7 mit der passenden <strong>Ladestation<\/strong>. <\/pre>\n\n\n\n<div class=\"aawp\">\n\n            \n            \n<div class=\"aawp-product aawp-product--horizontal aawp-product--inline-info\"  data-aawp-product-asin=\"B00N5TL7WI\" data-aawp-product-id=\"245302\" data-aawp-tracking-id=\"edraegerpho06-21\" data-aawp-product-title=\"Olympus BLS-50 Li-Ion Akku  f\u00fcr OM-D E-M10 E-M10 Mark II\/Mark III Stylus 1\/1s E-4xx E-6xx PEN au\u00dfer E-P5 &amp; Pen-F\">\n\n    \n    <div class=\"aawp-product__thumb\">\n        <a class=\"aawp-product__image-link\"\n           href=\"https:\/\/www.amazon.de\/dp\/B00N5TL7WI?tag=edraegerpho06-21&linkCode=ogi&th=1&psc=1\" title=\"Olympus BLS-50 Li-Ion Akku (f\u00fcr OM-D E-M10, E-M10 Mark II\/Mark III, Stylus 1\/1s, E-4xx, E-6xx, PEN...\" rel=\"nofollow noopener sponsored\" target=\"_blank\">\n            <img decoding=\"async\" class=\"aawp-product__image\" src=\"https:\/\/erikdraeger.com\/ratgeber\/wp-content\/plugins\/aawp\/public\/image.php?url=YUhSMGNITTZMeTl0TG0xbFpHbGhMV0Z0WVhwdmJpNWpiMjB2YVcxaFoyVnpMMGt2TXpGTlVsZFVibGt4T0V3dVgxTk1NVFl3WHk1cWNHYz18MTc3NzQ0NTE4Mg=\" alt=\"Olympus BLS-50 Li-Ion Akku (f\u00fcr OM-D E-M10, E-M10 Mark II\/Mark III, Stylus 1\/1s, E-4xx, E-6xx, PEN...\"  \/>\n        <\/a>\n\n            <\/div>\n\n    <div class=\"aawp-product__content\">\n        <a class=\"aawp-product__title\" href=\"https:\/\/www.amazon.de\/dp\/B00N5TL7WI?tag=edraegerpho06-21&linkCode=ogi&th=1&psc=1\" title=\"Olympus BLS-50 Li-Ion Akku (f\u00fcr OM-D E-M10, E-M10 Mark II\/Mark III, Stylus 1\/1s, E-4xx, E-6xx, PEN...\" rel=\"nofollow noopener sponsored\" target=\"_blank\">\n            Olympus BLS-50 Li-Ion Akku (f\u00fcr OM-D E-M10, E-M10 Mark II\/Mark III, Stylus 1\/1s, E-4xx, E-6xx, PEN...        <\/a>\n        <div class=\"aawp-product__description\">\n            <ul><li>Kompatibel mit fast allen Olympus PEN-Modellen, 1210 mAh Lithium-Ionen-Akku<\/li><li>Moderne Akkutechnik f\u00fcr hoch Leistung<\/li><li>Original Olympus Produkt<\/li><li>Hochwertig verarbeitet<\/li><li>Lieferumfang: Olympus BLS-50 Li-Ion Akku (f\u00fcr Olympus PEN-au\u00dfer E-P5, PS-BSCS notwendig, Olympus Stylus-1\/E-4xx\/E-6xx\/OM-D E-M10\/Stylus 1s)<\/li><\/ul>        <\/div>\n    <\/div>\n\n    <div class=\"aawp-product__footer\">\n\n        <div class=\"aawp-product__pricing\">\n            \n            \n                    <\/div>\n\n                <a class=\"aawp-button aawp-button--buy rounded aawp-button--icon aawp-button--icon-amazon-black\" href=\"https:\/\/www.amazon.de\/dp\/B00N5TL7WI?tag=edraegerpho06-21&#038;linkCode=ogi&#038;th=1&#038;psc=1\" title=\"Bei Amazon ansehen\" target=\"_blank\" rel=\"nofollow noopener sponsored\">Bei Amazon ansehen<\/a>\n                    <span class=\"aawp-product__info\"><a href=\"#provisionshinweis\">Provisionshinweis<\/a><\/span>\n            <\/div>\n\n<\/div>\n\n            \n            \n<div class=\"aawp-product aawp-product--horizontal aawp-product--inline-info\"  data-aawp-product-asin=\"B004CJ849O\" data-aawp-product-id=\"245713\" data-aawp-tracking-id=\"edraegerpho06-21\" data-aawp-product-title=\"Olympus BCS-5 Ladeger\u00e4t  geeignet f\u00fcr BLS-5  PS-BCS5\">\n\n    \n    <div class=\"aawp-product__thumb\">\n        <a class=\"aawp-product__image-link\"\n           href=\"https:\/\/www.amazon.de\/dp\/B004CJ849O?tag=edraegerpho06-21&linkCode=ogi&th=1&psc=1\" title=\"Olympus BCS-5 Ladeger\u00e4t (geeignet f\u00fcr BLS-5), PS-BCS5\" rel=\"nofollow noopener sponsored\" target=\"_blank\">\n            <img decoding=\"async\" class=\"aawp-product__image\" src=\"https:\/\/erikdraeger.com\/ratgeber\/wp-content\/plugins\/aawp\/public\/image.php?url=YUhSMGNITTZMeTl0TG0xbFpHbGhMV0Z0WVhwdmJpNWpiMjB2YVcxaFoyVnpMMGt2TXpGU2FscEhZbEJJYzB3dVgxTk1NVFl3WHk1cWNHYz18MTc3NzQ0NTE4Mg=\" alt=\"Olympus BCS-5 Ladeger\u00e4t (geeignet f\u00fcr BLS-5), PS-BCS5\"  \/>\n        <\/a>\n\n            <\/div>\n\n    <div class=\"aawp-product__content\">\n        <a class=\"aawp-product__title\" href=\"https:\/\/www.amazon.de\/dp\/B004CJ849O?tag=edraegerpho06-21&linkCode=ogi&th=1&psc=1\" title=\"Olympus BCS-5 Ladeger\u00e4t (geeignet f\u00fcr BLS-5), PS-BCS5\" rel=\"nofollow noopener sponsored\" target=\"_blank\">\n            Olympus BCS-5 Ladeger\u00e4t (geeignet f\u00fcr BLS-5), PS-BCS5        <\/a>\n        <div class=\"aawp-product__description\">\n            <ul><li>Ladeger\u00e4t f\u00fcr Lithium?Ionen?Akku BLS?5, BLS?50<\/li><li>Akku-Ladeger\u00e4t<\/li><li>Entwickelt f\u00fcr den BLS?5, BLS?50; 100~240V AC<\/li><li>Es ist international einsetzbar (100 ? 240V); Ladezeit: 210 Minuten<\/li><li>Lieferumfang: Olympus PS-BCS5 Ladeger\u00e4t<\/li><\/ul>        <\/div>\n    <\/div>\n\n    <div class=\"aawp-product__footer\">\n\n        <div class=\"aawp-product__pricing\">\n            \n            \n            <img loading=\"lazy\" decoding=\"async\" src=\"https:\/\/erikdraeger.com\/ratgeber\/wp-content\/plugins\/aawp\/assets\/img\/icon-check-prime.svg\" height=\"16\" width=\"55\" alt=\"Amazon Prime\" \/>        <\/div>\n\n                <a class=\"aawp-button aawp-button--buy rounded aawp-button--icon aawp-button--icon-amazon-black\" href=\"https:\/\/www.amazon.de\/dp\/B004CJ849O?tag=edraegerpho06-21&#038;linkCode=ogi&#038;th=1&#038;psc=1\" title=\"Bei Amazon ansehen\" target=\"_blank\" rel=\"nofollow noopener sponsored\">Bei Amazon ansehen<\/a>\n                    <span class=\"aawp-product__info\"><a href=\"#provisionshinweis\">Provisionshinweis<\/a><\/span>\n            <\/div>\n\n<\/div>\n\n    \n<\/div>\n\n\n\n\n<h2 class=\"wp-block-heading\">Blitze f\u00fcr die Olympus PEN PL7<\/h2>\n\n\n\n<pre class=\"wp-block-preformatted\">Hier findest du einige kompatible <strong>Aufsteckblitze<\/strong> f\u00fcr die PL7.<\/pre>\n\n\n\n<div class=\"aawp\">\n\n            \n            \n<div class=\"aawp-product aawp-product--horizontal aawp-product--inline-info\"  data-aawp-product-asin=\"B07N6SY4J2\" data-aawp-product-id=\"245902\" data-aawp-tracking-id=\"edraegerpho06-21\" data-aawp-product-title=\"Olympus FL-700WR Blitz\">\n\n    \n    <div class=\"aawp-product__thumb\">\n        <a class=\"aawp-product__image-link\"\n           href=\"https:\/\/www.amazon.de\/dp\/B07N6SY4J2?tag=edraegerpho06-21&linkCode=ogi&th=1&psc=1\" title=\"Olympus FL-700WR Blitz\" rel=\"nofollow noopener sponsored\" target=\"_blank\">\n            <img decoding=\"async\" class=\"aawp-product__image\" src=\"https:\/\/erikdraeger.com\/ratgeber\/wp-content\/plugins\/aawp\/public\/image.php?url=YUhSMGNITTZMeTl0TG0xbFpHbGhMV0Z0WVhwdmJpNWpiMjB2YVcxaFoyVnpMMGt2TXpGelpqQlNZbU5HY1V3dVgxTk1NVFl3WHk1cWNHYz18MTc3NzQ0NTE4Mg=\" alt=\"Olympus FL-700WR Blitz\"  \/>\n        <\/a>\n\n            <\/div>\n\n    <div class=\"aawp-product__content\">\n        <a class=\"aawp-product__title\" href=\"https:\/\/www.amazon.de\/dp\/B07N6SY4J2?tag=edraegerpho06-21&linkCode=ogi&th=1&psc=1\" title=\"Olympus FL-700WR Blitz\" rel=\"nofollow noopener sponsored\" target=\"_blank\">\n            Olympus FL-700WR Blitz        <\/a>\n        <div class=\"aawp-product__description\">\n            <ul><li>Blitz (GN-42) mit hoher Intensit\u00e4t und kompakten, leichtem Design<\/li><li>Kabellose Steuerung via Radiowellen<\/li><li>Spritzwasser und Staubschautz<\/li><li>eine Vielzahl von Aufnahmefunktionen<\/li><\/ul>        <\/div>\n    <\/div>\n\n    <div class=\"aawp-product__footer\">\n\n        <div class=\"aawp-product__pricing\">\n            \n            \n                    <\/div>\n\n                <a class=\"aawp-button aawp-button--buy rounded aawp-button--icon aawp-button--icon-amazon-black\" href=\"https:\/\/www.amazon.de\/dp\/B07N6SY4J2?tag=edraegerpho06-21&#038;linkCode=ogi&#038;th=1&#038;psc=1\" title=\"Bei Amazon ansehen\" target=\"_blank\" rel=\"nofollow noopener sponsored\">Bei Amazon ansehen<\/a>\n                    <span class=\"aawp-product__info\"><a href=\"#provisionshinweis\">Provisionshinweis<\/a><\/span>\n            <\/div>\n\n<\/div>\n\n            \n            \n<div class=\"aawp-product aawp-product--horizontal aawp-product--inline-info\"  data-aawp-product-asin=\"B01LZGWLH8\" data-aawp-product-id=\"245292\" data-aawp-tracking-id=\"edraegerpho06-21\" data-aawp-product-title=\"Olympus FL-900R Blitzger\u00e4t f\u00fcr OM-D und PEN-Modelle\">\n\n    \n    <div class=\"aawp-product__thumb\">\n        <a class=\"aawp-product__image-link\"\n           href=\"https:\/\/www.amazon.de\/dp\/B01LZGWLH8?tag=edraegerpho06-21&linkCode=ogi&th=1&psc=1\" title=\"Olympus FL-900R Blitzger\u00e4t f\u00fcr OM-D und PEN-Modelle\" rel=\"nofollow noopener sponsored\" target=\"_blank\">\n            <img decoding=\"async\" class=\"aawp-product__image\" src=\"https:\/\/erikdraeger.com\/ratgeber\/wp-content\/plugins\/aawp\/public\/image.php?url=YUhSMGNITTZMeTl0TG0xbFpHbGhMV0Z0WVhwdmJpNWpiMjB2YVcxaFoyVnpMMGt2TXpFM1RsSkVRMnhuWkV3dVgxTk1NVFl3WHk1cWNHYz18MTc3NzQ0NTE4Mg=\" alt=\"Olympus FL-900R Blitzger\u00e4t f\u00fcr OM-D und PEN-Modelle\"  \/>\n        <\/a>\n\n            <\/div>\n\n    <div class=\"aawp-product__content\">\n        <a class=\"aawp-product__title\" href=\"https:\/\/www.amazon.de\/dp\/B01LZGWLH8?tag=edraegerpho06-21&linkCode=ogi&th=1&psc=1\" title=\"Olympus FL-900R Blitzger\u00e4t f\u00fcr OM-D und PEN-Modelle\" rel=\"nofollow noopener sponsored\" target=\"_blank\">\n            Olympus FL-900R Blitzger\u00e4t f\u00fcr OM-D und PEN-Modelle        <\/a>\n        <div class=\"aawp-product__description\">\n            <ul><li>Leitzahl 58 bei ISO 100, Hohe Intensit\u00e4t mit High-Speed-Serienaufnahme-Kompatibilit\u00e4t<\/li><li>Staub-, spritzwassergesch\u00fctzt & frostsicher<\/li><li>unterst\u00fctzt Focus Bracketing und Focus Stacking, LED f\u00fcr anspruchsvolle Video-Beleuchtung (100 Lux bei 1m)<\/li><li>Bedienerfreundliches Einstellrad und Pfeiltasten<\/li><li>Olympus FL-900R Blitzger\u00e4t, Flash-Stand (FLST-1), Bounce-Adapter, Infrarotfilter, Blitzh\u00fclle, Bedienungsanleitung, Olympus Garantiekarte<\/li><\/ul>        <\/div>\n    <\/div>\n\n    <div class=\"aawp-product__footer\">\n\n        <div class=\"aawp-product__pricing\">\n            \n            \n                    <\/div>\n\n                <a class=\"aawp-button aawp-button--buy rounded aawp-button--icon aawp-button--icon-amazon-black\" href=\"https:\/\/www.amazon.de\/dp\/B01LZGWLH8?tag=edraegerpho06-21&#038;linkCode=ogi&#038;th=1&#038;psc=1\" title=\"Bei Amazon ansehen\" target=\"_blank\" rel=\"nofollow noopener sponsored\">Bei Amazon ansehen<\/a>\n                    <span class=\"aawp-product__info\"><a href=\"#provisionshinweis\">Provisionshinweis<\/a><\/span>\n            <\/div>\n\n<\/div>\n\n    \n<\/div>\n\n\n\n\n<h2 class=\"wp-block-heading\">Kamerataschen &amp; Rucks\u00e4cke <\/h2>\n\n\n\n<pre class=\"wp-block-preformatted\">Hier ist eine \u00dcbersicht von empfehlenswerten <strong>Kamerataschen &amp; Rucks\u00e4cken<\/strong> f\u00fcr die Kamera. <\/pre>\n\n\n\n<div class=\"aawp\">\n\n            \n            \n<div class=\"aawp-product aawp-product--horizontal aawp-product--inline-info\"  data-aawp-product-asin=\"B002CMSOFW\" data-aawp-product-id=\"246287\" data-aawp-tracking-id=\"edraegerpho06-21\" data-aawp-product-title=\"Mantona Premium Colt Schultertasche schwarz \u2013 220 x 200 x 140 mm \u2013 Outdoor Kameratasche mit Tragegurt Polsterung Schnellzugriff Staubschutz Fach \u2013 kompakt wasserdicht \u2013 f\u00fcr Spiegelreflex DSLR Kamera\">\n\n    \n    <div class=\"aawp-product__thumb\">\n        <a class=\"aawp-product__image-link\"\n           href=\"https:\/\/www.amazon.de\/dp\/B002CMSOFW?tag=edraegerpho06-21&linkCode=ogi&th=1&psc=1\" title=\"Mantona Colt DSLR Kameratasche\" rel=\"nofollow noopener sponsored\" target=\"_blank\">\n            <img decoding=\"async\" class=\"aawp-product__image\" src=\"https:\/\/erikdraeger.com\/ratgeber\/wp-content\/plugins\/aawp\/public\/image.php?url=YUhSMGNITTZMeTl0TG0xbFpHbGhMV0Z0WVhwdmJpNWpiMjB2YVcxaFoyVnpMMGt2TkRGYVNpc3RSbVprVUV3dVgxTk1NVFl3WHk1cWNHYz18MTc3NzQ0NTE4Mg=\" alt=\"Mantona Colt DSLR Kameratasche\"  \/>\n        <\/a>\n\n            <\/div>\n\n    <div class=\"aawp-product__content\">\n        <a class=\"aawp-product__title\" href=\"https:\/\/www.amazon.de\/dp\/B002CMSOFW?tag=edraegerpho06-21&linkCode=ogi&th=1&psc=1\" title=\"Mantona Colt DSLR Kameratasche\" rel=\"nofollow noopener sponsored\" target=\"_blank\">\n            Mantona Colt DSLR Kameratasche        <\/a>\n        <div class=\"aawp-product__description\">\n            Die Mantona Colt Fototasche besteht aus robustem Polyestermaterial, welches leicht zu reinigen ist und vor eindringende N\u00e4sse sch\u00fctzt. Die Tasche ist dabei f\u00fcr kleinere bis mittlere DSLR und Systemkameramodelle passend. Unter dem Deckel mit Clip-Verschluss und Rei\u00dfverschluss befindet sich das gepolsterte Hauptfach der Kameratasche. Neben dem Hauptfach, welches Platz f\u00fcr Kamera+Objektiv bietet, gibt es ein weitere Fronttasche sowie eine Innentasche \u2013 beide mit Rei\u00dfverschluss. Die Zusatztaschen bieten weiteren Stauraum f\u00fcr Kleinzubeh\u00f6r wie Akkus und Speicherkarten. Die Mantona Colt ist vielen verschiedenen Farben erh\u00e4ltlich. Innenma\u00dfe: 18x16x10 cm        <\/div>\n    <\/div>\n\n    <div class=\"aawp-product__footer\">\n\n        <div class=\"aawp-product__pricing\">\n            \n            \n                    <\/div>\n\n                <a class=\"aawp-button aawp-button--buy rounded aawp-button--icon aawp-button--icon-amazon-black\" href=\"https:\/\/www.amazon.de\/dp\/B002CMSOFW?tag=edraegerpho06-21&#038;linkCode=ogi&#038;th=1&#038;psc=1\" title=\"Bei Amazon ansehen\" target=\"_blank\" rel=\"nofollow noopener sponsored\">Bei Amazon ansehen<\/a>\n                    <span class=\"aawp-product__info\"><a href=\"#provisionshinweis\">Provisionshinweis<\/a><\/span>\n            <\/div>\n\n<\/div>\n\n    \n<\/div>\n\n\n\n\n<div class=\"aawp\">\n\n            \n            \n<div class=\"aawp-product aawp-product--horizontal aawp-product--inline-info\"  data-aawp-product-asin=\"B01DT0E7A6\" data-aawp-product-id=\"246970\" data-aawp-tracking-id=\"edraegerpho06-21\" data-aawp-product-title=\"Bodyguard DSLR\/DSLM Kamera Tasche mit Zubeh\u00f6rf\u00e4chern I Schutz gegen St\u00f6\u00dfe &amp; Wetter I F\u00fcr Bridge- &amp; Systemkamera I Komfortabler Tragegurt I Schwarz\">\n\n    \n    <div class=\"aawp-product__thumb\">\n        <a class=\"aawp-product__image-link\"\n           href=\"https:\/\/www.amazon.de\/dp\/B01DT0E7A6?tag=edraegerpho06-21&linkCode=ogi&th=1&psc=1\" title=\"Bodyguard Systemkameratasche L\" rel=\"nofollow noopener sponsored\" target=\"_blank\">\n            <img decoding=\"async\" class=\"aawp-product__image\" src=\"https:\/\/erikdraeger.com\/ratgeber\/wp-content\/plugins\/aawp\/public\/image.php?url=YUhSMGNITTZMeTl0TG0xbFpHbGhMV0Z0WVhwdmJpNWpiMjB2YVcxaFoyVnpMMGt2TkRGMmREbEhkMmhXV0V3dVgxTk1NVFl3WHk1cWNHYz18MTc3NzQ0NTE4Mw=\" alt=\"Bodyguard Systemkameratasche L\"  \/>\n        <\/a>\n\n            <\/div>\n\n    <div class=\"aawp-product__content\">\n        <a class=\"aawp-product__title\" href=\"https:\/\/www.amazon.de\/dp\/B01DT0E7A6?tag=edraegerpho06-21&linkCode=ogi&th=1&psc=1\" title=\"Bodyguard Systemkameratasche L\" rel=\"nofollow noopener sponsored\" target=\"_blank\">\n            Bodyguard Systemkameratasche L        <\/a>\n        <div class=\"aawp-product__description\">\n            Die Systemkameratasche von Bodyguard bieteten einen ordentlichen Schutz f\u00fcr kleine DSLR, Bridgekameras sowie Systemkameras. Dank der dicken Polsterung und dem sicheren Rei\u00dfverschluss sch\u00fctzt sie Ihre Kamera zuverl\u00e4ssig vor St\u00f6\u00dfen, Schmutz und Regen. Die Tasche verf\u00fcgt \u00fcber einen praktischen Doppelrei\u00dfverschluss, bequemen Schultergurt sowie gepolsterte Handgriffe. Das ger\u00e4umige Hauptfach mit variabel verstellbarem Innenteiler bietet Platz f\u00fcr Kamera und Zubeh\u00f6r wie Filter, Akku, Ladeger\u00e4t oder Speicherkarten, die auch in der gro\u00dfen Vortasche verstaut werden k\u00f6nnen. Die Innenma\u00dfe betragen 15 x 13 x 10 cm (BxHxT) und die Au\u00dfenma\u00dfe 20 x 15 x 12 cm (BxHxT), bei einem Gewicht von 232 g.         <\/div>\n    <\/div>\n\n    <div class=\"aawp-product__footer\">\n\n        <div class=\"aawp-product__pricing\">\n            \n            \n                    <\/div>\n\n                <a class=\"aawp-button aawp-button--buy rounded aawp-button--icon aawp-button--icon-amazon-black\" href=\"https:\/\/www.amazon.de\/dp\/B01DT0E7A6?tag=edraegerpho06-21&#038;linkCode=ogi&#038;th=1&#038;psc=1\" title=\"Bei Amazon ansehen\" target=\"_blank\" rel=\"nofollow noopener sponsored\">Bei Amazon ansehen<\/a>\n                    <span class=\"aawp-product__info\"><a href=\"#provisionshinweis\">Provisionshinweis<\/a><\/span>\n            <\/div>\n\n<\/div>\n\n    \n<\/div>\n\n\n\n\n<div class=\"aawp\">\n\n            \n            \n<div class=\"aawp-product aawp-product--horizontal aawp-product--ribbon aawp-product--sale aawp-product--inline-info\"  data-aawp-product-asin=\"B08NT5TX4K\" data-aawp-product-id=\"246351\" data-aawp-tracking-id=\"edraegerpho06-21\" data-aawp-product-title=\"bagsmart Kamerarucksack DSLR SLR Kameratasche Passend f\u00fcr 13,3-Zoll Laptops Wasserfeste Fotorucksack mit Regenschutz Stativhalter Schwarz Mittel\">\n\n    <span class=\"aawp-product__ribbon aawp-product__ribbon--sale\">Angebot<\/span>\n    <div class=\"aawp-product__thumb\">\n        <a class=\"aawp-product__image-link\"\n           href=\"https:\/\/www.amazon.de\/dp\/B08NT5TX4K?tag=edraegerpho06-21&linkCode=ogi&th=1&psc=1\" title=\"Kamerarucksack von Bagsmart\" rel=\"nofollow noopener sponsored\" target=\"_blank\">\n            <img decoding=\"async\" class=\"aawp-product__image\" src=\"https:\/\/erikdraeger.com\/ratgeber\/wp-content\/plugins\/aawp\/public\/image.php?url=YUhSMGNITTZMeTl0TG0xbFpHbGhMV0Z0WVhwdmJpNWpiMjB2YVcxaFoyVnpMMGt2TkRGdk4yeGpUaTF1VUV3dVgxTk1NVFl3WHk1cWNHYz18MTc3NzQ0NTE4Mw=\" alt=\"Kamerarucksack von Bagsmart\"  \/>\n        <\/a>\n\n            <\/div>\n\n    <div class=\"aawp-product__content\">\n        <a class=\"aawp-product__title\" href=\"https:\/\/www.amazon.de\/dp\/B08NT5TX4K?tag=edraegerpho06-21&linkCode=ogi&th=1&psc=1\" title=\"Kamerarucksack von Bagsmart\" rel=\"nofollow noopener sponsored\" target=\"_blank\">\n            Kamerarucksack von Bagsmart        <\/a>\n        <div class=\"aawp-product__description\">\n            Als multifunktionale Tasche ist der Kamerarucksack von Bagsmart eine gute Wahl f\u00fcr ausgiebige Fototouren. Sie eignet sich f\u00fcr Systemkameras und DSLR gleicherma\u00dfen und kann auch Notebooks mit bis zu 13,3 Zoll aufnehmen. Er bietet Platz f\u00fcr eine DSLR-Kamera mit angesetztem Objektiv, 3-4 Standardobjektive und weiteres Zubeh\u00f6r. Der Rucksack hat ein gepolstertes Fach f\u00fcr Laptops und misst 36 cm x 26 cm x 14,5 cm. Mit f\u00fcnf herausnehmbaren, gepolsterten Trennw\u00e4nden und einem vollst\u00e4ndig offenen Design ist das Einsetzen und Organisieren der Kameraausr\u00fcstung unkompliziert. Ein intelligenter Riemen an der Seite erm\u00f6glicht das Tragen eines kompakten Stativs oder einer Selfie-Stange. Weitere Innentaschen bieten Platz f\u00fcr Speicherkarten, Schl\u00fcssel und Kopfh\u00f6rer. Der wasserabweisende Stoff und die mitgelieferte Regenh\u00fclle bieten zus\u00e4tzlichen Schutz bei schlechtem Wetter.        <\/div>\n    <\/div>\n\n    <div class=\"aawp-product__footer\">\n\n        <div class=\"aawp-product__pricing\">\n                                                        \n            \n                    <\/div>\n\n                <a class=\"aawp-button aawp-button--buy rounded aawp-button--icon aawp-button--icon-amazon-black\" href=\"https:\/\/www.amazon.de\/dp\/B08NT5TX4K?tag=edraegerpho06-21&#038;linkCode=ogi&#038;th=1&#038;psc=1\" title=\"Bei Amazon ansehen\" target=\"_blank\" rel=\"nofollow noopener sponsored\">Bei Amazon ansehen<\/a>\n                    <span class=\"aawp-product__info\"><a href=\"#provisionshinweis\">Provisionshinweis<\/a><\/span>\n            <\/div>\n\n<\/div>\n\n    \n<\/div>\n\n\n\n\n<section class=\"wp-block-uagb-section uagb-section__wrap uagb-section__background-color uagb-block-0755dbde\"><div class=\"uagb-section__overlay\"><\/div><div class=\"uagb-section__inner-wrap\">\n<p><strong>Hier findest du weitere passende Stative: <em><a href=\"https:\/\/erikdraeger.com\/ratgeber\/fototasche\/\">Empfehlenswerte kleine Kamerataschen<\/a><\/em>.<\/strong><\/p>\n<\/div><\/section>\n\n\n\n<div style=\"height:50px\" aria-hidden=\"true\" class=\"wp-block-spacer\"><\/div>\n\n\n\n<h2 class=\"wp-block-heading\">Empfehlenswerte Stative f\u00fcr die Olympus E-PL7<\/h2>\n\n\n\n<pre class=\"wp-block-preformatted\">Diese <strong>Stative <\/strong>sind passend und empfehlenswert f\u00fcr die PL7.<\/pre>\n\n\n\n<div class=\"aawp\">\n\n            \n            \n<div class=\"aawp-product aawp-product--horizontal aawp-product--ribbon aawp-product--sale aawp-product--inline-info\"  data-aawp-product-asin=\"B07YQ1GKJ6\" data-aawp-product-id=\"246513\" data-aawp-tracking-id=\"edraegerpho06-21\" data-aawp-product-title=\"CULLMANN Tr\u00e9pied\/Monopode Rondo 480M Avec RW20\">\n\n    <span class=\"aawp-product__ribbon aawp-product__ribbon--sale\">Angebot<\/span>\n    <div class=\"aawp-product__thumb\">\n        <a class=\"aawp-product__image-link\"\n           href=\"https:\/\/www.amazon.de\/dp\/B07YQ1GKJ6?tag=edraegerpho06-21&linkCode=ogi&th=1&psc=1\" title=\"Cullmann Rondo 480M\" rel=\"nofollow noopener sponsored\" target=\"_blank\">\n            <img decoding=\"async\" class=\"aawp-product__image\" src=\"https:\/\/erikdraeger.com\/ratgeber\/wp-content\/plugins\/aawp\/public\/image.php?url=YUhSMGNITTZMeTl0TG0xbFpHbGhMV0Z0WVhwdmJpNWpiMjB2YVcxaFoyVnpMMGt2TXpGQ1FtRjVWR2xpUzB3dVgxTk1NVFl3WHk1cWNHYz18MTc3NzQ0NTE4Mw=\" alt=\"Cullmann Rondo 480M\"  \/>\n        <\/a>\n\n            <\/div>\n\n    <div class=\"aawp-product__content\">\n        <a class=\"aawp-product__title\" href=\"https:\/\/www.amazon.de\/dp\/B07YQ1GKJ6?tag=edraegerpho06-21&linkCode=ogi&th=1&psc=1\" title=\"Cullmann Rondo 480M\" rel=\"nofollow noopener sponsored\" target=\"_blank\">\n            Cullmann Rondo 480M        <\/a>\n        <div class=\"aawp-product__description\">\n            Das Cullmann Rondo ist ein kompaktes Allround-Dreibeinstativ mit einem Eigengewicht von 1600 Gramm. Im zusammengepackten Zustand hat das Rondo eine L\u00e4nge von 48 cm und ist auch auf l\u00e4ngeren Fototouren angenehm zu transportieren. Mit einer maximalen Auszugsh\u00f6he von 183 cm ist es ausreichend hoch und flexibel f\u00fcr die meisten Fotoprojekte. Der robuste, individuell verstellbare 3-Wege-Kopf bietet eine Tragkraft von 4 kg. Die hochwertigen Schaumstoffpolster sch\u00fctzen die Stativbeine, und stabile Clips gew\u00e4hrleisten eine sichere Klemmung. Das Stativ verf\u00fcgt \u00fcber ein Standard 1\/4 Zoll Gewinde, das es f\u00fcr Kameras aller g\u00e4ngigen Hersteller wie Canon, Nikon, Fuji, Sony, etc. geeignet macht.        <\/div>\n    <\/div>\n\n    <div class=\"aawp-product__footer\">\n\n        <div class=\"aawp-product__pricing\">\n                                                        \n            \n            <img loading=\"lazy\" decoding=\"async\" src=\"https:\/\/erikdraeger.com\/ratgeber\/wp-content\/plugins\/aawp\/assets\/img\/icon-check-prime.svg\" height=\"16\" width=\"55\" alt=\"Amazon Prime\" \/>        <\/div>\n\n                <a class=\"aawp-button aawp-button--buy rounded aawp-button--icon aawp-button--icon-amazon-black\" href=\"https:\/\/www.amazon.de\/dp\/B07YQ1GKJ6?tag=edraegerpho06-21&#038;linkCode=ogi&#038;th=1&#038;psc=1\" title=\"Bei Amazon ansehen\" target=\"_blank\" rel=\"nofollow noopener sponsored\">Bei Amazon ansehen<\/a>\n                    <span class=\"aawp-product__info\"><a href=\"#provisionshinweis\">Provisionshinweis<\/a><\/span>\n            <\/div>\n\n<\/div>\n\n    \n<\/div>\n\n\n\n\n<div class=\"aawp\">\n\n            \n            \n<div class=\"aawp-product aawp-product--horizontal aawp-product--inline-info\"  data-aawp-product-asin=\"B09GKLCP95\" data-aawp-product-id=\"244380\" data-aawp-tracking-id=\"edraegerpho06-21\" data-aawp-product-title=\"Manfrotto MTPIXIMII-B PIXI Mini-Stativ mit Handgriff f\u00fcr kompakte Systemkameras DSLRs Spiegellos Video Hergestellt in Italien aus Technopolymer und Aluminium Schwarz\">\n\n    \n    <div class=\"aawp-product__thumb\">\n        <a class=\"aawp-product__image-link\"\n           href=\"https:\/\/www.amazon.de\/dp\/B09GKLCP95?tag=edraegerpho06-21&linkCode=ogi&th=1&psc=1\" title=\"Manfrotto Pixi Mini-Stativ\" rel=\"nofollow noopener sponsored\" target=\"_blank\">\n            <img decoding=\"async\" class=\"aawp-product__image\" src=\"https:\/\/erikdraeger.com\/ratgeber\/wp-content\/plugins\/aawp\/public\/image.php?url=YUhSMGNITTZMeTl0TG0xbFpHbGhMV0Z0WVhwdmJpNWpiMjB2YVcxaFoyVnpMMGt2TXpGUlN6ZHBNMHBLTUV3dVgxTk1NVFl3WHk1cWNHYz18MTc3NzQ0NTE4Mw=\" alt=\"Manfrotto Pixi Mini-Stativ\"  \/>\n        <\/a>\n\n            <\/div>\n\n    <div class=\"aawp-product__content\">\n        <a class=\"aawp-product__title\" href=\"https:\/\/www.amazon.de\/dp\/B09GKLCP95?tag=edraegerpho06-21&linkCode=ogi&th=1&psc=1\" title=\"Manfrotto Pixi Mini-Stativ\" rel=\"nofollow noopener sponsored\" target=\"_blank\">\n            Manfrotto Pixi Mini-Stativ        <\/a>\n        <div class=\"aawp-product__description\">\n            Das Manfrotto MTPIXIMII-B PIXI Mini-Stativ ist die perfekte Wahl f\u00fcr alle, die ein kompaktes, leichtes und dennoch stabiles Tischstativ suchen. Mit einem Eigengewicht von nur 190 g ist es extrem portabel, kann aber dennoch Kameras mit bis zu 1 kg sicher tragen. Dank des 1\/4-Zoll-Schraubgewindes ist es kompatibel mit Kompaktkameras, Systemkameras (CSC), Einsteiger-DSLRs und sogar Smartphones (mit Adapter). Der integrierte Kugelkopf mit schneller Arretierung erm\u00f6glicht flexible Perspektiven und pr\u00e4zise Einstellungen. Die H\u00f6he von 13,5 cm bietet eine ideale Basis f\u00fcr kreative Foto- und Videoaufnahmen. Ob f\u00fcr Vlogger, Content Creator oder Hobbyfotografen \u2013 das PIXI Mini-Stativ sorgt f\u00fcr stabile Aufnahmen \u00fcberall und jederzeit!        <\/div>\n    <\/div>\n\n    <div class=\"aawp-product__footer\">\n\n        <div class=\"aawp-product__pricing\">\n            \n            \n            <img loading=\"lazy\" decoding=\"async\" src=\"https:\/\/erikdraeger.com\/ratgeber\/wp-content\/plugins\/aawp\/assets\/img\/icon-check-prime.svg\" height=\"16\" width=\"55\" alt=\"Amazon Prime\" \/>        <\/div>\n\n                <a class=\"aawp-button aawp-button--buy rounded aawp-button--icon aawp-button--icon-amazon-black\" href=\"https:\/\/www.amazon.de\/dp\/B09GKLCP95?tag=edraegerpho06-21&#038;linkCode=ogi&#038;th=1&#038;psc=1\" title=\"Bei Amazon ansehen\" target=\"_blank\" rel=\"nofollow noopener sponsored\">Bei Amazon ansehen<\/a>\n                    <span class=\"aawp-product__info\"><a href=\"#provisionshinweis\">Provisionshinweis<\/a><\/span>\n            <\/div>\n\n<\/div>\n\n    \n<\/div>\n\n\n\n\n<div class=\"aawp\">\n\n            \n            \n<div class=\"aawp-product aawp-product--horizontal aawp-product--inline-info\"  data-aawp-product-asin=\"B08FX6G97Q\" data-aawp-product-id=\"244408\" data-aawp-tracking-id=\"edraegerpho06-21\" data-aawp-product-title=\"Rollei Ministativ Comfort Desktop Tischstativ mit 360\u00b0 Kugelkopf f\u00fcr DSLR DSLM &amp; Kompakt-Kameras Mini Stativ Tragbar 2-in-1 Kamerastativ Klein &amp; Handy Stativ Ministativ-Handystativ-Tischstativ-Klein\">\n\n    \n    <div class=\"aawp-product__thumb\">\n        <a class=\"aawp-product__image-link\"\n           href=\"https:\/\/www.amazon.de\/dp\/B08FX6G97Q?tag=edraegerpho06-21&linkCode=ogi&th=1&psc=1\" title=\"Rollei Ministativ Comfort Desktop\" rel=\"nofollow noopener sponsored\" target=\"_blank\">\n            <img decoding=\"async\" class=\"aawp-product__image\" src=\"https:\/\/erikdraeger.com\/ratgeber\/wp-content\/plugins\/aawp\/public\/image.php?url=YUhSMGNITTZMeTl0TG0xbFpHbGhMV0Z0WVhwdmJpNWpiMjB2YVcxaFoyVnpMMGt2TXpGekswRnRWRnBvVFV3dVgxTk1NVFl3WHk1cWNHYz18MTc3NzQ0NTE4Mw=\" alt=\"Rollei Ministativ Comfort Desktop\"  \/>\n        <\/a>\n\n            <\/div>\n\n    <div class=\"aawp-product__content\">\n        <a class=\"aawp-product__title\" href=\"https:\/\/www.amazon.de\/dp\/B08FX6G97Q?tag=edraegerpho06-21&linkCode=ogi&th=1&psc=1\" title=\"Rollei Ministativ Comfort Desktop\" rel=\"nofollow noopener sponsored\" target=\"_blank\">\n            Rollei Ministativ Comfort Desktop        <\/a>\n        <div class=\"aawp-product__description\">\n            Das Rollei Ministativ Comfort Desktop ist die ideale L\u00f6sung f\u00fcr alle, die ein kompaktes und flexibles Tisch-Stativ suchen. Mit einer maximalen H\u00f6he von 252 mm und einer minimalen H\u00f6he von 130 mm bietet es vielseitige Einsatzm\u00f6glichkeiten \u2013 perfekt f\u00fcr Produktfotografie, Livestreams oder kreative Videoaufnahmen.  Dank seines robusten Designs tr\u00e4gt das Stativ Kameras und Smartphones bis 1,2 kg sicher. Der 360\u00b0-Kugelkopf erm\u00f6glicht pr\u00e4zise Ausrichtungen und Panorama-Aufnahmen. Trotz seiner Stabilit\u00e4t bleibt das Ministativ mit einem Packma\u00df von nur 150 mm angenehm kompakt.  Ob Blogger, YouTuber oder Reisende \u2013 dieses Stativ ist ein vielseitiger Begleiter f\u00fcr beeindruckende Aufnahmen aus neuen Perspektiven.        <\/div>\n    <\/div>\n\n    <div class=\"aawp-product__footer\">\n\n        <div class=\"aawp-product__pricing\">\n            \n            \n            <img loading=\"lazy\" decoding=\"async\" src=\"https:\/\/erikdraeger.com\/ratgeber\/wp-content\/plugins\/aawp\/assets\/img\/icon-check-prime.svg\" height=\"16\" width=\"55\" alt=\"Amazon Prime\" \/>        <\/div>\n\n                <a class=\"aawp-button aawp-button--buy rounded aawp-button--icon aawp-button--icon-amazon-black\" href=\"https:\/\/www.amazon.de\/dp\/B08FX6G97Q?tag=edraegerpho06-21&#038;linkCode=ogi&#038;th=1&#038;psc=1\" title=\"Bei Amazon ansehen\" target=\"_blank\" rel=\"nofollow noopener sponsored\">Bei Amazon ansehen<\/a>\n                    <span class=\"aawp-product__info\"><a href=\"#provisionshinweis\">Provisionshinweis<\/a><\/span>\n            <\/div>\n\n<\/div>\n\n    \n<\/div>\n\n\n\n\n<section class=\"wp-block-uagb-section uagb-section__wrap uagb-section__background-color uagb-block-0755dbde\"><div class=\"uagb-section__overlay\"><\/div><div class=\"uagb-section__inner-wrap\">\n<p><strong>Hier findest du weitere passende Stative: <em><a href=\"https:\/\/erikdraeger.com\/ratgeber\/mini-stativ\/\">Empfehlenswerte Ministative f\u00fcr Kameras<\/a><\/em>.<\/strong><\/p>\n<\/div><\/section>\n\n\n\n<div style=\"height:50px\" aria-hidden=\"true\" class=\"wp-block-spacer\"><\/div>\n\n\n\n<h2 class=\"wp-block-heading\">Speicherkarten<\/h2>\n\n\n\n<pre class=\"wp-block-preformatted\">Diese <strong>Speicherkarten <\/strong>sind passend f\u00fcr die Kamera und sind bei anderen Fotografen beliebt.<\/pre>\n\n\n\n<div class=\"aawp\">\n\n            \n            \n<div class=\"aawp-product aawp-product--horizontal aawp-product--ribbon aawp-product--sale aawp-product--inline-info\"  data-aawp-product-asin=\"B07H9DVLBB\" data-aawp-product-id=\"243642\" data-aawp-tracking-id=\"edraegerpho06-21\" data-aawp-product-title=\"SanDisk Extreme PRO 128GB SDXC Memory Card up to 170MB\/s UHS-1 Class 10 U3 V30\">\n\n    <span class=\"aawp-product__ribbon aawp-product__ribbon--sale\">Angebot<\/span>\n    <div class=\"aawp-product__thumb\">\n        <a class=\"aawp-product__image-link\"\n           href=\"https:\/\/www.amazon.de\/dp\/B07H9DVLBB?tag=edraegerpho06-21&linkCode=ogi&th=1&psc=1\" title=\"SanDisk Extreme PRO 128GB SDXC Memory Card up to 170MB\/s, UHS-1, Class 10, U3, V30\" rel=\"nofollow noopener sponsored\" target=\"_blank\">\n            <img decoding=\"async\" class=\"aawp-product__image\" src=\"https:\/\/erikdraeger.com\/ratgeber\/wp-content\/plugins\/aawp\/public\/image.php?url=YUhSMGNITTZMeTl0TG0xbFpHbGhMV0Z0WVhwdmJpNWpiMjB2YVcxaFoyVnpMMGt2TkRFNGRsQnZaMUZ6UkV3dVgxTk1NVFl3WHk1cWNHYz18MTc3NzQ0NTE4Mw=\" alt=\"SanDisk Extreme PRO 128GB SDXC Memory Card up to 170MB\/s, UHS-1, Class 10, U3, V30\"  \/>\n        <\/a>\n\n            <\/div>\n\n    <div class=\"aawp-product__content\">\n        <a class=\"aawp-product__title\" href=\"https:\/\/www.amazon.de\/dp\/B07H9DVLBB?tag=edraegerpho06-21&linkCode=ogi&th=1&psc=1\" title=\"SanDisk Extreme PRO 128GB SDXC Memory Card up to 170MB\/s, UHS-1, Class 10, U3, V30\" rel=\"nofollow noopener sponsored\" target=\"_blank\">\n            SanDisk Extreme PRO 128GB SDXC Memory Card up to 170MB\/s, UHS-1, Class 10, U3, V30        <\/a>\n        <div class=\"aawp-product__description\">\n            <ul><li>Professionelle Leistung f\u00fcr schnelle Aufnahmen und 4K UHD Videos mit der SanDisk Speicherkarte; Im Lieferumfang inbegriffen ist die 2-j\u00e4hrige Nutzung der Software RescuePRO Deluxe zur Wiederherstellung von versehentlich gel\u00f6schten Bildern<\/li><li>Dank der schnellen \u00dcbertragung von bis zu 170 MB\/s warten Sie nicht mehr lange, w\u00e4hrend Ihre Bilder und Videos auf Ihre SD Karte oder von Ihrer SD Karte auf den Computer \u00fcbertragen werden<\/li><li>Machen Sie verlustfreie Videoaufzeichnungen dank UHS Speed Klasse 3 (U3) und Video Speed Klasse 30 (V30) mit der SD Karte f\u00fcr Kamera<\/li><li>Die SDXC Speicherkarte ist f\u00fcr extreme Bedingungen ausgelegt und ist dazu temperaturbest\u00e4ndig, wasserdicht, sto\u00dffest und r\u00f6ntgensicher<\/li><li>Lieferumfang: SanDisk Extreme PRO SDXC UHS-I Speicherkarte 128 GB (V30, \u00dcbertragungsgeschwindigkeit 170 MB\/s, U3, 4K UHD Videos, temperaturbest\u00e4ndig)<\/li><\/ul>        <\/div>\n    <\/div>\n\n    <div class=\"aawp-product__footer\">\n\n        <div class=\"aawp-product__pricing\">\n                                                        \n            \n                    <\/div>\n\n                <a class=\"aawp-button aawp-button--buy rounded aawp-button--icon aawp-button--icon-amazon-black\" href=\"https:\/\/www.amazon.de\/dp\/B07H9DVLBB?tag=edraegerpho06-21&#038;linkCode=ogi&#038;th=1&#038;psc=1\" title=\"Bei Amazon ansehen\" target=\"_blank\" rel=\"nofollow noopener sponsored\">Bei Amazon ansehen<\/a>\n                    <span class=\"aawp-product__info\"><a href=\"#provisionshinweis\">Provisionshinweis<\/a><\/span>\n            <\/div>\n\n<\/div>\n\n            \n            \n<div class=\"aawp-product aawp-product--horizontal aawp-product--inline-info\"  data-aawp-product-asin=\"B07C9PZJL9\" data-aawp-product-id=\"246114\" data-aawp-tracking-id=\"edraegerpho06-21\" data-aawp-product-title=\"Transcend Highspeed 64GB SDXC Speicherkarte  f\u00fcr Digitalkameras \/ Photo Box \/ allt\u00e4gliche Aufnahmen &amp; Videos \/ Autoradio  Class 10 UHS-I U1 Video Speed Class V30 f\u00fcr 4K Ultra HD TS64GSDC300S\">\n\n    \n    <div class=\"aawp-product__thumb\">\n        <a class=\"aawp-product__image-link\"\n           href=\"https:\/\/www.amazon.de\/dp\/B07C9PZJL9?tag=edraegerpho06-21&linkCode=ogi&th=1&psc=1\" title=\"Transcend Highspeed 64GB SDXC Speicherkarte (f\u00fcr Digitalkameras \/ Photo Box \/ allt\u00e4gliche...\" rel=\"nofollow noopener sponsored\" target=\"_blank\">\n            <img decoding=\"async\" class=\"aawp-product__image\" src=\"https:\/\/erikdraeger.com\/ratgeber\/wp-content\/plugins\/aawp\/public\/image.php?url=YUhSMGNITTZMeTl0TG0xbFpHbGhMV0Z0WVhwdmJpNWpiMjB2YVcxaFoyVnpMMGt2TWpGQmRtdHRTV1JoVGt3dVgxTk1NVFl3WHk1cWNHYz18MTc3NzQ0NTE4Mw=\" alt=\"Transcend Highspeed 64GB SDXC Speicherkarte (f\u00fcr Digitalkameras \/ Photo Box \/ allt\u00e4gliche...\"  \/>\n        <\/a>\n\n            <\/div>\n\n    <div class=\"aawp-product__content\">\n        <a class=\"aawp-product__title\" href=\"https:\/\/www.amazon.de\/dp\/B07C9PZJL9?tag=edraegerpho06-21&linkCode=ogi&th=1&psc=1\" title=\"Transcend Highspeed 64GB SDXC Speicherkarte (f\u00fcr Digitalkameras \/ Photo Box \/ allt\u00e4gliche...\" rel=\"nofollow noopener sponsored\" target=\"_blank\">\n            Transcend Highspeed 64GB SDXC Speicherkarte (f\u00fcr Digitalkameras \/ Photo Box \/ allt\u00e4gliche...        <\/a>\n        <div class=\"aawp-product__description\">\n            <ul><li>Kompatibel mit UHS Speed Class 3 (U1) und UHS Video Speed Class 30 (V30) Standards<\/li><li>64GB Speicherkapazit\u00e4t<\/li><li>Bis zu 100 MB\/s Lesen; 45 MB\/s Schreiben<\/li><li>Ideal f\u00fcr Digitalkameras f\u00fcr die t\u00e4gliche Aufzeichnung<\/li><li>Perfekt f\u00fcr ein ruhiges und ungest\u00f6rtes 4K Video Erlebnis, getestet, um extremen Bedingungen zu widerstehen<\/li><\/ul>        <\/div>\n    <\/div>\n\n    <div class=\"aawp-product__footer\">\n\n        <div class=\"aawp-product__pricing\">\n            \n            \n                    <\/div>\n\n                <a class=\"aawp-button aawp-button--buy rounded aawp-button--icon aawp-button--icon-amazon-black\" href=\"https:\/\/www.amazon.de\/dp\/B07C9PZJL9?tag=edraegerpho06-21&#038;linkCode=ogi&#038;th=1&#038;psc=1\" title=\"Bei Amazon ansehen\" target=\"_blank\" rel=\"nofollow noopener sponsored\">Bei Amazon ansehen<\/a>\n                    <span class=\"aawp-product__info\"><a href=\"#provisionshinweis\">Provisionshinweis<\/a><\/span>\n            <\/div>\n\n<\/div>\n\n    \n<\/div>\n\n\n\n\n<h2 class=\"wp-block-heading\">Displayschutzfolien<\/h2>\n\n\n\n<pre class=\"wp-block-preformatted\">Diese <strong>Displayschutzfolien <\/strong>sind f\u00fcr die Olympus PEN PL7 geeignet.<\/pre>\n\n\n\n<div class=\"aawp\">\n\n            \n            \n<div class=\"aawp-product aawp-product--horizontal aawp-product--inline-info\"  data-aawp-product-asin=\"B099WTMRZ6\" data-aawp-product-id=\"245826\" data-aawp-tracking-id=\"edraegerpho06-21\" data-aawp-product-title=\"SWIDO Schutzfolie f\u00fcr Olympus PEN E-P7 [2 St\u00fcck] Anti-Reflex MATT Entspiegelnd Hoher H\u00e4rtegrad Schutz vor Kratzer\/Folie Displayschutz Displayschutzfolie Panzerglas-Folie\">\n\n    \n    <div class=\"aawp-product__thumb\">\n        <a class=\"aawp-product__image-link\"\n           href=\"https:\/\/www.amazon.de\/dp\/B099WTMRZ6?tag=edraegerpho06-21&linkCode=ogi&th=1&psc=1\" title=\"SWIDO Schutzfolie f\u00fcr Olympus PEN E-P7 [2 St\u00fcck] Anti-Reflex MATT Entspiegelnd, Hoher H\u00e4rtegrad...\" rel=\"nofollow noopener sponsored\" target=\"_blank\">\n            <img decoding=\"async\" class=\"aawp-product__image\" src=\"https:\/\/erikdraeger.com\/ratgeber\/wp-content\/plugins\/aawp\/public\/image.php?url=YUhSMGNITTZMeTl0TG0xbFpHbGhMV0Z0WVhwdmJpNWpiMjB2YVcxaFoyVnpMMGt2TkRGcllXeFhPVFpqU2t3dVgxTk1NVFl3WHk1cWNHYz18MTc3NzQ0NTE4Mw=\" alt=\"SWIDO Schutzfolie f\u00fcr Olympus PEN E-P7 [2 St\u00fcck] Anti-Reflex MATT Entspiegelnd, Hoher H\u00e4rtegrad...\"  \/>\n        <\/a>\n\n            <\/div>\n\n    <div class=\"aawp-product__content\">\n        <a class=\"aawp-product__title\" href=\"https:\/\/www.amazon.de\/dp\/B099WTMRZ6?tag=edraegerpho06-21&linkCode=ogi&th=1&psc=1\" title=\"SWIDO Schutzfolie f\u00fcr Olympus PEN E-P7 [2 St\u00fcck] Anti-Reflex MATT Entspiegelnd, Hoher H\u00e4rtegrad...\" rel=\"nofollow noopener sponsored\" target=\"_blank\">\n            SWIDO Schutzfolie f\u00fcr Olympus PEN E-P7 [2 St\u00fcck] Anti-Reflex MATT Entspiegelnd, Hoher H\u00e4rtegrad...        <\/a>\n        <div class=\"aawp-product__description\">\n                    <\/div>\n    <\/div>\n\n    <div class=\"aawp-product__footer\">\n\n        <div class=\"aawp-product__pricing\">\n            \n            \n                    <\/div>\n\n                <a class=\"aawp-button aawp-button--buy rounded aawp-button--icon aawp-button--icon-amazon-black\" href=\"https:\/\/www.amazon.de\/dp\/B099WTMRZ6?tag=edraegerpho06-21&#038;linkCode=ogi&#038;th=1&#038;psc=1\" title=\"Bei Amazon ansehen\" target=\"_blank\" rel=\"nofollow noopener sponsored\">Bei Amazon ansehen<\/a>\n                    <span class=\"aawp-product__info\"><a href=\"#provisionshinweis\">Provisionshinweis<\/a><\/span>\n            <\/div>\n\n<\/div>\n\n            \n            \n<div class=\"aawp-product aawp-product--horizontal aawp-product--inline-info\"  data-aawp-product-asin=\"B097Y91XF5\" data-aawp-product-id=\"245827\" data-aawp-tracking-id=\"edraegerpho06-21\" data-aawp-product-title=\"BROTECT 3 St\u00fcck Schutzglas f\u00fcr Olympus PEN E-P7 Schutzfolie Panzer Folie Glas[Extrem Kratzfest 9H Anti-Fingerprint Ultra-Transparent]\">\n\n    \n    <div class=\"aawp-product__thumb\">\n        <a class=\"aawp-product__image-link\"\n           href=\"https:\/\/www.amazon.de\/dp\/B097Y91XF5?tag=edraegerpho06-21&linkCode=ogi&th=1&psc=1\" title=\"BROTECT 3 St\u00fcck Schutzglas f\u00fcr Olympus PEN E-P7 Schutzfolie Panzer Folie Glas[Extrem Kratzfest 9H...\" rel=\"nofollow noopener sponsored\" target=\"_blank\">\n            <img decoding=\"async\" class=\"aawp-product__image\" src=\"https:\/\/erikdraeger.com\/ratgeber\/wp-content\/plugins\/aawp\/public\/image.php?url=YUhSMGNITTZMeTl0TG0xbFpHbGhMV0Z0WVhwdmJpNWpiMjB2YVcxaFoyVnpMMGt2TkRFMWQxUkhhbGt0Y0V3dVgxTk1NVFl3WHk1cWNHYz18MTc3NzQ0NTE4Mw=\" alt=\"BROTECT 3 St\u00fcck Schutzglas f\u00fcr Olympus PEN E-P7 Schutzfolie Panzer Folie Glas[Extrem Kratzfest 9H...\"  \/>\n        <\/a>\n\n            <\/div>\n\n    <div class=\"aawp-product__content\">\n        <a class=\"aawp-product__title\" href=\"https:\/\/www.amazon.de\/dp\/B097Y91XF5?tag=edraegerpho06-21&linkCode=ogi&th=1&psc=1\" title=\"BROTECT 3 St\u00fcck Schutzglas f\u00fcr Olympus PEN E-P7 Schutzfolie Panzer Folie Glas[Extrem Kratzfest 9H...\" rel=\"nofollow noopener sponsored\" target=\"_blank\">\n            BROTECT 3 St\u00fcck Schutzglas f\u00fcr Olympus PEN E-P7 Schutzfolie Panzer Folie Glas[Extrem Kratzfest 9H...        <\/a>\n        <div class=\"aawp-product__description\">\n            <ul><li>[Beste deutsche Qualit\u00e4t] Dank exklusiver AirGlass Displayschutz Technologie Made in Germany, ist diese Schutzfolie extrahart und ultraleicht - 100% passgenauer Zuschnitt, kompatibel mit Olympus PEN E-P7<\/li><li>[Maximale Kratzfestigkeit] Flexibles AirGlass von BROTECT bietet Dir die 9H H\u00e4rte von Hartglas, ist aber durch den Kunststoffanteil 2-mal d\u00fcnner und leichter als \u00fcbliche Glasfolien<\/li><li>[Ultra klar] Durch die hohe Transparenz dieser klaren Schutzglas-Folie bleiben die Bildschirminhalte Deines Displays gestochen scharf, kompatibel mit Olympus PEN E-P7<\/li><li>[Anti-Fingerprint] Diese Folie hat eine zus\u00e4tzliche Anti-Fingerprint Beschichtung, sodass Schmutz und Fingerabdr\u00fccke auf Deinem Display keine Chance haben<\/li><li>[Leichte Anbringung] Dank speziell entwickelter Klebeschicht legt sich diese Displayschutzfolie einfach, blasenfrei und fast unsichtbar auf Dein Display<\/li><\/ul>        <\/div>\n    <\/div>\n\n    <div class=\"aawp-product__footer\">\n\n        <div class=\"aawp-product__pricing\">\n            \n            \n                    <\/div>\n\n                <a class=\"aawp-button aawp-button--buy rounded aawp-button--icon aawp-button--icon-amazon-black\" href=\"https:\/\/www.amazon.de\/dp\/B097Y91XF5?tag=edraegerpho06-21&#038;linkCode=ogi&#038;th=1&#038;psc=1\" title=\"Bei Amazon ansehen\" target=\"_blank\" rel=\"nofollow noopener sponsored\">Bei Amazon ansehen<\/a>\n                    <span class=\"aawp-product__info\"><a href=\"#provisionshinweis\">Provisionshinweis<\/a><\/span>\n            <\/div>\n\n<\/div>\n\n    \n<\/div>\n\n\n\n\n<hr class=\"wp-block-separator has-text-color has-base-color has-alpha-channel-opacity has-base-background-color has-background is-style-wide\"\/>\n\n\n\n<section class=\"wp-block-uagb-section uagb-section__wrap uagb-section__background-none uagb-block-8c1c1954\"><div class=\"uagb-section__overlay\"><\/div><div class=\"uagb-section__inner-wrap\">\n<p class=\"has-medium-font-size\"><strong>Mehr zum Thema erfahren<\/strong><\/p>\n\n\n\n<p><strong>Olympus<\/strong><\/p>\n\n\n<ul class=\"wp-block-latest-posts__list aligncenter wp-block-latest-posts\"><li><a class=\"wp-block-latest-posts__post-title\" href=\"https:\/\/erikdraeger.com\/ratgeber\/om-system-om-5-mark-ii-objektive-zubehoer\/\">OM System OM-5 Mark II &#8211; Objektive &amp; Zubeh\u00f6r<\/a><\/li>\n<li><a class=\"wp-block-latest-posts__post-title\" href=\"https:\/\/erikdraeger.com\/ratgeber\/om-systems-om-3-objektiv-zubehoer-guide\/\">OM Systems OM-3: Objektiv &amp; Zubeh\u00f6r-Guide<\/a><\/li>\n<li><a class=\"wp-block-latest-posts__post-title\" href=\"https:\/\/erikdraeger.com\/ratgeber\/olympus-pen-e-pl7-objektive-zubehoer\/\">Olympus PEN E-PL7 &#8211; Zubeh\u00f6r &#038; Objektive<\/a><\/li>\n<li><a class=\"wp-block-latest-posts__post-title\" href=\"https:\/\/erikdraeger.com\/ratgeber\/olympus-om-5-objektive-zubehoer\/\">OM Systems OM-5 &#8211; Objektive &amp; Zubeh\u00f6r<\/a><\/li>\n<li><a class=\"wp-block-latest-posts__post-title\" href=\"https:\/\/erikdraeger.com\/ratgeber\/olympus-om-d-e-m10-iv-objektive-zubehoer\/\">Olympus OM-D E-M10 Mark IV &#8211; Objektive &amp; Zubeh\u00f6r<\/a><\/li>\n<li><a class=\"wp-block-latest-posts__post-title\" href=\"https:\/\/erikdraeger.com\/ratgeber\/om-system-om-1-objektive-zubehoer\/\">OM Systems OM-1 &#8211; Empfehlenswerte Objektive &#038; Zubeh\u00f6r<\/a><\/li>\n<li><a class=\"wp-block-latest-posts__post-title\" href=\"https:\/\/erikdraeger.com\/ratgeber\/olympus-pen-e-pl10-objektive-zubehoer\/\">Olympus PEN E-PL10 &#8211; Objektive &amp; Zubeh\u00f6r<\/a><\/li>\n<li><a class=\"wp-block-latest-posts__post-title\" href=\"https:\/\/erikdraeger.com\/ratgeber\/om-system-tg-7-zubehoer\/\">OM System TG-7 &#8211; Empfehlenswertes Zubeh\u00f6r<\/a><\/li>\n<li><a class=\"wp-block-latest-posts__post-title\" href=\"https:\/\/erikdraeger.com\/ratgeber\/olympus-tg-6-zubehoer\/\">Olympus TG-6 &#8211; Empfehlenswertes Zubeh\u00f6r<\/a><\/li>\n<li><a class=\"wp-block-latest-posts__post-title\" href=\"https:\/\/erikdraeger.com\/ratgeber\/olympus-om-d-e-m5-mark-iii-objektive-zubehoer\/\">Olympus OM-D E-M5 III &#8211; Objektive &amp; Zubeh\u00f6r<\/a><\/li>\n<li><a class=\"wp-block-latest-posts__post-title\" href=\"https:\/\/erikdraeger.com\/ratgeber\/olympus-tg-5-zubehoer\/\">Olympus TG-5 &#8211; Passendes Zubeh\u00f6r<\/a><\/li>\n<li><a class=\"wp-block-latest-posts__post-title\" href=\"https:\/\/erikdraeger.com\/ratgeber\/mft-kamera\/\">Empfehlenswerte Micro-Four-Thirds Systemkameras<\/a><\/li>\n<li><a class=\"wp-block-latest-posts__post-title\" href=\"https:\/\/erikdraeger.com\/ratgeber\/olympus-systemkamera\/\">Die beliebtesten Systemkameras von Olympus im \u00dcberblick<\/a><\/li>\n<\/ul>\n\n\n<p><strong>Micro-Four-Thirds<\/strong><\/p>\n\n\n<ul class=\"wp-block-latest-posts__list aligncenter wp-block-latest-posts\"><li><a class=\"wp-block-latest-posts__post-title\" href=\"https:\/\/erikdraeger.com\/ratgeber\/mft-objektive-olympus\/\">Objektiv-\u00dcbersicht: MFT-Objektive von Olympus &amp; OM SYSTEM<\/a><\/li>\n<li><a class=\"wp-block-latest-posts__post-title\" href=\"https:\/\/erikdraeger.com\/ratgeber\/panasonic-mft-objektive\/\">Empfehlenswerte Micro Four Thirds-Objektive von Panasonic<\/a><\/li>\n<li><a class=\"wp-block-latest-posts__post-title\" href=\"https:\/\/erikdraeger.com\/ratgeber\/meike-objektive\/\">Die empfehlenswertesten Meike-Objektive<\/a><\/li>\n<li><a class=\"wp-block-latest-posts__post-title\" href=\"https:\/\/erikdraeger.com\/ratgeber\/mft-kamera\/\">Empfehlenswerte Micro-Four-Thirds Systemkameras<\/a><\/li>\n<li><a class=\"wp-block-latest-posts__post-title\" href=\"https:\/\/erikdraeger.com\/ratgeber\/weitwinkelobjektiv\/\">Die empfehlenswertesten Weitwinkelobjektive<\/a><\/li>\n<\/ul>\n\n\n<p><strong>Beleuchtung<\/strong><\/p>\n\n\n<ul class=\"wp-block-latest-posts__list aligncenter wp-block-latest-posts\"><li><a class=\"wp-block-latest-posts__post-title\" href=\"https:\/\/erikdraeger.com\/ratgeber\/led-ringleuchte\/\">Die besten LED-Ringleuchten f\u00fcr Fotografie und Video<\/a><\/li>\n<li><a class=\"wp-block-latest-posts__post-title\" href=\"https:\/\/erikdraeger.com\/ratgeber\/canon-blitz\/\">Aufsteckblitze f\u00fcr und von Canon im \u00dcberblick<\/a><\/li>\n<li><a class=\"wp-block-latest-posts__post-title\" href=\"https:\/\/erikdraeger.com\/ratgeber\/led-leuchtstab\/\">Die besten LED-Leuchtst\u00e4be<\/a><\/li>\n<li><a class=\"wp-block-latest-posts__post-title\" href=\"https:\/\/erikdraeger.com\/ratgeber\/videoleuchte-akku\/\">Die beliebtesten Video- und Fotoleuchten f\u00fcr unterwegs<\/a><\/li>\n<li><a class=\"wp-block-latest-posts__post-title\" href=\"https:\/\/erikdraeger.com\/ratgeber\/sony-blitz\/\">Die empfehlenswertesten Sony-Blitze f\u00fcr E-Mount<\/a><\/li>\n<li><a class=\"wp-block-latest-posts__post-title\" href=\"https:\/\/erikdraeger.com\/ratgeber\/fotozelt\/\">Die besten Fotozelte<\/a><\/li>\n<li><a class=\"wp-block-latest-posts__post-title\" href=\"https:\/\/erikdraeger.com\/ratgeber\/faltreflektor\/\">Die 6 empfehlenswertesten Faltreflektoren f\u00fcr Fotografen<\/a><\/li>\n<li><a class=\"wp-block-latest-posts__post-title\" href=\"https:\/\/erikdraeger.com\/ratgeber\/foto-softbox\/\">Die 5 besten Softboxen f\u00fcr Blitze und Lampen<\/a><\/li>\n<li><a class=\"wp-block-latest-posts__post-title\" href=\"https:\/\/erikdraeger.com\/ratgeber\/mini-softbox\/\">5 empfehlenswerte Mini-Softboxen f\u00fcr Aufsteckblitze<\/a><\/li>\n<li><a class=\"wp-block-latest-posts__post-title\" href=\"https:\/\/erikdraeger.com\/ratgeber\/greenscreen\/\">Die empfehlenswertesten Greenscreens f\u00fcr Fotografen<\/a><\/li>\n<li><a class=\"wp-block-latest-posts__post-title\" href=\"https:\/\/erikdraeger.com\/ratgeber\/nikon-blitz\/\">Empfehlenswerte Kamera-Blitze von Nikon<\/a><\/li>\n<li><a class=\"wp-block-latest-posts__post-title\" href=\"https:\/\/erikdraeger.com\/ratgeber\/fotoschirm\/\">Die beliebtesten Fotoschirme<\/a><\/li>\n<li><a class=\"wp-block-latest-posts__post-title\" href=\"https:\/\/erikdraeger.com\/ratgeber\/ringblitz\/\">Die 5 beliebtesten Ringblitze<\/a><\/li>\n<li><a class=\"wp-block-latest-posts__post-title\" href=\"https:\/\/erikdraeger.com\/ratgeber\/fototisch\/\">Die besten Fototische f\u00fcr die Produktfotografie<\/a><\/li>\n<\/ul>\n\n\n<p><strong>Stative<\/strong><\/p>\n\n\n<ul class=\"wp-block-latest-posts__list aligncenter wp-block-latest-posts\"><li><a class=\"wp-block-latest-posts__post-title\" href=\"https:\/\/erikdraeger.com\/ratgeber\/gimbal-kamera\/\">Die besten Gimbals f\u00fcr die Kamera<\/a><\/li>\n<li><a class=\"wp-block-latest-posts__post-title\" href=\"https:\/\/erikdraeger.com\/ratgeber\/mini-stativ\/\">Die besten Mini-Stative f\u00fcr DSLR und Systemkameras<\/a><\/li>\n<li><a class=\"wp-block-latest-posts__post-title\" href=\"https:\/\/erikdraeger.com\/ratgeber\/carbon-stativ\/\">Die 5 empfehlenswertesten Stative aus Carbon<\/a><\/li>\n<li><a class=\"wp-block-latest-posts__post-title\" href=\"https:\/\/erikdraeger.com\/ratgeber\/aluminium-stativ\/\">Die empfehlenswertesten Aluminium-Stative<\/a><\/li>\n<li><a class=\"wp-block-latest-posts__post-title\" href=\"https:\/\/erikdraeger.com\/ratgeber\/stativtasche\/\">Die 6 besten Stativtaschen<\/a><\/li>\n<li><a class=\"wp-block-latest-posts__post-title\" href=\"https:\/\/erikdraeger.com\/ratgeber\/klemmstativ\/\">Die 8 beliebtesten Klemmstative\ufffc<\/a><\/li>\n<li><a class=\"wp-block-latest-posts__post-title\" href=\"https:\/\/erikdraeger.com\/ratgeber\/teleprompter\/\">Die 8 besten Teleprompter<\/a><\/li>\n<li><a class=\"wp-block-latest-posts__post-title\" href=\"https:\/\/erikdraeger.com\/ratgeber\/gimbal-handy\/\">Die besten Gimbals f\u00fcr Smartphones<\/a><\/li>\n<li><a class=\"wp-block-latest-posts__post-title\" href=\"https:\/\/erikdraeger.com\/ratgeber\/galgenstativ\/\">Die beliebtesten Galgenstative f\u00fcr Kameras<\/a><\/li>\n<li><a class=\"wp-block-latest-posts__post-title\" href=\"https:\/\/erikdraeger.com\/ratgeber\/makroschlitten\/\">Die 9 besten Makroschlitten<\/a><\/li>\n<li><a class=\"wp-block-latest-posts__post-title\" href=\"https:\/\/erikdraeger.com\/ratgeber\/mini-stativ-handy\/\">Die besten Handy-Stative und Selfiesticks<\/a><\/li>\n<li><a class=\"wp-block-latest-posts__post-title\" href=\"https:\/\/erikdraeger.com\/ratgeber\/lampenstativ\/\">Die beliebtesten Lampenstative<\/a><\/li>\n<li><a class=\"wp-block-latest-posts__post-title\" href=\"https:\/\/erikdraeger.com\/ratgeber\/panoramakopf\/\">Die beliebtesten Panorama-Stativk\u00f6pfe<\/a><\/li>\n<li><a class=\"wp-block-latest-posts__post-title\" href=\"https:\/\/erikdraeger.com\/ratgeber\/cullmann-stativkopf\/\">Die beliebtesten Stativk\u00f6pfe f\u00fcr Cullmann-Stative<\/a><\/li>\n<li><a class=\"wp-block-latest-posts__post-title\" href=\"https:\/\/erikdraeger.com\/ratgeber\/manfrotto-stativ-ersatzteile\/\">Beliebtes Zubeh\u00f6r &#038; Ersatzteile f\u00fcr Manfrotto Stative<\/a><\/li>\n<li><a class=\"wp-block-latest-posts__post-title\" href=\"https:\/\/erikdraeger.com\/ratgeber\/cullmann-wechselplatte\/\">Die empfehlenswertesten Schnellwechselplatten von Cullmann<\/a><\/li>\n<\/ul>\n\n\n<p><strong>Kamerataschen &amp; Rucks\u00e4cke<\/strong><\/p>\n\n\n<ul class=\"wp-block-latest-posts__list aligncenter wp-block-latest-posts\"><li><a class=\"wp-block-latest-posts__post-title\" href=\"https:\/\/erikdraeger.com\/ratgeber\/fototasche\/\">Die 10 beliebtesten Fototaschen<\/a><\/li>\n<li><a class=\"wp-block-latest-posts__post-title\" href=\"https:\/\/erikdraeger.com\/ratgeber\/stativtasche\/\">Die 6 besten Stativtaschen<\/a><\/li>\n<li><a class=\"wp-block-latest-posts__post-title\" href=\"https:\/\/erikdraeger.com\/ratgeber\/fotorucksack\/\">Die beliebtesten Fotorucks\u00e4cke<\/a><\/li>\n<li><a class=\"wp-block-latest-posts__post-title\" href=\"https:\/\/erikdraeger.com\/ratgeber\/objektivtasche\/\">Die 6 empfehlenswertesten Objektivtaschen<\/a><\/li>\n<li><a class=\"wp-block-latest-posts__post-title\" href=\"https:\/\/erikdraeger.com\/ratgeber\/fotokoffer\/\">Die 9 beliebtesten Fotokoffer<\/a><\/li>\n<\/ul><\/div><\/section>\n\n\n\n<p><\/p>\n","protected":false},"excerpt":{"rendered":"<p>Als vor einigen Jahren die Systemkameras begannen, zunehmend die DSLR abzul\u00f6sen, lag diese Entwicklung vor allem auch an den kleineren und leichteren Kamerageh\u00e4usen. Die Olympus &#8230; <a title=\"Olympus PEN E-PL7 &#8211; Zubeh\u00f6r &#038; Objektive\" class=\"read-more\" href=\"https:\/\/erikdraeger.com\/ratgeber\/olympus-pen-e-pl7-objektive-zubehoer\/\" aria-label=\"Mehr Informationen \u00fcber Olympus PEN E-PL7 &#8211; Zubeh\u00f6r &#038; Objektive\">Mehr lesen<\/a><\/p>\n","protected":false},"author":1,"featured_media":2872,"comment_status":"closed","ping_status":"closed","sticky":false,"template":"","format":"standard","meta":{"_uag_custom_page_level_css":"","footnotes":""},"categories":[40,11],"tags":[],"class_list":["post-2887","post","type-post","status-publish","format-standard","has-post-thumbnail","hentry","category-olympus","category-systemkamera","masonry-post","generate-columns","tablet-grid-50","mobile-grid-100","grid-parent","grid-33"],"featured_image_src":"https:\/\/erikdraeger.com\/ratgeber\/wp-content\/uploads\/2023\/02\/olympus-pen-e-p7-objektive-zubehoer.png","author_info":{"display_name":"Erik Draeger Photography","author_link":"https:\/\/erikdraeger.com\/ratgeber\/author\/erik-draeger-photography\/"},"yoast_head":"<!-- This site is optimized with the Yoast SEO plugin v27.3 - https:\/\/yoast.com\/product\/yoast-seo-wordpress\/ -->\n<title>Olympus PEN E-PL7 - Zubeh\u00f6r &amp; Objektive [Ratgeber]<\/title>\n<meta name=\"description\" content=\"\ud83d\udccc Hier bekommst du einen \u00dcberblick \u00fcber die besten Objektive f\u00fcr die Olympus PEN E-PL7 sowie zu passendem Zubeh\u00f6r.\" \/>\n<meta name=\"robots\" content=\"index, follow, max-snippet:-1, max-image-preview:large, max-video-preview:-1\" \/>\n<link rel=\"canonical\" href=\"https:\/\/erikdraeger.com\/ratgeber\/olympus-pen-e-pl7-objektive-zubehoer\/\" \/>\n<meta property=\"og:locale\" content=\"de_DE\" \/>\n<meta property=\"og:type\" content=\"article\" \/>\n<meta property=\"og:title\" content=\"Olympus PEN E-PL7 - Zubeh\u00f6r &amp; Objektive [Ratgeber]\" \/>\n<meta property=\"og:description\" content=\"\ud83d\udccc Hier bekommst du einen \u00dcberblick \u00fcber die besten Objektive f\u00fcr die Olympus PEN E-PL7 sowie zu passendem Zubeh\u00f6r.\" \/>\n<meta property=\"og:url\" content=\"https:\/\/erikdraeger.com\/ratgeber\/olympus-pen-e-pl7-objektive-zubehoer\/\" \/>\n<meta property=\"og:site_name\" content=\"Erik Draeger Photography\" \/>\n<meta property=\"article:published_time\" content=\"2025-02-25T17:45:01+00:00\" \/>\n<meta property=\"article:modified_time\" content=\"2025-03-05T09:47:08+00:00\" \/>\n<meta property=\"og:image\" content=\"https:\/\/erikdraeger.com\/ratgeber\/wp-content\/uploads\/2023\/02\/olympus-pen-e-p7-objektive-zubehoer.png\" \/>\n\t<meta property=\"og:image:width\" content=\"1020\" \/>\n\t<meta property=\"og:image:height\" content=\"535\" \/>\n\t<meta property=\"og:image:type\" content=\"image\/png\" \/>\n<meta name=\"author\" content=\"Erik Draeger Photography\" \/>\n<meta name=\"twitter:card\" content=\"summary_large_image\" \/>\n<meta name=\"twitter:label1\" content=\"Verfasst von\" \/>\n\t<meta name=\"twitter:data1\" content=\"Erik Draeger Photography\" \/>\n\t<meta name=\"twitter:label2\" content=\"Gesch\u00e4tzte Lesezeit\" \/>\n\t<meta name=\"twitter:data2\" content=\"10\u00a0Minuten\" \/>\n<script type=\"application\/ld+json\" class=\"yoast-schema-graph\">{\"@context\":\"https:\\\/\\\/schema.org\",\"@graph\":[{\"@type\":\"Article\",\"@id\":\"https:\\\/\\\/erikdraeger.com\\\/ratgeber\\\/olympus-pen-e-pl7-objektive-zubehoer\\\/#article\",\"isPartOf\":{\"@id\":\"https:\\\/\\\/erikdraeger.com\\\/ratgeber\\\/olympus-pen-e-pl7-objektive-zubehoer\\\/\"},\"author\":{\"name\":\"Erik Draeger Photography\",\"@id\":\"https:\\\/\\\/erikdraeger.com\\\/ratgeber\\\/#\\\/schema\\\/person\\\/356c2bd02af4ae297a181c5512eb18f2\"},\"headline\":\"Olympus PEN E-PL7 &#8211; Zubeh\u00f6r &#038; Objektive\",\"datePublished\":\"2025-02-25T17:45:01+00:00\",\"dateModified\":\"2025-03-05T09:47:08+00:00\",\"mainEntityOfPage\":{\"@id\":\"https:\\\/\\\/erikdraeger.com\\\/ratgeber\\\/olympus-pen-e-pl7-objektive-zubehoer\\\/\"},\"wordCount\":264,\"publisher\":{\"@id\":\"https:\\\/\\\/erikdraeger.com\\\/ratgeber\\\/#organization\"},\"image\":{\"@id\":\"https:\\\/\\\/erikdraeger.com\\\/ratgeber\\\/olympus-pen-e-pl7-objektive-zubehoer\\\/#primaryimage\"},\"thumbnailUrl\":\"https:\\\/\\\/erikdraeger.com\\\/ratgeber\\\/wp-content\\\/uploads\\\/2023\\\/02\\\/olympus-pen-e-p7-objektive-zubehoer.png\",\"articleSection\":[\"Olympus\",\"Systemkameras\"],\"inLanguage\":\"de\"},{\"@type\":\"WebPage\",\"@id\":\"https:\\\/\\\/erikdraeger.com\\\/ratgeber\\\/olympus-pen-e-pl7-objektive-zubehoer\\\/\",\"url\":\"https:\\\/\\\/erikdraeger.com\\\/ratgeber\\\/olympus-pen-e-pl7-objektive-zubehoer\\\/\",\"name\":\"Olympus PEN E-PL7 - Zubeh\u00f6r & Objektive [Ratgeber]\",\"isPartOf\":{\"@id\":\"https:\\\/\\\/erikdraeger.com\\\/ratgeber\\\/#website\"},\"primaryImageOfPage\":{\"@id\":\"https:\\\/\\\/erikdraeger.com\\\/ratgeber\\\/olympus-pen-e-pl7-objektive-zubehoer\\\/#primaryimage\"},\"image\":{\"@id\":\"https:\\\/\\\/erikdraeger.com\\\/ratgeber\\\/olympus-pen-e-pl7-objektive-zubehoer\\\/#primaryimage\"},\"thumbnailUrl\":\"https:\\\/\\\/erikdraeger.com\\\/ratgeber\\\/wp-content\\\/uploads\\\/2023\\\/02\\\/olympus-pen-e-p7-objektive-zubehoer.png\",\"datePublished\":\"2025-02-25T17:45:01+00:00\",\"dateModified\":\"2025-03-05T09:47:08+00:00\",\"description\":\"\ud83d\udccc Hier bekommst du einen \u00dcberblick \u00fcber die besten Objektive f\u00fcr die Olympus PEN E-PL7 sowie zu passendem Zubeh\u00f6r.\",\"breadcrumb\":{\"@id\":\"https:\\\/\\\/erikdraeger.com\\\/ratgeber\\\/olympus-pen-e-pl7-objektive-zubehoer\\\/#breadcrumb\"},\"inLanguage\":\"de\",\"potentialAction\":[{\"@type\":\"ReadAction\",\"target\":[\"https:\\\/\\\/erikdraeger.com\\\/ratgeber\\\/olympus-pen-e-pl7-objektive-zubehoer\\\/\"]}]},{\"@type\":\"ImageObject\",\"inLanguage\":\"de\",\"@id\":\"https:\\\/\\\/erikdraeger.com\\\/ratgeber\\\/olympus-pen-e-pl7-objektive-zubehoer\\\/#primaryimage\",\"url\":\"https:\\\/\\\/erikdraeger.com\\\/ratgeber\\\/wp-content\\\/uploads\\\/2023\\\/02\\\/olympus-pen-e-p7-objektive-zubehoer.png\",\"contentUrl\":\"https:\\\/\\\/erikdraeger.com\\\/ratgeber\\\/wp-content\\\/uploads\\\/2023\\\/02\\\/olympus-pen-e-p7-objektive-zubehoer.png\",\"width\":1020,\"height\":535,\"caption\":\"Olympus PEN E P7 Objektive und Zubeh\u00f6r\"},{\"@type\":\"BreadcrumbList\",\"@id\":\"https:\\\/\\\/erikdraeger.com\\\/ratgeber\\\/olympus-pen-e-pl7-objektive-zubehoer\\\/#breadcrumb\",\"itemListElement\":[{\"@type\":\"ListItem\",\"position\":1,\"name\":\"Start\",\"item\":\"https:\\\/\\\/erikdraeger.com\\\/ratgeber\\\/\"},{\"@type\":\"ListItem\",\"position\":2,\"name\":\"Olympus\",\"item\":\"https:\\\/\\\/erikdraeger.com\\\/ratgeber\\\/category\\\/olympus\\\/\"},{\"@type\":\"ListItem\",\"position\":3,\"name\":\"Olympus PEN E-PL7 &#8211; Zubeh\u00f6r &#038; Objektive\"}]},{\"@type\":\"WebSite\",\"@id\":\"https:\\\/\\\/erikdraeger.com\\\/ratgeber\\\/#website\",\"url\":\"https:\\\/\\\/erikdraeger.com\\\/ratgeber\\\/\",\"name\":\"Erik Draeger Photography\",\"description\":\"Ratgeber f\u00fcr Kamera, Objektiv &amp; Zubeh\u00f6r\",\"publisher\":{\"@id\":\"https:\\\/\\\/erikdraeger.com\\\/ratgeber\\\/#organization\"},\"potentialAction\":[{\"@type\":\"SearchAction\",\"target\":{\"@type\":\"EntryPoint\",\"urlTemplate\":\"https:\\\/\\\/erikdraeger.com\\\/ratgeber\\\/?s={search_term_string}\"},\"query-input\":{\"@type\":\"PropertyValueSpecification\",\"valueRequired\":true,\"valueName\":\"search_term_string\"}}],\"inLanguage\":\"de\"},{\"@type\":\"Organization\",\"@id\":\"https:\\\/\\\/erikdraeger.com\\\/ratgeber\\\/#organization\",\"name\":\"Erik Draeger Photography\",\"url\":\"https:\\\/\\\/erikdraeger.com\\\/ratgeber\\\/\",\"logo\":{\"@type\":\"ImageObject\",\"inLanguage\":\"de\",\"@id\":\"https:\\\/\\\/erikdraeger.com\\\/ratgeber\\\/#\\\/schema\\\/logo\\\/image\\\/\",\"url\":\"https:\\\/\\\/erikdraeger.com\\\/ratgeber\\\/wp-content\\\/uploads\\\/2023\\\/11\\\/cropped-ed-ratgeber-title-2-inverted.jpg\",\"contentUrl\":\"https:\\\/\\\/erikdraeger.com\\\/ratgeber\\\/wp-content\\\/uploads\\\/2023\\\/11\\\/cropped-ed-ratgeber-title-2-inverted.jpg\",\"width\":1051,\"height\":211,\"caption\":\"Erik Draeger Photography\"},\"image\":{\"@id\":\"https:\\\/\\\/erikdraeger.com\\\/ratgeber\\\/#\\\/schema\\\/logo\\\/image\\\/\"}},{\"@type\":\"Person\",\"@id\":\"https:\\\/\\\/erikdraeger.com\\\/ratgeber\\\/#\\\/schema\\\/person\\\/356c2bd02af4ae297a181c5512eb18f2\",\"name\":\"Erik Draeger Photography\",\"image\":{\"@type\":\"ImageObject\",\"inLanguage\":\"de\",\"@id\":\"https:\\\/\\\/secure.gravatar.com\\\/avatar\\\/5608dcb3bff5bef267dec743e4d65255bf9056a489841053e664a785d3bf1b07?s=96&d=mm&r=g\",\"url\":\"https:\\\/\\\/secure.gravatar.com\\\/avatar\\\/5608dcb3bff5bef267dec743e4d65255bf9056a489841053e664a785d3bf1b07?s=96&d=mm&r=g\",\"contentUrl\":\"https:\\\/\\\/secure.gravatar.com\\\/avatar\\\/5608dcb3bff5bef267dec743e4d65255bf9056a489841053e664a785d3bf1b07?s=96&d=mm&r=g\",\"caption\":\"Erik Draeger Photography\"},\"description\":\"Ich bin Erik und ich bin Autofotograf aus Halle (Deutschland). 2014 startete ich ein Experiment, was zu einer unendlichen und immer noch anhaltenden Faszination geworden ist. Auf dieser aufregenden Reise \u00fcber das Erlernen und \u00dcben der Automobilfotografie und Bildbearbeitung als Hobby habe ich anschlie\u00dfend angefangen, als kommerzieller Automobilfotograf zu arbeiten.\",\"sameAs\":[\"https:\\\/\\\/erikdraeger.com\\\/ratgeber\"],\"url\":\"https:\\\/\\\/erikdraeger.com\\\/ratgeber\\\/author\\\/erik-draeger-photography\\\/\"}]}<\/script>\n<!-- \/ Yoast SEO plugin. -->","yoast_head_json":{"title":"Olympus PEN E-PL7 - Zubeh\u00f6r & Objektive [Ratgeber]","description":"\ud83d\udccc Hier bekommst du einen \u00dcberblick \u00fcber die besten Objektive f\u00fcr die Olympus PEN E-PL7 sowie zu passendem Zubeh\u00f6r.","robots":{"index":"index","follow":"follow","max-snippet":"max-snippet:-1","max-image-preview":"max-image-preview:large","max-video-preview":"max-video-preview:-1"},"canonical":"https:\/\/erikdraeger.com\/ratgeber\/olympus-pen-e-pl7-objektive-zubehoer\/","og_locale":"de_DE","og_type":"article","og_title":"Olympus PEN E-PL7 - Zubeh\u00f6r & Objektive [Ratgeber]","og_description":"\ud83d\udccc Hier bekommst du einen \u00dcberblick \u00fcber die besten Objektive f\u00fcr die Olympus PEN E-PL7 sowie zu passendem Zubeh\u00f6r.","og_url":"https:\/\/erikdraeger.com\/ratgeber\/olympus-pen-e-pl7-objektive-zubehoer\/","og_site_name":"Erik Draeger Photography","article_published_time":"2025-02-25T17:45:01+00:00","article_modified_time":"2025-03-05T09:47:08+00:00","og_image":[{"width":1020,"height":535,"url":"https:\/\/erikdraeger.com\/ratgeber\/wp-content\/uploads\/2023\/02\/olympus-pen-e-p7-objektive-zubehoer.png","type":"image\/png"}],"author":"Erik Draeger Photography","twitter_card":"summary_large_image","twitter_misc":{"Verfasst von":"Erik Draeger Photography","Gesch\u00e4tzte Lesezeit":"10\u00a0Minuten"},"schema":{"@context":"https:\/\/schema.org","@graph":[{"@type":"Article","@id":"https:\/\/erikdraeger.com\/ratgeber\/olympus-pen-e-pl7-objektive-zubehoer\/#article","isPartOf":{"@id":"https:\/\/erikdraeger.com\/ratgeber\/olympus-pen-e-pl7-objektive-zubehoer\/"},"author":{"name":"Erik Draeger Photography","@id":"https:\/\/erikdraeger.com\/ratgeber\/#\/schema\/person\/356c2bd02af4ae297a181c5512eb18f2"},"headline":"Olympus PEN E-PL7 &#8211; Zubeh\u00f6r &#038; Objektive","datePublished":"2025-02-25T17:45:01+00:00","dateModified":"2025-03-05T09:47:08+00:00","mainEntityOfPage":{"@id":"https:\/\/erikdraeger.com\/ratgeber\/olympus-pen-e-pl7-objektive-zubehoer\/"},"wordCount":264,"publisher":{"@id":"https:\/\/erikdraeger.com\/ratgeber\/#organization"},"image":{"@id":"https:\/\/erikdraeger.com\/ratgeber\/olympus-pen-e-pl7-objektive-zubehoer\/#primaryimage"},"thumbnailUrl":"https:\/\/erikdraeger.com\/ratgeber\/wp-content\/uploads\/2023\/02\/olympus-pen-e-p7-objektive-zubehoer.png","articleSection":["Olympus","Systemkameras"],"inLanguage":"de"},{"@type":"WebPage","@id":"https:\/\/erikdraeger.com\/ratgeber\/olympus-pen-e-pl7-objektive-zubehoer\/","url":"https:\/\/erikdraeger.com\/ratgeber\/olympus-pen-e-pl7-objektive-zubehoer\/","name":"Olympus PEN E-PL7 - Zubeh\u00f6r & Objektive [Ratgeber]","isPartOf":{"@id":"https:\/\/erikdraeger.com\/ratgeber\/#website"},"primaryImageOfPage":{"@id":"https:\/\/erikdraeger.com\/ratgeber\/olympus-pen-e-pl7-objektive-zubehoer\/#primaryimage"},"image":{"@id":"https:\/\/erikdraeger.com\/ratgeber\/olympus-pen-e-pl7-objektive-zubehoer\/#primaryimage"},"thumbnailUrl":"https:\/\/erikdraeger.com\/ratgeber\/wp-content\/uploads\/2023\/02\/olympus-pen-e-p7-objektive-zubehoer.png","datePublished":"2025-02-25T17:45:01+00:00","dateModified":"2025-03-05T09:47:08+00:00","description":"\ud83d\udccc Hier bekommst du einen \u00dcberblick \u00fcber die besten Objektive f\u00fcr die Olympus PEN E-PL7 sowie zu passendem Zubeh\u00f6r.","breadcrumb":{"@id":"https:\/\/erikdraeger.com\/ratgeber\/olympus-pen-e-pl7-objektive-zubehoer\/#breadcrumb"},"inLanguage":"de","potentialAction":[{"@type":"ReadAction","target":["https:\/\/erikdraeger.com\/ratgeber\/olympus-pen-e-pl7-objektive-zubehoer\/"]}]},{"@type":"ImageObject","inLanguage":"de","@id":"https:\/\/erikdraeger.com\/ratgeber\/olympus-pen-e-pl7-objektive-zubehoer\/#primaryimage","url":"https:\/\/erikdraeger.com\/ratgeber\/wp-content\/uploads\/2023\/02\/olympus-pen-e-p7-objektive-zubehoer.png","contentUrl":"https:\/\/erikdraeger.com\/ratgeber\/wp-content\/uploads\/2023\/02\/olympus-pen-e-p7-objektive-zubehoer.png","width":1020,"height":535,"caption":"Olympus PEN E P7 Objektive und Zubeh\u00f6r"},{"@type":"BreadcrumbList","@id":"https:\/\/erikdraeger.com\/ratgeber\/olympus-pen-e-pl7-objektive-zubehoer\/#breadcrumb","itemListElement":[{"@type":"ListItem","position":1,"name":"Start","item":"https:\/\/erikdraeger.com\/ratgeber\/"},{"@type":"ListItem","position":2,"name":"Olympus","item":"https:\/\/erikdraeger.com\/ratgeber\/category\/olympus\/"},{"@type":"ListItem","position":3,"name":"Olympus PEN E-PL7 &#8211; Zubeh\u00f6r &#038; Objektive"}]},{"@type":"WebSite","@id":"https:\/\/erikdraeger.com\/ratgeber\/#website","url":"https:\/\/erikdraeger.com\/ratgeber\/","name":"Erik Draeger Photography","description":"Ratgeber f\u00fcr Kamera, Objektiv &amp; Zubeh\u00f6r","publisher":{"@id":"https:\/\/erikdraeger.com\/ratgeber\/#organization"},"potentialAction":[{"@type":"SearchAction","target":{"@type":"EntryPoint","urlTemplate":"https:\/\/erikdraeger.com\/ratgeber\/?s={search_term_string}"},"query-input":{"@type":"PropertyValueSpecification","valueRequired":true,"valueName":"search_term_string"}}],"inLanguage":"de"},{"@type":"Organization","@id":"https:\/\/erikdraeger.com\/ratgeber\/#organization","name":"Erik Draeger Photography","url":"https:\/\/erikdraeger.com\/ratgeber\/","logo":{"@type":"ImageObject","inLanguage":"de","@id":"https:\/\/erikdraeger.com\/ratgeber\/#\/schema\/logo\/image\/","url":"https:\/\/erikdraeger.com\/ratgeber\/wp-content\/uploads\/2023\/11\/cropped-ed-ratgeber-title-2-inverted.jpg","contentUrl":"https:\/\/erikdraeger.com\/ratgeber\/wp-content\/uploads\/2023\/11\/cropped-ed-ratgeber-title-2-inverted.jpg","width":1051,"height":211,"caption":"Erik Draeger Photography"},"image":{"@id":"https:\/\/erikdraeger.com\/ratgeber\/#\/schema\/logo\/image\/"}},{"@type":"Person","@id":"https:\/\/erikdraeger.com\/ratgeber\/#\/schema\/person\/356c2bd02af4ae297a181c5512eb18f2","name":"Erik Draeger Photography","image":{"@type":"ImageObject","inLanguage":"de","@id":"https:\/\/secure.gravatar.com\/avatar\/5608dcb3bff5bef267dec743e4d65255bf9056a489841053e664a785d3bf1b07?s=96&d=mm&r=g","url":"https:\/\/secure.gravatar.com\/avatar\/5608dcb3bff5bef267dec743e4d65255bf9056a489841053e664a785d3bf1b07?s=96&d=mm&r=g","contentUrl":"https:\/\/secure.gravatar.com\/avatar\/5608dcb3bff5bef267dec743e4d65255bf9056a489841053e664a785d3bf1b07?s=96&d=mm&r=g","caption":"Erik Draeger Photography"},"description":"Ich bin Erik und ich bin Autofotograf aus Halle (Deutschland). 2014 startete ich ein Experiment, was zu einer unendlichen und immer noch anhaltenden Faszination geworden ist. Auf dieser aufregenden Reise \u00fcber das Erlernen und \u00dcben der Automobilfotografie und Bildbearbeitung als Hobby habe ich anschlie\u00dfend angefangen, als kommerzieller Automobilfotograf zu arbeiten.","sameAs":["https:\/\/erikdraeger.com\/ratgeber"],"url":"https:\/\/erikdraeger.com\/ratgeber\/author\/erik-draeger-photography\/"}]}},"uagb_featured_image_src":{"full":["https:\/\/erikdraeger.com\/ratgeber\/wp-content\/uploads\/2023\/02\/olympus-pen-e-p7-objektive-zubehoer.png",1020,535,false],"thumbnail":["https:\/\/erikdraeger.com\/ratgeber\/wp-content\/uploads\/2023\/02\/olympus-pen-e-p7-objektive-zubehoer-150x150.png",150,150,true],"medium":["https:\/\/erikdraeger.com\/ratgeber\/wp-content\/uploads\/2023\/02\/olympus-pen-e-p7-objektive-zubehoer-300x157.png",300,157,true],"medium_large":["https:\/\/erikdraeger.com\/ratgeber\/wp-content\/uploads\/2023\/02\/olympus-pen-e-p7-objektive-zubehoer-768x403.png",768,403,true],"large":["https:\/\/erikdraeger.com\/ratgeber\/wp-content\/uploads\/2023\/02\/olympus-pen-e-p7-objektive-zubehoer.png",1020,535,false],"1536x1536":["https:\/\/erikdraeger.com\/ratgeber\/wp-content\/uploads\/2023\/02\/olympus-pen-e-p7-objektive-zubehoer.png",1020,535,false],"2048x2048":["https:\/\/erikdraeger.com\/ratgeber\/wp-content\/uploads\/2023\/02\/olympus-pen-e-p7-objektive-zubehoer.png",1020,535,false]},"uagb_author_info":{"display_name":"Erik Draeger Photography","author_link":"https:\/\/erikdraeger.com\/ratgeber\/author\/erik-draeger-photography\/"},"uagb_comment_info":0,"uagb_excerpt":"Als vor einigen Jahren die Systemkameras begannen, zunehmend die DSLR abzul\u00f6sen, lag diese Entwicklung vor allem auch an den kleineren und leichteren Kamerageh\u00e4usen. Die Olympus ... Mehr lesen","_links":{"self":[{"href":"https:\/\/erikdraeger.com\/ratgeber\/wp-json\/wp\/v2\/posts\/2887","targetHints":{"allow":["GET"]}}],"collection":[{"href":"https:\/\/erikdraeger.com\/ratgeber\/wp-json\/wp\/v2\/posts"}],"about":[{"href":"https:\/\/erikdraeger.com\/ratgeber\/wp-json\/wp\/v2\/types\/post"}],"author":[{"embeddable":true,"href":"https:\/\/erikdraeger.com\/ratgeber\/wp-json\/wp\/v2\/users\/1"}],"replies":[{"embeddable":true,"href":"https:\/\/erikdraeger.com\/ratgeber\/wp-json\/wp\/v2\/comments?post=2887"}],"version-history":[{"count":3,"href":"https:\/\/erikdraeger.com\/ratgeber\/wp-json\/wp\/v2\/posts\/2887\/revisions"}],"predecessor-version":[{"id":6394,"href":"https:\/\/erikdraeger.com\/ratgeber\/wp-json\/wp\/v2\/posts\/2887\/revisions\/6394"}],"wp:featuredmedia":[{"embeddable":true,"href":"https:\/\/erikdraeger.com\/ratgeber\/wp-json\/wp\/v2\/media\/2872"}],"wp:attachment":[{"href":"https:\/\/erikdraeger.com\/ratgeber\/wp-json\/wp\/v2\/media?parent=2887"}],"wp:term":[{"taxonomy":"category","embeddable":true,"href":"https:\/\/erikdraeger.com\/ratgeber\/wp-json\/wp\/v2\/categories?post=2887"},{"taxonomy":"post_tag","embeddable":true,"href":"https:\/\/erikdraeger.com\/ratgeber\/wp-json\/wp\/v2\/tags?post=2887"}],"curies":[{"name":"wp","href":"https:\/\/api.w.org\/{rel}","templated":true}]}}