{"id":5718,"date":"2024-11-26T15:42:40","date_gmt":"2024-11-26T14:42:40","guid":{"rendered":"https:\/\/erikdraeger.com\/ratgeber\/?p=5718"},"modified":"2024-11-26T16:43:13","modified_gmt":"2024-11-26T15:43:13","slug":"fujifilm-x100vi-zubehoer","status":"publish","type":"post","link":"https:\/\/erikdraeger.com\/ratgeber\/fujifilm-x100vi-zubehoer\/","title":{"rendered":"Fujifilm X100 VI &#8211; Empfehlenswertes Zubeh\u00f6r"},"content":{"rendered":"\n<p>Mit der <strong>X100 VI<\/strong> bringt der japanische Hersteller Fujifilm im Jahr 2024 einen weiteren Ableger der beliebten Kompaktkamera im Retro-Design. Mit ihrem kleinen Geh\u00e4use und dem nicht wechselbaren 23mm Festbrennweiten-Objektiv leistet die Kamera sehr hohe Foto- und Videoaufl\u00f6sung. Diese liegt bei 40,2 Megapixel bei Fotos und bei 6K im Videobereich bei 30 Bildern pro Sekunde. Trotz des festverbauten Objektives findest du reichlich n\u00fctzliches Zubeh\u00f6r f\u00fcr die Kamera. Dazu geh\u00f6ren beispielsweise Brennweiten-Konverter, Ersatzakkus oder Kamerataschen.<\/p>\n\n\n\n<p>Wir haben daher nach <strong>Zubeh\u00f6r<\/strong> f\u00fcr die <strong>Fujifilm X100 VI <\/strong>recherchiert und stellen dir in diesem Beitrag eine Auswahl an den empfehlenswertesten und beliebtesten davon vor.<\/p>\n\n\n\n\n\n<div style=\"height:50px\" aria-hidden=\"true\" class=\"wp-block-spacer\"><\/div>\n\n\n\n<h2 class=\"wp-block-heading\" style=\"font-size:25px\"><strong>Wichtige Daten zur Fujifilm X100 VI<\/strong><\/h2>\n\n\n\n<div class=\"wp-block-uagb-container uagb-block-5bd41867 alignfull uagb-is-root-container\"><div class=\"uagb-container-inner-blocks-wrap\">\n<div class=\"wp-block-uagb-container uagb-block-fc63dc39\"><a  data-aawp-product-asin=\"B0CV523K92\" data-aawp-product-id=\"246761\" data-aawp-tracking-id=\"edraegerpho06-21\" data-aawp-product-title=\"FUJIFILM X100VI Silber\" href=\"https:\/\/www.amazon.de\/dp\/B0CV523K92?tag=edraegerpho06-21&linkCode=ogi&th=1&psc=1\" title=\"FUJIFILM X100VI Silber\" rel=\"nofollow noopener sponsored\" target=\"_blank\"><img decoding=\"async\" src=\"https:\/\/erikdraeger.com\/ratgeber\/wp-content\/plugins\/aawp\/public\/image.php?url=YUhSMGNITTZMeTl0TG0xbFpHbGhMV0Z0WVhwdmJpNWpiMjB2YVcxaFoyVnpMMGt2TkRFdFlsTkVNVUl6UjB3dVgxTk1NVFl3WHk1cWNHYz18MTc3Nzg5NDgzNg=\" alt=\"FUJIFILM X100VI Silber\" \/><\/a>\n\n\n\n<div style=\"height:10px\" aria-hidden=\"true\" class=\"wp-block-spacer\"><\/div>\n\n\n\n<figure class=\"wp-block-table is-style-stripes has-small-font-size\"><table class=\"has-fixed-layout\"><tbody><tr><td><strong>Aufl\u00f6sung:<\/strong><\/td><td>40,2 MP \/ 6K 30p<\/td><\/tr><tr><td><strong>Vollformat:<\/strong><\/td><td>Nein<\/td><\/tr><tr><td><strong>Objektiv:<\/strong><\/td><td>23mm f2<\/td><\/tr><tr><td><strong>Geh\u00e4usedeckel:<\/strong><\/td><td>&#8211;<\/td><\/tr><tr><td><strong>Akku: <\/strong><\/td><td>NP-W126S<\/td><\/tr><tr><td><strong>Batteriegriff: <\/strong><\/td><td>&#8211;<\/td><\/tr><tr><td><strong>Speicherkarte:<\/strong><\/td><td>SD-Speicherkarte UHS-I<\/td><\/tr><tr><td><strong>Gewicht:<\/strong><\/td><td>512g (Mit Akku und Speicherkarte)<\/td><\/tr><tr><td><strong>Erscheinungsjahr:<\/strong><\/td><td>2024<\/td><\/tr><\/tbody><\/table><\/figure>\n<\/div>\n\n\n\n<div class=\"wp-block-uagb-container uagb-block-5be255c9\">\n<p>Die X100 VI ist eine leistungsf\u00e4hige kleine Kompaktkamera im klassischen Retro-Design. Sie leistet damit 40 Megapixel Fotoaufl\u00f6sung und 6K Videos. Das macht sie vor allem unterwegs auf Reisen zu einer beliebten Wahl.<\/p>\n\n\n<a  data-aawp-product-asin=\"B0CV523K92\" data-aawp-product-id=\"246761\" data-aawp-tracking-id=\"edraegerpho06-21\" data-aawp-product-title=\"FUJIFILM X100VI Silber\" class=\"aawp-button aawp-button--buy rounded aawp-button--icon aawp-button--icon-amazon-black\" href=\"https:\/\/www.amazon.de\/dp\/B0CV523K92?tag=edraegerpho06-21&#038;linkCode=ogi&#038;th=1&#038;psc=1\" title=\"Bei Amazon ansehen\" target=\"_blank\" rel=\"nofollow noopener sponsored\">Bei Amazon ansehen<\/a>\n\n\n\n<p class=\"has-text-align-right has-small-font-size\"><em><a href=\"#provisionshinweis\">Provisionshinweis<\/a><\/em><\/p>\n<\/div>\n<\/div><\/div>\n\n\n\n<div style=\"height:30px\" aria-hidden=\"true\" class=\"wp-block-spacer\"><\/div>\n\n\n\n<h2 class=\"wp-block-heading\">Empfehlenswertes optionales Zubeh\u00f6r f\u00fcr die Fujifilm X100 VI<\/h2>\n\n\n\n<pre class=\"wp-block-preformatted\">Die folgende Auswahl zeigt Produkte, welche sich anhand Erfahrungsberichte, verifizierte K\u00e4ufe und Kundenbewertung auszeichnen.<\/pre>\n\n\n\n<h3 class=\"wp-block-heading has-medium-font-size\"><strong>Stromversorgung:<\/strong><\/h3>\n\n\n\n<p>Als <strong>kompatiblen Akku<\/strong> verwendet die Kamera den <strong>NP-W126s Akku von Fujifilm<\/strong>. Das zugeh\u00f6rige Ladeger\u00e4t zum Akku ist der <strong>BC-W126s Charger<\/strong>, ebenfalls von Fujifilm. Daneben findest du auch eine Reihe Varianten des Akkus von Dritthersteller. Dazu geh\u00f6ren <strong>Blumax<\/strong>, <strong>K&amp;F, Baxxtar<\/strong> &amp; Co. Neben einzelnen Akkus und zum Teil auch Ladeger\u00e4ten, werden diese h\u00e4ufig auch in <strong>Bundles<\/strong> angeboten, bestehend aus ein bis zwei Akkus und einem dazugeh\u00f6rigen Dual-Ladeger\u00e4t.<\/p>\n\n\n\n<div class=\"aawp\">\n\n            \n            \n<div class=\"aawp-product aawp-product--horizontal aawp-product--ribbon aawp-product--sale aawp-product--inline-info\"  data-aawp-product-asin=\"B01I4RNPQ6\" data-aawp-product-id=\"246538\" data-aawp-tracking-id=\"edraegerpho06-21\" data-aawp-product-title=\"Fujifilm 16528470 NP-W126S Akku schwarz\">\n\n    <span class=\"aawp-product__ribbon aawp-product__ribbon--sale\">Angebot<\/span>\n    <div class=\"aawp-product__thumb\">\n        <a class=\"aawp-product__image-link\"\n           href=\"https:\/\/www.amazon.de\/dp\/B01I4RNPQ6?tag=edraegerpho06-21&linkCode=ogi&th=1&psc=1\" title=\"Fujifilm NP-W126s Akku\" rel=\"nofollow noopener sponsored\" target=\"_blank\">\n            <img decoding=\"async\" class=\"aawp-product__image\" src=\"https:\/\/erikdraeger.com\/ratgeber\/wp-content\/plugins\/aawp\/public\/image.php?url=YUhSMGNITTZMeTl0TG0xbFpHbGhMV0Z0WVhwdmJpNWpiMjB2YVcxaFoyVnpMMGt2TlRFcloxUXlaVGxpYkV3dVgxTk1NVFl3WHk1cWNHYz18MTc3Nzg5NDgzNg=\" alt=\"Fujifilm NP-W126s Akku\"  \/>\n        <\/a>\n\n            <\/div>\n\n    <div class=\"aawp-product__content\">\n        <a class=\"aawp-product__title\" href=\"https:\/\/www.amazon.de\/dp\/B01I4RNPQ6?tag=edraegerpho06-21&linkCode=ogi&th=1&psc=1\" title=\"Fujifilm NP-W126s Akku\" rel=\"nofollow noopener sponsored\" target=\"_blank\">\n            Fujifilm NP-W126s Akku        <\/a>\n        <div class=\"aawp-product__description\">\n            <ul><li>passend zur FUJIFILM X-T2<\/li><li>abw\u00e4rtskompatibel zu anderen X-Serie Kameras, die den NP-W126 nutzen<\/li><li>verbesserte thermische Abschirmung<\/li><li>NP-W126S;Bedienungsanleitung<\/li><\/ul>        <\/div>\n    <\/div>\n\n    <div class=\"aawp-product__footer\">\n\n        <div class=\"aawp-product__pricing\">\n                                                        \n            \n            <img loading=\"lazy\" decoding=\"async\" src=\"https:\/\/erikdraeger.com\/ratgeber\/wp-content\/plugins\/aawp\/assets\/img\/icon-check-prime.svg\" height=\"16\" width=\"55\" alt=\"Amazon Prime\" \/>        <\/div>\n\n                <a class=\"aawp-button aawp-button--buy rounded aawp-button--icon aawp-button--icon-amazon-black\" href=\"https:\/\/www.amazon.de\/dp\/B01I4RNPQ6?tag=edraegerpho06-21&#038;linkCode=ogi&#038;th=1&#038;psc=1\" title=\"Bei Amazon ansehen\" target=\"_blank\" rel=\"nofollow noopener sponsored\">Bei Amazon ansehen<\/a>\n                    <span class=\"aawp-product__info\"><a href=\"#provisionshinweis\">Provisionshinweis<\/a><\/span>\n            <\/div>\n\n<\/div>\n\n    \n<\/div>\n\n\n\n\n<div class=\"aawp\">\n\n            \n            \n<div class=\"aawp-product aawp-product--horizontal aawp-product--inline-info\"  data-aawp-product-asin=\"B08QZBRVBT\" data-aawp-product-id=\"246539\" data-aawp-tracking-id=\"edraegerpho06-21\" data-aawp-product-title=\"PATONA Protect Akku NP-W126s 1210mAh mit NTC-Sensor und V1-Geh\u00e4use kompatibel mit Fuji Fujifilm XM5 X100F X100V X100VI XA1 XA2 XA3 XA5 XS10 XT3 XT20 XT30 II XT5 XT50 X-M5 X-S10 NP-W126\">\n\n    \n    <div class=\"aawp-product__thumb\">\n        <a class=\"aawp-product__image-link\"\n           href=\"https:\/\/www.amazon.de\/dp\/B08QZBRVBT?tag=edraegerpho06-21&linkCode=ogi&th=1&psc=1\" title=\"PATONA Protect V1 NP-W126s Akku\" rel=\"nofollow noopener sponsored\" target=\"_blank\">\n            <img decoding=\"async\" class=\"aawp-product__image\" src=\"https:\/\/erikdraeger.com\/ratgeber\/wp-content\/plugins\/aawp\/public\/image.php?url=YUhSMGNITTZMeTl0TG0xbFpHbGhMV0Z0WVhwdmJpNWpiMjB2YVcxaFoyVnpMMGt2TkRGdmFFNTVaVVZ1ZGt3dVgxTk1NVFl3WHk1cWNHYz18MTc3Nzg5NDgzNg=\" alt=\"PATONA Protect V1 NP-W126s Akku\"  \/>\n        <\/a>\n\n            <\/div>\n\n    <div class=\"aawp-product__content\">\n        <a class=\"aawp-product__title\" href=\"https:\/\/www.amazon.de\/dp\/B08QZBRVBT?tag=edraegerpho06-21&linkCode=ogi&th=1&psc=1\" title=\"PATONA Protect V1 NP-W126s Akku\" rel=\"nofollow noopener sponsored\" target=\"_blank\">\n            PATONA Protect V1 NP-W126s Akku        <\/a>\n        <div class=\"aawp-product__description\">\n            <ul><li>\u2705 HOCHLEISTUNGS-AKKU MIT MAXIMALER SICHERHEIT \u2013 Der PATONA PROTECT NP-W126S Akku mit 1210mAh, 7.4V und 8,7Wh bietet eine extrem zuverl\u00e4ssige Energieversorgung f\u00fcr deine Fujifilm X-T3, X-T30 II, X-T50, X-Pro3, X-E4, X100V, X-S10 und viele weitere Modelle.<\/li><li>\u2705 EXTREMER SCHUTZ DANK PROTECT-TECHNOLOGIE \u2013 Das hitzebest\u00e4ndige V1-Geh\u00e4use h\u00e4lt Temperaturen von -20\u00b0C bis +100\u00b0C stand. Der integrierte NTC-Widerstand reguliert die Stromversorgung automatisch f\u00fcr eine konstante und sichere Leistung \u2013 perfekt f\u00fcr anspruchsvolle Eins\u00e4tze.<\/li><li>\u2705 100% KOMPATIBEL MIT FUJIFILM KAMERAS \u2013 Funktioniert einwandfrei mit X-T1, X-T2, X-T3, X-T20, X-T30, X-H1, X-A5, X-E3, X-M1, X100F, HS50EXR und mehr. Eine ideale Alternative zum Originalakku mit identischer Passform und voller Funktionalit\u00e4t.<\/li><li>\u2705 ZUVERL\u00c4SSIGE LEISTUNG F\u00dcR FOTO- & VIDEOAUFNAHMEN \u2013 Entwickelt f\u00fcr lange Shootings, Serienbilder & 4K-Videografie, sorgt der Akku f\u00fcr eine stabile Stromversorgung ohne Leistungsverlust \u2013 ideal f\u00fcr kreative Fotografen & Profis.<\/li><li>\u2705 MAXIMALE SICHERHEIT & LANGLEBIGKEIT \u2013 Die PROTECT-Serie bietet einen Schutz vor \u00dcberladung, Kurzschluss & \u00dcberhitzung, sodass deine Kamera jederzeit sicher mit Energie versorgt wird \u2013 f\u00fcr sorgenfreies Fotografieren in jeder Umgebung.<\/li><\/ul>        <\/div>\n    <\/div>\n\n    <div class=\"aawp-product__footer\">\n\n        <div class=\"aawp-product__pricing\">\n            \n            \n                    <\/div>\n\n                <a class=\"aawp-button aawp-button--buy rounded aawp-button--icon aawp-button--icon-amazon-black\" href=\"https:\/\/www.amazon.de\/dp\/B08QZBRVBT?tag=edraegerpho06-21&#038;linkCode=ogi&#038;th=1&#038;psc=1\" title=\"Bei Amazon ansehen\" target=\"_blank\" rel=\"nofollow noopener sponsored\">Bei Amazon ansehen<\/a>\n                    <span class=\"aawp-product__info\"><a href=\"#provisionshinweis\">Provisionshinweis<\/a><\/span>\n            <\/div>\n\n<\/div>\n\n    \n<\/div>\n\n\n\n\n<div class=\"aawp\">\n\n            \n            \n<div class=\"aawp-product aawp-product--horizontal aawp-product--inline-info\"  data-aawp-product-asin=\"B07VC7R1VM\" data-aawp-product-id=\"246637\" data-aawp-tracking-id=\"edraegerpho06-21\" data-aawp-product-title=\"Blumax 2X Akku 1140mAh f\u00fcr Fujifilm NP-W126s\/NP-W126 + Slim Dual-Ladeger\u00e4t USB f\u00fcr Fujifilm XT-3 XT3 XT-200 X-A7 XA7 X-T1-X-T10-X-Pro1-X-E1-X-E2-X-M1-X-A1-X-A2-X-Pro2-X-ES2-X-A3 HS50EXR\">\n\n    \n    <div class=\"aawp-product__thumb\">\n        <a class=\"aawp-product__image-link\"\n           href=\"https:\/\/www.amazon.de\/dp\/B07VC7R1VM?tag=edraegerpho06-21&linkCode=ogi&th=1&psc=1\" title=\"NP-W126s Akku-Bundle von Blumax\" rel=\"nofollow noopener sponsored\" target=\"_blank\">\n            <img decoding=\"async\" class=\"aawp-product__image\" src=\"https:\/\/erikdraeger.com\/ratgeber\/wp-content\/plugins\/aawp\/public\/image.php?url=YUhSMGNITTZMeTl0TG0xbFpHbGhMV0Z0WVhwdmJpNWpiMjB2YVcxaFoyVnpMMGt2TkRGWk1rRk5ZaXQxWjB3dVgxTk1NVFl3WHk1cWNHYz18MTc3Nzg5NDgzNg=\" alt=\"NP-W126s Akku-Bundle von Blumax\"  \/>\n        <\/a>\n\n            <\/div>\n\n    <div class=\"aawp-product__content\">\n        <a class=\"aawp-product__title\" href=\"https:\/\/www.amazon.de\/dp\/B07VC7R1VM?tag=edraegerpho06-21&linkCode=ogi&th=1&psc=1\" title=\"NP-W126s Akku-Bundle von Blumax\" rel=\"nofollow noopener sponsored\" target=\"_blank\">\n            NP-W126s Akku-Bundle von Blumax        <\/a>\n        <div class=\"aawp-product__description\">\n                    <\/div>\n    <\/div>\n\n    <div class=\"aawp-product__footer\">\n\n        <div class=\"aawp-product__pricing\">\n            \n            \n                    <\/div>\n\n                <a class=\"aawp-button aawp-button--buy rounded aawp-button--icon aawp-button--icon-amazon-black\" href=\"https:\/\/www.amazon.de\/dp\/B07VC7R1VM?tag=edraegerpho06-21&#038;linkCode=ogi&#038;th=1&#038;psc=1\" title=\"Bei Amazon ansehen\" target=\"_blank\" rel=\"nofollow noopener sponsored\">Bei Amazon ansehen<\/a>\n                    <span class=\"aawp-product__info\"><a href=\"#provisionshinweis\">Provisionshinweis<\/a><\/span>\n            <\/div>\n\n<\/div>\n\n    \n<\/div>\n\n\n\n\n<div style=\"height:30px\" aria-hidden=\"true\" class=\"wp-block-spacer\"><\/div>\n\n\n\n<h3 class=\"wp-block-heading has-medium-font-size\"><strong>Objektive-Accessoires &amp; Konverter<\/strong><\/h3>\n\n\n\n<p>Da die Fujifilm X100 VI keine Wechselobjektivkamera (d.h. DSLR oder Systemkamera ) ist, l\u00e4sst sich nur das verbaute Objektiv nutzen. Bei dem Objektiv handelt es sich um eine Festbrennweite mit 23mm Brennweite und einer maximalen Blenden\u00f6ffnung von f2. Mittels <strong>Konverter<\/strong> kannst du das Bild auf eine andere konvertieren Brennweite. So gibt es mit dem <strong>WCL-X100 II einen Weitwinkelkonverter<\/strong> und mit dem <strong>TCL-X100II einen Telekonverter<\/strong> f\u00fcr eine h\u00f6here Zoomstufe. Weiterhin kannst du an der Kamera auch Objektivfilter mit einem Durchmesser von 49 mm verwenden. Hierf\u00fcr ben\u00f6tigst du den <strong>Adapterring AR-X100<\/strong>.<\/p>\n\n\n\n<div class=\"aawp\">\n\n            \n            \n<div class=\"aawp-product aawp-product--horizontal aawp-product--ribbon aawp-product--sale aawp-product--inline-info\"  data-aawp-product-asin=\"B01N12I0TC\" data-aawp-product-id=\"246540\" data-aawp-tracking-id=\"edraegerpho06-21\" data-aawp-product-title=\"Fujifilm Weitwinkel Konverter WCL-X100 Silber 16534716\">\n\n    <span class=\"aawp-product__ribbon aawp-product__ribbon--sale\">Angebot<\/span>\n    <div class=\"aawp-product__thumb\">\n        <a class=\"aawp-product__image-link\"\n           href=\"https:\/\/www.amazon.de\/dp\/B01N12I0TC?tag=edraegerpho06-21&linkCode=ogi&th=1&psc=1\" title=\"Weitwinkelkonverter WCL-X100 II\" rel=\"nofollow noopener sponsored\" target=\"_blank\">\n            <img decoding=\"async\" class=\"aawp-product__image\" src=\"https:\/\/erikdraeger.com\/ratgeber\/wp-content\/plugins\/aawp\/public\/image.php?url=YUhSMGNITTZMeTl0TG0xbFpHbGhMV0Z0WVhwdmJpNWpiMjB2YVcxaFoyVnpMMGt2TkRGT2MwUTRTMjV4Y1V3dVgxTk1NVFl3WHk1cWNHYz18MTc3Nzg5NDgzNg=\" alt=\"Weitwinkelkonverter WCL-X100 II\"  \/>\n        <\/a>\n\n            <\/div>\n\n    <div class=\"aawp-product__content\">\n        <a class=\"aawp-product__title\" href=\"https:\/\/www.amazon.de\/dp\/B01N12I0TC?tag=edraegerpho06-21&linkCode=ogi&th=1&psc=1\" title=\"Weitwinkelkonverter WCL-X100 II\" rel=\"nofollow noopener sponsored\" target=\"_blank\">\n            Weitwinkelkonverter WCL-X100 II        <\/a>\n        <div class=\"aawp-product__description\">\n            <ul><li>Kompatibel mit: FUJIFILM X100T und FUJIFILM X100F<\/li><li>Verringert die Brennweite um das 0,8-Fache auf 28mm (\u00e4quivalent zu KB)<\/li><li>Erm\u00f6glicht einen gr\u00f6\u00dferen Bildwinkel<\/li><li>Verst\u00e4rkt die Tiefenwirkung<\/li><li>Lieferumfang: FUJIFILM Weitwinkel Konverter WCL-X100 silber II<\/li><\/ul>        <\/div>\n    <\/div>\n\n    <div class=\"aawp-product__footer\">\n\n        <div class=\"aawp-product__pricing\">\n                                                        \n            \n            <img loading=\"lazy\" decoding=\"async\" src=\"https:\/\/erikdraeger.com\/ratgeber\/wp-content\/plugins\/aawp\/assets\/img\/icon-check-prime.svg\" height=\"16\" width=\"55\" alt=\"Amazon Prime\" \/>        <\/div>\n\n                <a class=\"aawp-button aawp-button--buy rounded aawp-button--icon aawp-button--icon-amazon-black\" href=\"https:\/\/www.amazon.de\/dp\/B01N12I0TC?tag=edraegerpho06-21&#038;linkCode=ogi&#038;th=1&#038;psc=1\" title=\"Bei Amazon ansehen\" target=\"_blank\" rel=\"nofollow noopener sponsored\">Bei Amazon ansehen<\/a>\n                    <span class=\"aawp-product__info\"><a href=\"#provisionshinweis\">Provisionshinweis<\/a><\/span>\n            <\/div>\n\n<\/div>\n\n    \n<\/div>\n\n\n\n\n<div class=\"aawp\">\n\n            \n            \n<div class=\"aawp-product aawp-product--horizontal aawp-product--inline-info\"  data-aawp-product-asin=\"B004NROYV2\" data-aawp-product-id=\"246542\" data-aawp-tracking-id=\"edraegerpho06-21\" data-aawp-product-title=\"FUJIFILM AR-X100 Bague d adaptation Silver Pour X100\">\n\n    \n    <div class=\"aawp-product__thumb\">\n        <a class=\"aawp-product__image-link\"\n           href=\"https:\/\/www.amazon.de\/dp\/B004NROYV2?tag=edraegerpho06-21&linkCode=ogi&th=1&psc=1\" title=\"AR-X100 Adapterring\" rel=\"nofollow noopener sponsored\" target=\"_blank\">\n            <img decoding=\"async\" class=\"aawp-product__image\" src=\"https:\/\/erikdraeger.com\/ratgeber\/wp-content\/plugins\/aawp\/public\/image.php?url=YUhSMGNITTZMeTl0TG0xbFpHbGhMV0Z0WVhwdmJpNWpiMjB2YVcxaFoyVnpMMGt2TkRGV2FGZG5ZMlptT0V3dVgxTk1NVFl3WHk1cWNHYz18MTc3Nzg5NDgzNg=\" alt=\"AR-X100 Adapterring\"  \/>\n        <\/a>\n\n            <\/div>\n\n    <div class=\"aawp-product__content\">\n        <a class=\"aawp-product__title\" href=\"https:\/\/www.amazon.de\/dp\/B004NROYV2?tag=edraegerpho06-21&linkCode=ogi&th=1&psc=1\" title=\"AR-X100 Adapterring\" rel=\"nofollow noopener sponsored\" target=\"_blank\">\n            AR-X100 Adapterring        <\/a>\n        <div class=\"aawp-product__description\">\n            <ul><li>FUJIFILM<\/li><li>Accessoire image & son<\/li><\/ul>        <\/div>\n    <\/div>\n\n    <div class=\"aawp-product__footer\">\n\n        <div class=\"aawp-product__pricing\">\n            \n            \n            <img loading=\"lazy\" decoding=\"async\" src=\"https:\/\/erikdraeger.com\/ratgeber\/wp-content\/plugins\/aawp\/assets\/img\/icon-check-prime.svg\" height=\"16\" width=\"55\" alt=\"Amazon Prime\" \/>        <\/div>\n\n                <a class=\"aawp-button aawp-button--buy rounded aawp-button--icon aawp-button--icon-amazon-black\" href=\"https:\/\/www.amazon.de\/dp\/B004NROYV2?tag=edraegerpho06-21&#038;linkCode=ogi&#038;th=1&#038;psc=1\" title=\"Bei Amazon ansehen\" target=\"_blank\" rel=\"nofollow noopener sponsored\">Bei Amazon ansehen<\/a>\n                    <span class=\"aawp-product__info\"><a href=\"#provisionshinweis\">Provisionshinweis<\/a><\/span>\n            <\/div>\n\n<\/div>\n\n    \n<\/div>\n\n\n\n\n<div class=\"aawp\">\n\n            \n            \n<div class=\"aawp-product aawp-product--horizontal aawp-product--inline-info\"  data-aawp-product-asin=\"B014SIWH6Y\" data-aawp-product-id=\"245740\" data-aawp-tracking-id=\"edraegerpho06-21\" data-aawp-product-title=\"Gobe NDX 49 mm Variabler Graufilter ND2-400 ND Filter  1Peak  Black\">\n\n    \n    <div class=\"aawp-product__thumb\">\n        <a class=\"aawp-product__image-link\"\n           href=\"https:\/\/www.amazon.de\/dp\/B014SIWH6Y?tag=edraegerpho06-21&linkCode=ogi&th=1&psc=1\" title=\"Grauverlaufsfilter von Gobe | 49mm\" rel=\"nofollow noopener sponsored\" target=\"_blank\">\n            <img decoding=\"async\" class=\"aawp-product__image\" src=\"https:\/\/erikdraeger.com\/ratgeber\/wp-content\/plugins\/aawp\/public\/image.php?url=YUhSMGNITTZMeTl0TG0xbFpHbGhMV0Z0WVhwdmJpNWpiMjB2YVcxaFoyVnpMMGt2TkRGV2VESnFMWEZ4WjB3dVgxTk1NVFl3WHk1cWNHYz18MTc3Nzg5NDgzNg=\" alt=\"Grauverlaufsfilter von Gobe | 49mm\"  \/>\n        <\/a>\n\n            <\/div>\n\n    <div class=\"aawp-product__content\">\n        <a class=\"aawp-product__title\" href=\"https:\/\/www.amazon.de\/dp\/B014SIWH6Y?tag=edraegerpho06-21&linkCode=ogi&th=1&psc=1\" title=\"Grauverlaufsfilter von Gobe | 49mm\" rel=\"nofollow noopener sponsored\" target=\"_blank\">\n            Grauverlaufsfilter von Gobe | 49mm        <\/a>\n        <div class=\"aawp-product__description\">\n            <ul><li>VIELSEITIG | Der rotierende Ring zwischen ND2 und ND400 erm\u00f6glicht gro\u00dfe Vielseitigkeit bei wechselndem Licht. Reduziert die Lichtaufnahme von 1 auf 8,66 Blendenstufen, ohne die Farbbalance zu beeinflussen. Gro\u00dfartig f\u00fcr Landschaftsfotos und Videoaufnahmen.<\/li><li>GOBE 1PEAK | Hochwertiges optisches Glas aus Japan mit 8-lagiger Nano-Beschichtung, sorgt f\u00fcr neutrale Farbbalance, reduziert die Linsenreflexion und entfernt Geisterbilder. Ausgestattet mit unserer lebensl\u00e4nglichen Garantie.<\/li><li>KONTROLLIEREN SIE UNVORHERSEHBARES LICHT | Die variable Lichtreduzierung eliminiert verwaschene Bilder und erm\u00f6glicht lange Belichtungs- und Bewegungsunsch\u00e4rfe-Techniken bei variablem Licht: Verwenden Sie langsame Verschlusszeiten und gro\u00dfe Blenden\u00f6ffnungen, ohne Ihre Bilder \u00fcberzubelichten.<\/li><li>ANMERKUNGEN | Dieser variable ND-Filter wird nicht zur Verwendung mit Weitwinkel- und Teleobjektiven empfohlen. Bitte beachten Sie: Drehen Sie nicht weiter als bis zur MAX-Markierung auf dem Ring, um unerw\u00fcnschte Vignettierungs Effekte zu vermeiden. F\u00fcr diesen Filter m\u00fcssen Sie einen gr\u00f6\u00dferen Objektivdeckel oder eine gr\u00f6\u00dfere Gegenlichtblende verwenden.<\/li><\/ul>        <\/div>\n    <\/div>\n\n    <div class=\"aawp-product__footer\">\n\n        <div class=\"aawp-product__pricing\">\n            \n            \n                    <\/div>\n\n                <a class=\"aawp-button aawp-button--buy rounded aawp-button--icon aawp-button--icon-amazon-black\" href=\"https:\/\/www.amazon.de\/dp\/B014SIWH6Y?tag=edraegerpho06-21&#038;linkCode=ogi&#038;th=1&#038;psc=1\" title=\"Bei Amazon ansehen\" target=\"_blank\" rel=\"nofollow noopener sponsored\">Bei Amazon ansehen<\/a>\n                    <span class=\"aawp-product__info\"><a href=\"#provisionshinweis\">Provisionshinweis<\/a><\/span>\n            <\/div>\n\n<\/div>\n\n    \n<\/div>\n\n\n\n\n<div class=\"aawp\">\n\n            \n            \n<div class=\"aawp-product aawp-product--horizontal aawp-product--inline-info\"  data-aawp-product-asin=\"B0CC56NKKX\" data-aawp-product-id=\"247207\" data-aawp-tracking-id=\"edraegerpho06-21\" data-aawp-product-title=\"K&amp;F CONCEPT Filter 49mm True Color Polfilter CPL Polarisationsfilter Optisches Glas mit Multi-Nano-Beschichtung  Nano-Xcel\">\n\n    \n    <div class=\"aawp-product__thumb\">\n        <a class=\"aawp-product__image-link\"\n           href=\"https:\/\/www.amazon.de\/dp\/B0CC56NKKX?tag=edraegerpho06-21&linkCode=osi&th=1&psc=1\" title=\"K&F Concept Nano X-Serie Polfilter | 49mm\" rel=\"nofollow noopener sponsored\" target=\"_blank\">\n            <img decoding=\"async\" class=\"aawp-product__image\" src=\"https:\/\/erikdraeger.com\/ratgeber\/wp-content\/plugins\/aawp\/public\/image.php?url=YUhSMGNITTZMeTl0TG0xbFpHbGhMV0Z0WVhwdmJpNWpiMjB2YVcxaFoyVnpMMGt2TlRGRVkwVmhaV3hwZDB3dVgxTk1NVFl3WHk1ZlUwd3hOakJmTG1wd1p3PT18MTc3Nzg5NDgzNg=\" alt=\"K&F Concept Nano X-Serie Polfilter | 49mm\"  \/>\n        <\/a>\n\n            <\/div>\n\n    <div class=\"aawp-product__content\">\n        <a class=\"aawp-product__title\" href=\"https:\/\/www.amazon.de\/dp\/B0CC56NKKX?tag=edraegerpho06-21&linkCode=osi&th=1&psc=1\" title=\"K&F Concept Nano X-Serie Polfilter | 49mm\" rel=\"nofollow noopener sponsored\" target=\"_blank\">\n            K&F Concept Nano X-Serie Polfilter | 49mm        <\/a>\n        <div class=\"aawp-product__description\">\n            <ul><li>\u3010True Color Polfilter\u3011Dieser Filter verhindert effektiv den bei anderen Filtermarken \u00fcblichen Gelbstich und und gew\u00e4hrleistet eine absolut neutrale Farbwiedergabe, sodass keine Farbverf\u00e4lschungen auftreten. (Hinweis: Neue und alte Verpackungen werden nach dem Zufallsprinzip versendet.)<\/li><li>\u3010Reflexionsreduzierung\u3011Der True Color CPL Polfilter reduziert 99,9 % des polarisierten Lichts und minimiert unerw\u00fcnschte Lichtreflexe, um die Videoqualit\u00e4t zu verbessern. Ideal f\u00fcr die Landschaftsfotografie, verst\u00e4rkt er Farben und erzeugt lebendige Bilder.<\/li><li>\u3010Hoher Kontrast\u3011Durch einfaches Drehen des Filters l\u00e4sst sich der Polarisationsgrad anpassen \u2013 f\u00fcr st\u00e4rkere Kontraste, sattere Farben und ausdrucksst\u00e4rkere Aufnahmen.<\/li><li>\u3010Hochwertiges Glas\u3011Der Filter besteht aus deutschcem SCHOTT B270 Glas. 28-lagige Multi-Resistant Coating (MRC) gew\u00e4hrleistet hohe Lichtdurchl\u00e4ssigkeit und optimale Antireflexleistung. Die zus\u00e4tzliche Nanobeschichtung bietet Schutz und macht die Reinigung besonders einfach.<\/li><li>\u3010Ultra-D\u00fcnnes Rahmenprofil\u3011Vermeidet Vignettierung auch bei Weitwinkelobjektiven. Einfach zu montieren und auch mit Objektivdeckel nutzbar.<\/li><\/ul>        <\/div>\n    <\/div>\n\n    <div class=\"aawp-product__footer\">\n\n        <div class=\"aawp-product__pricing\">\n            \n            \n                    <\/div>\n\n                <a class=\"aawp-button aawp-button--buy rounded aawp-button--icon aawp-button--icon-amazon-black\" href=\"https:\/\/www.amazon.de\/dp\/B0CC56NKKX?tag=edraegerpho06-21&#038;linkCode=osi&#038;th=1&#038;psc=1\" title=\"Bei Amazon ansehen\" target=\"_blank\" rel=\"nofollow noopener sponsored\">Bei Amazon ansehen<\/a>\n                    <span class=\"aawp-product__info\"><a href=\"#provisionshinweis\">Provisionshinweis<\/a><\/span>\n            <\/div>\n\n<\/div>\n\n    \n<\/div>\n\n\n\n\n<div class=\"aawp\">\n\n            \n            \n<div class=\"aawp-product aawp-product--horizontal aawp-product--inline-info\"  data-aawp-product-asin=\"B00YRVOG12\" data-aawp-product-id=\"247230\" data-aawp-tracking-id=\"edraegerpho06-21\" data-aawp-product-title=\"Walimex pro UV-Filter Slim MC 49mm - Schutz vor UV-Strahlen und Verschmutzung Hochwertige Mehrschichtverg\u00fctung mit \u00e4u\u00dferst d\u00fcnner gering auftragender Metallfassung Inkl Schutzh\u00fclle\">\n\n    \n    <div class=\"aawp-product__thumb\">\n        <a class=\"aawp-product__image-link\"\n           href=\"https:\/\/www.amazon.de\/dp\/B00YRVOG12?tag=edraegerpho06-21&linkCode=osi&th=1&psc=1\" title=\"Walimex Pro UV-Filter Slim MC | 49mm\" rel=\"nofollow noopener sponsored\" target=\"_blank\">\n            <img decoding=\"async\" class=\"aawp-product__image\" src=\"https:\/\/erikdraeger.com\/ratgeber\/wp-content\/plugins\/aawp\/public\/image.php?url=YUhSMGNITTZMeTl0TG0xbFpHbGhMV0Z0WVhwdmJpNWpiMjB2YVcxaFoyVnpMMGt2TXpFM2NXbG1iamhPUVV3dVgxTk1NVFl3WHk1ZlUwd3hOakJmTG1wd1p3PT18MTc3Nzg5NDgzNg=\" alt=\"Walimex Pro UV-Filter Slim MC | 49mm\"  \/>\n        <\/a>\n\n            <\/div>\n\n    <div class=\"aawp-product__content\">\n        <a class=\"aawp-product__title\" href=\"https:\/\/www.amazon.de\/dp\/B00YRVOG12?tag=edraegerpho06-21&linkCode=osi&th=1&psc=1\" title=\"Walimex Pro UV-Filter Slim MC | 49mm\" rel=\"nofollow noopener sponsored\" target=\"_blank\">\n            Walimex Pro UV-Filter Slim MC | 49mm        <\/a>\n        <div class=\"aawp-product__description\">\n            <ul><li>[UV-Schutz und Bildqualit\u00e4t] \u2013 Der UV-Filter con Walimex pro blockiert ultraviolettes Licht effektiv, verringert chromatische Aberrationen und sorgt f\u00fcr klarere, farbenst\u00e4rkere Aufnahmen im Freien. Ideal bei Dunst, Nebel oder Fernaufnahmen. Gleichzeitig sch\u00fctzt der Filter das Objektiv zuverl\u00e4ssig vor Kratzern, Staub und Spritzwasser bei jedem Wetter<\/li><li>[Vielf\u00e4ltige Einsatzm\u00f6glichkeiten] \u2013 Der Filter kann das ganze Jahr \u00fcber auf dem Objektiv verbleiben und ist ideal f\u00fcr Landschafts-, Natur- und Tierfotografie. Kompatibel mit Kamera-UV-Filtern, Polarisationsfiltern, Graufiltern und Astrofiltern. Geeignet f\u00fcr alle, die ihre Bildqualit\u00e4t und das Objektiv langfristig verbessern und sch\u00fctzen m\u00f6chten<\/li><li>[Hochwertige Verarbeitung] \u2013 Das planparallel geschliffene Glas bietet exzellente optische Eigenschaften und beeintr\u00e4chtigt die Leistung des Objektivs nicht. Dank der robusten Metallfassung ist der Filter langlebig und stabil. Das Frontgewinde erm\u00f6glicht die Kombination mit weiteren Filtern wie einem Polfilter, Polarisationsfilter oder Objektivfilter<\/li><li>[Kompaktes und leichtes Design] \u2013 Mit einer H\u00f6he von nur ca. 6 mm ist der UV-Filter besonders flach, leicht und kompakt \u2013 ideal f\u00fcr Reisen und den mobilen Einsatz. Die griffige Fassung erleichtert das Auf- und Abschrauben. In der mitgelieferten Schutzh\u00fclle bleibt der Filter auch unterwegs vor Kratzern und St\u00f6\u00dfen optimal gesch\u00fctzt<\/li><li>[Universelle Kompatibilit\u00e4t] \u2013 Der UV-Filter passt auf Objektive verschiedenster Hersteller und ist kompatibel mit Marken wie Canon, Nikon, Sony, Fuji, Olympus, Samsung, Samyang und Walimex pro. Damit ist er ein vielseitiger Kamera-Filter f\u00fcr nahezu jedes System und l\u00e4sst sich problemlos mit Fotofiltern oder Kamera-Zubeh\u00f6r kombinieren<\/li><\/ul>        <\/div>\n    <\/div>\n\n    <div class=\"aawp-product__footer\">\n\n        <div class=\"aawp-product__pricing\">\n            \n            \n                    <\/div>\n\n                <a class=\"aawp-button aawp-button--buy rounded aawp-button--icon aawp-button--icon-amazon-black\" href=\"https:\/\/www.amazon.de\/dp\/B00YRVOG12?tag=edraegerpho06-21&#038;linkCode=osi&#038;th=1&#038;psc=1\" title=\"Bei Amazon ansehen\" target=\"_blank\" rel=\"nofollow noopener sponsored\">Bei Amazon ansehen<\/a>\n                    <span class=\"aawp-product__info\"><a href=\"#provisionshinweis\">Provisionshinweis<\/a><\/span>\n            <\/div>\n\n<\/div>\n\n    \n<\/div>\n\n\n\n\n<div style=\"height:30px\" aria-hidden=\"true\" class=\"wp-block-spacer\"><\/div>\n\n\n\n<h3 class=\"wp-block-heading has-medium-font-size\"><strong>Kamerataschen:<\/strong><\/h3>\n\n\n\n<p>Das kleine Geh\u00e4use der X100 VI ist ein Grund f\u00fcr ihre hohe Beliebtheit unter den Kompaktkameras. F\u00fcr den <strong>sicheren Transport und die Aufbewahrung<\/strong> lohnt sich eine passende Kameratasche. Sie sollte der Gr\u00f6\u00dfe der Kamera auch angemessen sein. In diesem Fall eignet sich eine <a href=\"https:\/\/erikdraeger.com\/ratgeber\/fototasche\/\">kleine DSLR oder Systemkameratasche<\/a>. Hier hast du in der Regel auch gen\u00fcgend Platz f\u00fcr kleines Zubeh\u00f6r wie <strong>Wechselakku<\/strong>, <strong>Speicherkarten<\/strong> und Co.<\/p>\n\n\n\n<div class=\"aawp\">\n\n            \n            \n<div class=\"aawp-product aawp-product--horizontal aawp-product--inline-info\"  data-aawp-product-asin=\"B002CMSOFW\" data-aawp-product-id=\"246287\" data-aawp-tracking-id=\"edraegerpho06-21\" data-aawp-product-title=\"Mantona Premium Colt Schultertasche schwarz \u2013 220 x 200 x 140 mm \u2013 Outdoor Kameratasche mit Tragegurt Polsterung Schnellzugriff Staubschutz Fach \u2013 kompakt wasserdicht \u2013 f\u00fcr Spiegelreflex DSLR Kamera\">\n\n    \n    <div class=\"aawp-product__thumb\">\n        <a class=\"aawp-product__image-link\"\n           href=\"https:\/\/www.amazon.de\/dp\/B002CMSOFW?tag=edraegerpho06-21&linkCode=ogi&th=1&psc=1\" title=\"Mantona Colt DSLR Kameratasche\" rel=\"nofollow noopener sponsored\" target=\"_blank\">\n            <img decoding=\"async\" class=\"aawp-product__image\" src=\"https:\/\/erikdraeger.com\/ratgeber\/wp-content\/plugins\/aawp\/public\/image.php?url=YUhSMGNITTZMeTl0TG0xbFpHbGhMV0Z0WVhwdmJpNWpiMjB2YVcxaFoyVnpMMGt2TkRGYVNpc3RSbVprVUV3dVgxTk1NVFl3WHk1cWNHYz18MTc3Nzg5NDgzNg=\" alt=\"Mantona Colt DSLR Kameratasche\"  \/>\n        <\/a>\n\n            <\/div>\n\n    <div class=\"aawp-product__content\">\n        <a class=\"aawp-product__title\" href=\"https:\/\/www.amazon.de\/dp\/B002CMSOFW?tag=edraegerpho06-21&linkCode=ogi&th=1&psc=1\" title=\"Mantona Colt DSLR Kameratasche\" rel=\"nofollow noopener sponsored\" target=\"_blank\">\n            Mantona Colt DSLR Kameratasche        <\/a>\n        <div class=\"aawp-product__description\">\n            Die Mantona Colt Fototasche besteht aus robustem Polyestermaterial, welches leicht zu reinigen ist und vor eindringende N\u00e4sse sch\u00fctzt. Die Tasche ist dabei f\u00fcr kleinere bis mittlere DSLR und Systemkameramodelle passend. Unter dem Deckel mit Clip-Verschluss und Rei\u00dfverschluss befindet sich das gepolsterte Hauptfach der Kameratasche. Neben dem Hauptfach, welches Platz f\u00fcr Kamera+Objektiv bietet, gibt es ein weitere Fronttasche sowie eine Innentasche \u2013 beide mit Rei\u00dfverschluss. Die Zusatztaschen bieten weiteren Stauraum f\u00fcr Kleinzubeh\u00f6r wie Akkus und Speicherkarten. Die Mantona Colt ist vielen verschiedenen Farben erh\u00e4ltlich. Innenma\u00dfe: 18x16x10 cm        <\/div>\n    <\/div>\n\n    <div class=\"aawp-product__footer\">\n\n        <div class=\"aawp-product__pricing\">\n            \n            \n                    <\/div>\n\n                <a class=\"aawp-button aawp-button--buy rounded aawp-button--icon aawp-button--icon-amazon-black\" href=\"https:\/\/www.amazon.de\/dp\/B002CMSOFW?tag=edraegerpho06-21&#038;linkCode=ogi&#038;th=1&#038;psc=1\" title=\"Bei Amazon ansehen\" target=\"_blank\" rel=\"nofollow noopener sponsored\">Bei Amazon ansehen<\/a>\n                    <span class=\"aawp-product__info\"><a href=\"#provisionshinweis\">Provisionshinweis<\/a><\/span>\n            <\/div>\n\n<\/div>\n\n    \n<\/div>\n\n\n\n\n<div class=\"aawp\">\n\n            \n            \n<div class=\"aawp-product aawp-product--horizontal aawp-product--inline-info\"  data-aawp-product-asin=\"B077YFW81J\" data-aawp-product-id=\"246048\" data-aawp-tracking-id=\"edraegerpho06-21\" data-aawp-product-title=\"Pedea Kameratasche Fashion f\u00fcr Spiegelreflex DSLR SLR Spiegelreflexkamera Fototasche f\u00fcr DLSM Systemkamera mit Regenschutzh\u00fclle f\u00fcr Zubeh\u00f6r und Objektive Gr M schwarz\">\n\n    \n    <div class=\"aawp-product__thumb\">\n        <a class=\"aawp-product__image-link\"\n           href=\"https:\/\/www.amazon.de\/dp\/B077YFW81J?tag=edraegerpho06-21&linkCode=ogi&th=1&psc=1\" title=\"Pedea Kameratasche Fashion\" rel=\"nofollow noopener sponsored\" target=\"_blank\">\n            <img decoding=\"async\" class=\"aawp-product__image\" src=\"https:\/\/erikdraeger.com\/ratgeber\/wp-content\/plugins\/aawp\/public\/image.php?url=YUhSMGNITTZMeTl0TG0xbFpHbGhMV0Z0WVhwdmJpNWpiMjB2YVcxaFoyVnpMMGt2TkRGVFlXeGpaM0JGVlV3dVgxTk1NVFl3WHk1cWNHYz18MTc3Nzg5NDgzNg=\" alt=\"Pedea Kameratasche Fashion\"  \/>\n        <\/a>\n\n            <\/div>\n\n    <div class=\"aawp-product__content\">\n        <a class=\"aawp-product__title\" href=\"https:\/\/www.amazon.de\/dp\/B077YFW81J?tag=edraegerpho06-21&linkCode=ogi&th=1&psc=1\" title=\"Pedea Kameratasche Fashion\" rel=\"nofollow noopener sponsored\" target=\"_blank\">\n            Pedea Kameratasche Fashion        <\/a>\n        <div class=\"aawp-product__description\">\n            Die kompakte Fototasche von Pedea bietet mit seiner dicken Polsterung, weichem Innenfutter sowie einem wasserabweisendem Regencape einen umfassenden Schutz f\u00fcr DSLR oder Systemkameras in kleiner bis mittlerer Gr\u00f6\u00dfe. Das Hauptfach ist f\u00fcr Kamera-Sets (Kamera + montiertes Objektiv) mit bis zu 16 cm Tiefe ausgelegt. Daneben gibt es in 5 zus\u00e4tzlichen F\u00e4chern Platz f\u00fcr Zubeh\u00f6r wie Datenkabel, Akkus und Speicherkarten. Mit einem stufenlos verstellbaren Schultergurt erm\u00f6glicht sie bequemen Tragekomfort und kann mit der G\u00fcrtelschlaufe am G\u00fcrtel befestigt werden. Innenma\u00dfe: 15x16x10,5 cm        <\/div>\n    <\/div>\n\n    <div class=\"aawp-product__footer\">\n\n        <div class=\"aawp-product__pricing\">\n            \n            \n            <img loading=\"lazy\" decoding=\"async\" src=\"https:\/\/erikdraeger.com\/ratgeber\/wp-content\/plugins\/aawp\/assets\/img\/icon-check-prime.svg\" height=\"16\" width=\"55\" alt=\"Amazon Prime\" \/>        <\/div>\n\n                <a class=\"aawp-button aawp-button--buy rounded aawp-button--icon aawp-button--icon-amazon-black\" href=\"https:\/\/www.amazon.de\/dp\/B077YFW81J?tag=edraegerpho06-21&#038;linkCode=ogi&#038;th=1&#038;psc=1\" title=\"Bei Amazon ansehen\" target=\"_blank\" rel=\"nofollow noopener sponsored\">Bei Amazon ansehen<\/a>\n                    <span class=\"aawp-product__info\"><a href=\"#provisionshinweis\">Provisionshinweis<\/a><\/span>\n            <\/div>\n\n<\/div>\n\n    \n<\/div>\n\n\n\n\n<div class=\"aawp\">\n\n            \n            \n<div class=\"aawp-product aawp-product--horizontal aawp-product--inline-info\"  data-aawp-product-asin=\"B07KPGRP1B\" data-aawp-product-id=\"243983\" data-aawp-tracking-id=\"edraegerpho06-21\" data-aawp-product-title=\"Bodyguard Colttasche Fototasche Spiegelreflex Colt Easy schwarz f\u00fcr Nikon D800 D3500 D5300 D5600 D7500 Canon EOS 2000D 4000D 750D 200D 77D 80D Kameratasche Spiegelreflexkamera\">\n\n    \n    <div class=\"aawp-product__thumb\">\n        <a class=\"aawp-product__image-link\"\n           href=\"https:\/\/www.amazon.de\/dp\/B07KPGRP1B?tag=edraegerpho06-21&linkCode=ogi&th=1&psc=1\" title=\"Bodyguard Colt Fototasche\" rel=\"nofollow noopener sponsored\" target=\"_blank\">\n            <img decoding=\"async\" class=\"aawp-product__image\" src=\"https:\/\/erikdraeger.com\/ratgeber\/wp-content\/plugins\/aawp\/public\/image.php?url=YUhSMGNITTZMeTl0TG0xbFpHbGhMV0Z0WVhwdmJpNWpiMjB2YVcxaFoyVnpMMGt2TkRFelRIVlVhMk5sVGt3dVgxTk1NVFl3WHk1cWNHYz18MTc3Nzg5NDgzNg=\" alt=\"Bodyguard Colt Fototasche\"  \/>\n        <\/a>\n\n            <\/div>\n\n    <div class=\"aawp-product__content\">\n        <a class=\"aawp-product__title\" href=\"https:\/\/www.amazon.de\/dp\/B07KPGRP1B?tag=edraegerpho06-21&linkCode=ogi&th=1&psc=1\" title=\"Bodyguard Colt Fototasche\" rel=\"nofollow noopener sponsored\" target=\"_blank\">\n            Bodyguard Colt Fototasche        <\/a>\n        <div class=\"aawp-product__description\">\n            Die Colt-Fototasche von Bodyguard eignet sich f\u00fcr DSLR und Systemkamera-Sets mit einer Gesamtl\u00e4nge von 20 cm. Die Tasche bietet dir vielseitige Tragem\u00f6glichkeiten durch G\u00fcrtelschlaufe, Handgriff oder Schultergurt. Das Hauptfach, eine gro\u00dfe Fronttasche und flexible Hauptfachabtrennung bieten dir weiterhin auch Stauraum f\u00fcr Kleinkram und Zubeh\u00f6r wie Akkus und Speicherkarten. Au\u00dfen bietet die Tasche Schutz vor Wasser und Staub, w\u00e4hrend die Innenpolsterung deine Ausr\u00fcstung vor St\u00f6\u00dfen sch\u00fctzt. Innenma\u00dfe: 14x20x10 cm        <\/div>\n    <\/div>\n\n    <div class=\"aawp-product__footer\">\n\n        <div class=\"aawp-product__pricing\">\n            \n            \n                    <\/div>\n\n                <a class=\"aawp-button aawp-button--buy rounded aawp-button--icon aawp-button--icon-amazon-black\" href=\"https:\/\/www.amazon.de\/dp\/B07KPGRP1B?tag=edraegerpho06-21&#038;linkCode=ogi&#038;th=1&#038;psc=1\" title=\"Bei Amazon ansehen\" target=\"_blank\" rel=\"nofollow noopener sponsored\">Bei Amazon ansehen<\/a>\n                    <span class=\"aawp-product__info\"><a href=\"#provisionshinweis\">Provisionshinweis<\/a><\/span>\n            <\/div>\n\n<\/div>\n\n    \n<\/div>\n\n\n\n\n<div style=\"height:30px\" aria-hidden=\"true\" class=\"wp-block-spacer\"><\/div>\n\n\n\n<h3 class=\"wp-block-heading has-medium-font-size\"><strong>Stative:<\/strong><\/h3>\n\n\n\n<p>F\u00fcr die Auswahl eines geeigneten Kamerastativs spielen einige Dinge eine Rolle. Dazu geh\u00f6rt das Gewicht der Kamera. Das Gesamtgewicht der Kamera mit Objektiv, Akku und Speicherkarte liegt bei noch recht leichten 512 Gramm. Hier kommst du in der Regel auch mit einem soliden Stativ aus Aluminium zurecht.<\/p>\n\n\n\n<div class=\"aawp\">\n\n            \n            \n<div class=\"aawp-product aawp-product--horizontal aawp-product--ribbon aawp-product--sale aawp-product--inline-info\"  data-aawp-product-asin=\"B0734ZVCST\" data-aawp-product-id=\"246517\" data-aawp-tracking-id=\"edraegerpho06-21\" data-aawp-product-title=\"Manfrotto Element Traveller Aluminium Kit Schwarz\">\n\n    <span class=\"aawp-product__ribbon aawp-product__ribbon--sale\">Angebot<\/span>\n    <div class=\"aawp-product__thumb\">\n        <a class=\"aawp-product__image-link\"\n           href=\"https:\/\/www.amazon.de\/dp\/B0734ZVCST?tag=edraegerpho06-21&linkCode=ogi&th=1&psc=1\" title=\"Manfrotto Element Traveller\" rel=\"nofollow noopener sponsored\" target=\"_blank\">\n            <img decoding=\"async\" class=\"aawp-product__image\" src=\"https:\/\/erikdraeger.com\/ratgeber\/wp-content\/plugins\/aawp\/public\/image.php?url=YUhSMGNITTZMeTl0TG0xbFpHbGhMV0Z0WVhwdmJpNWpiMjB2YVcxaFoyVnpMMGt2TXpGVFNqQkZWVmRRWlV3dVgxTk1NVFl3WHk1cWNHYz18MTc3Nzg5NDgzNg=\" alt=\"Manfrotto Element Traveller\"  \/>\n        <\/a>\n\n            <\/div>\n\n    <div class=\"aawp-product__content\">\n        <a class=\"aawp-product__title\" href=\"https:\/\/www.amazon.de\/dp\/B0734ZVCST?tag=edraegerpho06-21&linkCode=ogi&th=1&psc=1\" title=\"Manfrotto Element Traveller\" rel=\"nofollow noopener sponsored\" target=\"_blank\">\n            Manfrotto Element Traveller        <\/a>\n        <div class=\"aawp-product__description\">\n            Das Manfrotto Element Traveller Aluminium Kit ist ein leichtes und kompaktes Stativ f\u00fcr unterwegs. Es hat mit 1,15 Kilogramm ein niedriges Gewicht, was es zusammen mit seiner Packgr\u00f6\u00dfe von lediglich 32 cm sehr transportabel macht. Durch die hohe Traglast von max. 6 Kilogramm sowie einer maximalen H\u00f6he von 143 cm ist es aber gleichzeitig f\u00fcr die meisten Fotoaufgaben gut geeignet. Der Aluminium-Kugelkopf verf\u00fcgt \u00fcber eine unabh\u00e4ngige Panoramaverriegelung, und die entfernbar Mittels\u00e4ule erm\u00f6glicht bodennahes Arbeiten. Die drei Beinanstellwinkel sorgen f\u00fcr noch mehr Flexibilit\u00e4t und Motive.         <\/div>\n    <\/div>\n\n    <div class=\"aawp-product__footer\">\n\n        <div class=\"aawp-product__pricing\">\n                                                        \n            \n            <img loading=\"lazy\" decoding=\"async\" src=\"https:\/\/erikdraeger.com\/ratgeber\/wp-content\/plugins\/aawp\/assets\/img\/icon-check-prime.svg\" height=\"16\" width=\"55\" alt=\"Amazon Prime\" \/>        <\/div>\n\n                <a class=\"aawp-button aawp-button--buy rounded aawp-button--icon aawp-button--icon-amazon-black\" href=\"https:\/\/www.amazon.de\/dp\/B0734ZVCST?tag=edraegerpho06-21&#038;linkCode=ogi&#038;th=1&#038;psc=1\" title=\"Bei Amazon ansehen\" target=\"_blank\" rel=\"nofollow noopener sponsored\">Bei Amazon ansehen<\/a>\n                    <span class=\"aawp-product__info\"><a href=\"#provisionshinweis\">Provisionshinweis<\/a><\/span>\n            <\/div>\n\n<\/div>\n\n    \n<\/div>\n\n\n\n\n<div class=\"aawp\">\n\n            \n            \n<div class=\"aawp-product aawp-product--horizontal aawp-product--inline-info\"  data-aawp-product-asin=\"B0B1DBB1NJ\" data-aawp-product-id=\"244431\" data-aawp-tracking-id=\"edraegerpho06-21\" data-aawp-product-title=\"SMALLRIG 71  Kamera-Stativ Faltbares Aluminium-Stativ Einbeinstativ 360\u00b0Kugelkopf Abnehmbar und Schnellwechselplatte mit Smartphone Klemme Nutzlast 15kg 33lb 71in\/180cm - 3935\">\n\n    \n    <div class=\"aawp-product__thumb\">\n        <a class=\"aawp-product__image-link\"\n           href=\"https:\/\/www.amazon.de\/dp\/B0B1DBB1NJ?tag=edraegerpho06-21&linkCode=ogi&th=1&psc=1\" title=\"SMALLRIG 71 Zoll Aluminium-Stativ\" rel=\"nofollow noopener sponsored\" target=\"_blank\">\n            <img decoding=\"async\" class=\"aawp-product__image\" src=\"https:\/\/erikdraeger.com\/ratgeber\/wp-content\/plugins\/aawp\/public\/image.php?url=YUhSMGNITTZMeTl0TG0xbFpHbGhMV0Z0WVhwdmJpNWpiMjB2YVcxaFoyVnpMMGt2TkRGM1VsTkNhbmhSTUV3dVgxTk1NVFl3WHk1cWNHYz18MTc3Nzg5NDgzNg=\" alt=\"SMALLRIG 71 Zoll Aluminium-Stativ\"  \/>\n        <\/a>\n\n            <\/div>\n\n    <div class=\"aawp-product__content\">\n        <a class=\"aawp-product__title\" href=\"https:\/\/www.amazon.de\/dp\/B0B1DBB1NJ?tag=edraegerpho06-21&linkCode=ogi&th=1&psc=1\" title=\"SMALLRIG 71 Zoll Aluminium-Stativ\" rel=\"nofollow noopener sponsored\" target=\"_blank\">\n            SMALLRIG 71 Zoll Aluminium-Stativ        <\/a>\n        <div class=\"aawp-product__description\">\n            Das SmallRig 3935 Kamerastativ ist vielseitig und kompatibel mit verschiedenen DSLR, Systemkameras und auch Smartphones. Mit einer 2-in-1-Funktion kann es sowohl als Dreibein- als auch als Einbeinstativ verwendet werden, damit sehr praktisch f\u00fcr Outdoor-Fotografie und Reisen. Die H\u00f6he ist frei einstellbar zwischen 43 cm und 182 cm. Der abnehmbare 36-mm-Kugelkopf erm\u00f6glicht eine 360\u00b0-Drehung f\u00fcr eine sehr feine und genaue Motiveinstellung. Die innovative Halterung verf\u00fcgt \u00fcber 3 \u00bc Zoll-Gewindebohrungen f\u00fcr die Befestigung von Zubeh\u00f6r wie externen magischen Armen und Monitoren. Das Paket enth\u00e4lt das Stativ, eine Smartphone-Halterung, eine Tragetasche, Schnellwechselplatten, Alenschl\u00fcssel und eine Bedienungsanleitung.         <\/div>\n    <\/div>\n\n    <div class=\"aawp-product__footer\">\n\n        <div class=\"aawp-product__pricing\">\n            \n            \n                    <\/div>\n\n                <a class=\"aawp-button aawp-button--buy rounded aawp-button--icon aawp-button--icon-amazon-black\" href=\"https:\/\/www.amazon.de\/dp\/B0B1DBB1NJ?tag=edraegerpho06-21&#038;linkCode=ogi&#038;th=1&#038;psc=1\" title=\"Bei Amazon ansehen\" target=\"_blank\" rel=\"nofollow noopener sponsored\">Bei Amazon ansehen<\/a>\n                    <span class=\"aawp-product__info\"><a href=\"#provisionshinweis\">Provisionshinweis<\/a><\/span>\n            <\/div>\n\n<\/div>\n\n    \n<\/div>\n\n\n\n\n<div class=\"aawp\">\n\n            \n            \n<div class=\"aawp-product aawp-product--horizontal aawp-product--inline-info\"  data-aawp-product-asin=\"B01A8QUKQE\" data-aawp-product-id=\"244362\" data-aawp-tracking-id=\"edraegerpho06-21\" data-aawp-product-title=\"Rollei Compact Traveler No 1 - leichtes Reisestativ aus Aluminium mit geringem Packma\u00df von nur 31,5 cm Arca Swiss kompatibel und inkl Kugelkopf und Stativtasche Schwarz\">\n\n    \n    <div class=\"aawp-product__thumb\">\n        <a class=\"aawp-product__image-link\"\n           href=\"https:\/\/www.amazon.de\/dp\/B01A8QUKQE?tag=edraegerpho06-21&linkCode=ogi&th=1&psc=1\" title=\"Rollei Compact Traveller No. 1\" rel=\"nofollow noopener sponsored\" target=\"_blank\">\n            <img decoding=\"async\" class=\"aawp-product__image\" src=\"https:\/\/erikdraeger.com\/ratgeber\/wp-content\/plugins\/aawp\/public\/image.php?url=YUhSMGNITTZMeTl0TG0xbFpHbGhMV0Z0WVhwdmJpNWpiMjB2YVcxaFoyVnpMMGt2TkRGaVVEQlRaRGczY0V3dVgxTk1NVFl3WHk1cWNHYz18MTc3Nzg5NDgzNg=\" alt=\"Rollei Compact Traveller No. 1\"  \/>\n        <\/a>\n\n            <\/div>\n\n    <div class=\"aawp-product__content\">\n        <a class=\"aawp-product__title\" href=\"https:\/\/www.amazon.de\/dp\/B01A8QUKQE?tag=edraegerpho06-21&linkCode=ogi&th=1&psc=1\" title=\"Rollei Compact Traveller No. 1\" rel=\"nofollow noopener sponsored\" target=\"_blank\">\n            Rollei Compact Traveller No. 1        <\/a>\n        <div class=\"aawp-product__description\">\n            Das Rollei Compact Traveller ist ein Reisestativ aus Aluminium mit kompaktem Design und einem Gewicht von 1170 Gramm. Es hat eine minimale Arbeitsh\u00f6he von 32 cm und eine Maximumh\u00f6he von 134 cm, wodurch es in vielen Situationen einen guten Allrounder darstellt. Das Stativ ist speziell f\u00fcr Reise- und Outdoor-Fotografie konzipiert, hat eine Tragkraft von 5 kg und eignet sich somit auch f\u00fcr DSLR-Kameras. Im Lieferumfang enthalten sind der Panorama Kugelkopf mit Arca Swiss kompatibler Schnellwechselplatte, eine Stativtasche und eine Bedienungsanleitung. Mit einem Packma\u00df von nur 31,5 cm ist es leicht transportierbar.        <\/div>\n    <\/div>\n\n    <div class=\"aawp-product__footer\">\n\n        <div class=\"aawp-product__pricing\">\n            \n            \n            <img loading=\"lazy\" decoding=\"async\" src=\"https:\/\/erikdraeger.com\/ratgeber\/wp-content\/plugins\/aawp\/assets\/img\/icon-check-prime.svg\" height=\"16\" width=\"55\" alt=\"Amazon Prime\" \/>        <\/div>\n\n                <a class=\"aawp-button aawp-button--buy rounded aawp-button--icon aawp-button--icon-amazon-black\" href=\"https:\/\/www.amazon.de\/dp\/B01A8QUKQE?tag=edraegerpho06-21&#038;linkCode=ogi&#038;th=1&#038;psc=1\" title=\"Bei Amazon ansehen\" target=\"_blank\" rel=\"nofollow noopener sponsored\">Bei Amazon ansehen<\/a>\n                    <span class=\"aawp-product__info\"><a href=\"#provisionshinweis\">Provisionshinweis<\/a><\/span>\n            <\/div>\n\n<\/div>\n\n    \n<\/div>\n\n\n\n\n<div style=\"height:30px\" aria-hidden=\"true\" class=\"wp-block-spacer\"><\/div>\n\n\n\n<h3 class=\"wp-block-heading has-medium-font-size\"><strong>Audioaufnahmeger\u00e4te:<\/strong><\/h3>\n\n\n\n<div class=\"aawp\">\n\n            \n            \n<div class=\"aawp-product aawp-product--horizontal aawp-product--ribbon aawp-product--sale aawp-product--inline-info\"  data-aawp-product-asin=\"B09MRLGL7G\" data-aawp-product-id=\"244205\" data-aawp-tracking-id=\"edraegerpho06-21\" data-aawp-product-title=\"R\u00d8DE VideoMic GO II Ultra-kompaktes und leichtes Kamera\/USB-Richtmikrofonf\u00fc f\u00fcr Videoaufnahmen und Content Creation Synchronsprechen Podcasting und Video-Calls  schwarz\">\n\n    <span class=\"aawp-product__ribbon aawp-product__ribbon--sale\">Angebot<\/span>\n    <div class=\"aawp-product__thumb\">\n        <a class=\"aawp-product__image-link\"\n           href=\"https:\/\/www.amazon.de\/dp\/B09MRLGL7G?tag=edraegerpho06-21&linkCode=ogi&th=1&psc=1\" title=\"R\u00d8DE VideoMic GO II\" rel=\"nofollow noopener sponsored\" target=\"_blank\">\n            <img decoding=\"async\" class=\"aawp-product__image\" src=\"https:\/\/erikdraeger.com\/ratgeber\/wp-content\/plugins\/aawp\/public\/image.php?url=YUhSMGNITTZMeTl0TG0xbFpHbGhMV0Z0WVhwdmJpNWpiMjB2YVcxaFoyVnpMMGt2TXpGRU4xZE5NVkZxYkV3dVgxTk1NVFl3WHk1cWNHYz18MTc3Nzg5NDgzNg=\" alt=\"R\u00d8DE VideoMic GO II\"  \/>\n        <\/a>\n\n            <\/div>\n\n    <div class=\"aawp-product__content\">\n        <a class=\"aawp-product__title\" href=\"https:\/\/www.amazon.de\/dp\/B09MRLGL7G?tag=edraegerpho06-21&linkCode=ogi&th=1&psc=1\" title=\"R\u00d8DE VideoMic GO II\" rel=\"nofollow noopener sponsored\" target=\"_blank\">\n            R\u00d8DE VideoMic GO II        <\/a>\n        <div class=\"aawp-product__description\">\n            Das R\u00d8DE VideoMic GO II ist ein ultrakompaktes und leichtes Kamera\/USB-Richtmikrofon f\u00fcr vielseitige Anwendungen wie Videoaufnahmen, Podcasting oder Video-Calls. Das Mikrofon wird mit einem 3,5-mm-TRS-Anschlusskabel und einem Schaumstoffwindschutz geliefert. Es ist kompatibel mit Podcasting- und Streaming-Software wie R\u00d8DE Connect und R\u00d8DE Central f\u00fcr erweiterte Funktionen. Das VideoMic GO II liefert unglaublichen Klang auf allen Ger\u00e4ten und eignet sich perfekt f\u00fcr die Contenterstellung mit Smartphones, Tablets, Computern und Kameras. Es verf\u00fcgt \u00fcber keine komplizierten Bedienelemente und ist sofort einsatzbereit. Das VideoMic GO II ist benutzerfreundlich und dennoch leistungsstark genug f\u00fcr anspruchsvolle Anwendungen, ideal f\u00fcr Content Creator aller Art.        <\/div>\n    <\/div>\n\n    <div class=\"aawp-product__footer\">\n\n        <div class=\"aawp-product__pricing\">\n                                                        \n            \n                    <\/div>\n\n                <a class=\"aawp-button aawp-button--buy rounded aawp-button--icon aawp-button--icon-amazon-black\" href=\"https:\/\/www.amazon.de\/dp\/B09MRLGL7G?tag=edraegerpho06-21&#038;linkCode=ogi&#038;th=1&#038;psc=1\" title=\"Bei Amazon ansehen\" target=\"_blank\" rel=\"nofollow noopener sponsored\">Bei Amazon ansehen<\/a>\n                    <span class=\"aawp-product__info\"><a href=\"#provisionshinweis\">Provisionshinweis<\/a><\/span>\n            <\/div>\n\n<\/div>\n\n    \n<\/div>\n\n\n\n\n<div class=\"aawp\">\n\n            \n            \n<div class=\"aawp-product aawp-product--horizontal aawp-product--ribbon aawp-product--sale aawp-product--inline-info\"  data-aawp-product-asin=\"B08CHGCQFC\" data-aawp-product-id=\"246127\" data-aawp-tracking-id=\"edraegerpho06-21\" data-aawp-product-title=\"Sennheiser MKE 200 Kamera-Direktmikrofon | mit 3,5 mm-TRS- und TRRS-Anschl\u00fcssen | f\u00fcr DSLR Kompaktkameras und Mobilger\u00e4te  508897\">\n\n    <span class=\"aawp-product__ribbon aawp-product__ribbon--sale\">Angebot<\/span>\n    <div class=\"aawp-product__thumb\">\n        <a class=\"aawp-product__image-link\"\n           href=\"https:\/\/www.amazon.de\/dp\/B08CHGCQFC?tag=edraegerpho06-21&linkCode=ogi&th=1&psc=1\" title=\"Sennheiser Professional MKE 200\" rel=\"nofollow noopener sponsored\" target=\"_blank\">\n            <img decoding=\"async\" class=\"aawp-product__image\" src=\"https:\/\/erikdraeger.com\/ratgeber\/wp-content\/plugins\/aawp\/public\/image.php?url=YUhSMGNITTZMeTl0TG0xbFpHbGhMV0Z0WVhwdmJpNWpiMjB2YVcxaFoyVnpMMGt2TlRFMmVXUXlkbHBRUmt3dVgxTk1NVFl3WHk1cWNHYz18MTc3Nzg5NDgzNg=\" alt=\"Sennheiser Professional MKE 200\"  \/>\n        <\/a>\n\n            <\/div>\n\n    <div class=\"aawp-product__content\">\n        <a class=\"aawp-product__title\" href=\"https:\/\/www.amazon.de\/dp\/B08CHGCQFC?tag=edraegerpho06-21&linkCode=ogi&th=1&psc=1\" title=\"Sennheiser Professional MKE 200\" rel=\"nofollow noopener sponsored\" target=\"_blank\">\n            Sennheiser Professional MKE 200        <\/a>\n        <div class=\"aawp-product__description\">\n            Das Sennheiser Professional MKE 200 ist ein kompaktes Kamera-Direktmikrofon mit TRS- und TRRS-Anschl\u00fcssen f\u00fcr DSLR, Kompaktkameras und Mobilger\u00e4te. Es verf\u00fcgt \u00fcber einen integrierten Windschutz und eine Schwinghalterung f\u00fcr K\u00f6rperschalld\u00e4mpfung. Der Mikrofonbetrieb erfolgt ohne Batterie und es kann einfach \u00fcber den Standard-Cold-Shoe-Mount montiert werden.         <\/div>\n    <\/div>\n\n    <div class=\"aawp-product__footer\">\n\n        <div class=\"aawp-product__pricing\">\n                                                        \n            \n                    <\/div>\n\n                <a class=\"aawp-button aawp-button--buy rounded aawp-button--icon aawp-button--icon-amazon-black\" href=\"https:\/\/www.amazon.de\/dp\/B08CHGCQFC?tag=edraegerpho06-21&#038;linkCode=ogi&#038;th=1&#038;psc=1\" title=\"Bei Amazon ansehen\" target=\"_blank\" rel=\"nofollow noopener sponsored\">Bei Amazon ansehen<\/a>\n                    <span class=\"aawp-product__info\"><a href=\"#provisionshinweis\">Provisionshinweis<\/a><\/span>\n            <\/div>\n\n<\/div>\n\n    \n<\/div>\n\n\n\n\n<div style=\"height:30px\" aria-hidden=\"true\" class=\"wp-block-spacer\"><\/div>\n\n\n\n<h3 class=\"wp-block-heading has-medium-font-size\"><strong>Blitze &amp; Leuchten:<\/strong><\/h3>\n\n\n\n<p>Die X100 VI ist mit einem <strong>Blitzschuh<\/strong> ausgestattet. Damit kannst du <strong>Aufsteckblitze<\/strong> verwenden, die kompatibel sind zu dem <strong>Fujifilm-Blitzschuh<\/strong>. Das sind vor allem die hauseigenen Blitze von Fujifilm. Aber auch einige Blitze von Drittherstellern wie Godox sind kompatibel zur Kamera.<\/p>\n\n\n\n<div class=\"aawp\">\n\n            \n            \n<div class=\"aawp-product aawp-product--horizontal aawp-product--inline-info\"  data-aawp-product-asin=\"B004NROYVM\" data-aawp-product-id=\"246505\" data-aawp-tracking-id=\"edraegerpho06-21\" data-aawp-product-title=\"Fujifilm EF-42 TTL Blitzger\u00e4t f\u00fcr HS20 HS25 HS30 X100 X-S1 X10 und X-Pro-1.\">\n\n    \n    <div class=\"aawp-product__thumb\">\n        <a class=\"aawp-product__image-link\"\n           href=\"https:\/\/www.amazon.de\/dp\/B004NROYVM?tag=edraegerpho06-21&linkCode=ogi&th=1&psc=1\" title=\"Fujifilm EF-42 TTL\" rel=\"nofollow noopener sponsored\" target=\"_blank\">\n            <img decoding=\"async\" class=\"aawp-product__image\" src=\"https:\/\/erikdraeger.com\/ratgeber\/wp-content\/plugins\/aawp\/public\/image.php?url=YUhSMGNITTZMeTl0TG0xbFpHbGhMV0Z0WVhwdmJpNWpiMjB2YVcxaFoyVnpMMGt2TXpGblF5c3pkMkZOUVV3dVgxTk1NVFl3WHk1cWNHYz18MTc3Nzg5NDgzNg=\" alt=\"Fujifilm EF-42 TTL\"  \/>\n        <\/a>\n\n            <\/div>\n\n    <div class=\"aawp-product__content\">\n        <a class=\"aawp-product__title\" href=\"https:\/\/www.amazon.de\/dp\/B004NROYVM?tag=edraegerpho06-21&linkCode=ogi&th=1&psc=1\" title=\"Fujifilm EF-42 TTL\" rel=\"nofollow noopener sponsored\" target=\"_blank\">\n            Fujifilm EF-42 TTL        <\/a>\n        <div class=\"aawp-product__description\">\n            <ul><li>Packung Weight: 1.04 lb<\/li><li>Packung die Gr\u00f6\u00dfe: 19.9 L x 8.6 H x 14.3 W (cm)<\/li><\/ul>        <\/div>\n    <\/div>\n\n    <div class=\"aawp-product__footer\">\n\n        <div class=\"aawp-product__pricing\">\n            \n            \n                    <\/div>\n\n                <a class=\"aawp-button aawp-button--buy rounded aawp-button--icon aawp-button--icon-amazon-black\" href=\"https:\/\/www.amazon.de\/dp\/B004NROYVM?tag=edraegerpho06-21&#038;linkCode=ogi&#038;th=1&#038;psc=1\" title=\"Bei Amazon ansehen\" target=\"_blank\" rel=\"nofollow noopener sponsored\">Bei Amazon ansehen<\/a>\n                    <span class=\"aawp-product__info\"><a href=\"#provisionshinweis\">Provisionshinweis<\/a><\/span>\n            <\/div>\n\n<\/div>\n\n    \n<\/div>\n\n\n\n\n<div class=\"aawp\">\n\n            \n            \n<div class=\"aawp-product aawp-product--horizontal aawp-product--inline-info\"  data-aawp-product-asin=\"B01I4RNLGA\" data-aawp-product-id=\"246544\" data-aawp-tracking-id=\"edraegerpho06-21\" data-aawp-product-title=\"Fujifilm EF-X500 Blitzger\u00e4t schwarz\">\n\n    \n    <div class=\"aawp-product__thumb\">\n        <a class=\"aawp-product__image-link\"\n           href=\"https:\/\/www.amazon.de\/dp\/B01I4RNLGA?tag=edraegerpho06-21&linkCode=ogi&th=1&psc=1\" title=\"Fujifilm EF-X500 Blitz\" rel=\"nofollow noopener sponsored\" target=\"_blank\">\n            <img decoding=\"async\" class=\"aawp-product__image\" src=\"https:\/\/erikdraeger.com\/ratgeber\/wp-content\/plugins\/aawp\/public\/image.php?url=YUhSMGNITTZMeTl0TG0xbFpHbGhMV0Z0WVhwdmJpNWpiMjB2YVcxaFoyVnpMMGt2TkRGc1dXUldjMk5MUkV3dVgxTk1NVFl3WHk1cWNHYz18MTc3Nzg5NDgzNg=\" alt=\"Fujifilm EF-X500 Blitz\"  \/>\n        <\/a>\n\n            <\/div>\n\n    <div class=\"aawp-product__content\">\n        <a class=\"aawp-product__title\" href=\"https:\/\/www.amazon.de\/dp\/B01I4RNLGA?tag=edraegerpho06-21&linkCode=ogi&th=1&psc=1\" title=\"Fujifilm EF-X500 Blitz\" rel=\"nofollow noopener sponsored\" target=\"_blank\">\n            Fujifilm EF-X500 Blitz        <\/a>\n        <div class=\"aawp-product__description\">\n            <ul><li>Lieferumfang : EF-X500;Diffusor;Softcase;Mini-Standfu\u00df;Bedienungsanleitung<\/li><li>High-Speed-Synchronisation<\/li><li>staub- und spritzwassergesch\u00fctzt<\/li><\/ul>        <\/div>\n    <\/div>\n\n    <div class=\"aawp-product__footer\">\n\n        <div class=\"aawp-product__pricing\">\n            \n            \n                    <\/div>\n\n                <a class=\"aawp-button aawp-button--buy rounded aawp-button--icon aawp-button--icon-amazon-black\" href=\"https:\/\/www.amazon.de\/dp\/B01I4RNLGA?tag=edraegerpho06-21&#038;linkCode=ogi&#038;th=1&#038;psc=1\" title=\"Bei Amazon ansehen\" target=\"_blank\" rel=\"nofollow noopener sponsored\">Bei Amazon ansehen<\/a>\n                    <span class=\"aawp-product__info\"><a href=\"#provisionshinweis\">Provisionshinweis<\/a><\/span>\n            <\/div>\n\n<\/div>\n\n    \n<\/div>\n\n\n\n\n<div style=\"height:30px\" aria-hidden=\"true\" class=\"wp-block-spacer\"><\/div>\n\n\n\n<h3 class=\"wp-block-heading has-medium-font-size\"><strong>Speicherkarten:<\/strong><\/h3>\n\n\n\n<p>Zur Speicherung der Bild und Videodaten nutzt die Kamera herk\u00f6mmliche Speicherkarten im Format SD\/SDHC und SDXC. Dabei sind Karten im UHS-I Format kompatibel. Die Kamera verf\u00fcgt daf\u00fcr \u00fcber einen Steckplatz.<\/p>\n\n\n\n<div class=\"aawp\">\n\n            \n            \n<div class=\"aawp-product aawp-product--horizontal aawp-product--inline-info\"  data-aawp-product-asin=\"B09S32KPVN\" data-aawp-product-id=\"246362\" data-aawp-tracking-id=\"edraegerpho06-21\" data-aawp-product-title=\"Lexar SD Karte 256 GB SD Card 256GB SDXC Speicherkarte bis zu 120 MB\/s lesen bis zu 45 MB\/s Schreiben UHS-I U3 V30 C10 Full-HD und 4K UHD\">\n\n    \n    <div class=\"aawp-product__thumb\">\n        <a class=\"aawp-product__image-link\"\n           href=\"https:\/\/www.amazon.de\/dp\/B09S32KPVN?tag=edraegerpho06-21&linkCode=ogi&th=1&psc=1\" title=\"Lexar SDXC-Speicherkarte 256GB UHS-I\" rel=\"nofollow noopener sponsored\" target=\"_blank\">\n            <img decoding=\"async\" class=\"aawp-product__image\" src=\"https:\/\/erikdraeger.com\/ratgeber\/wp-content\/plugins\/aawp\/public\/image.php?url=YUhSMGNITTZMeTl0TG0xbFpHbGhMV0Z0WVhwdmJpNWpiMjB2YVcxaFoyVnpMMGt2TkRGTloyWmhNSGhLVkV3dVgxTk1NVFl3WHk1cWNHYz18MTc3Nzg5NDgzNg=\" alt=\"Lexar SDXC-Speicherkarte 256GB UHS-I\"  \/>\n        <\/a>\n\n            <\/div>\n\n    <div class=\"aawp-product__content\">\n        <a class=\"aawp-product__title\" href=\"https:\/\/www.amazon.de\/dp\/B09S32KPVN?tag=edraegerpho06-21&linkCode=ogi&th=1&psc=1\" title=\"Lexar SDXC-Speicherkarte 256GB UHS-I\" rel=\"nofollow noopener sponsored\" target=\"_blank\">\n            Lexar SDXC-Speicherkarte 256GB UHS-I        <\/a>\n        <div class=\"aawp-product__description\">\n            Die Lexar 256 GB Hochleistungs-SD-Karte bietet schnelle Lesegeschwindigkeiten von bis zu 120 MB\/s und Schreibgeschwindigkeiten von bis zu 45 MB\/s. Mit UHS-I, Klasse 10 und Video Speed Class 30 (V30) Unterst\u00fctzung ist sie ideal f\u00fcr hochwertige Full-HD 1080p und 4K UHD-Videos. Entwickelt f\u00fcr Point-and-Shoot-Kameras, Mittelklasse-DSLRs und HD-Kameras, erm\u00f6glicht die Karte beeindruckende Foto- und Videoaufnahmen. Sie ist sicher, zuverl\u00e4ssig und resistent gegen\u00fcber Wasser, Temperatur, Schock, Vibration und R\u00f6ntgenstrahlen.        <\/div>\n    <\/div>\n\n    <div class=\"aawp-product__footer\">\n\n        <div class=\"aawp-product__pricing\">\n            \n            \n                    <\/div>\n\n                <a class=\"aawp-button aawp-button--buy rounded aawp-button--icon aawp-button--icon-amazon-black\" href=\"https:\/\/www.amazon.de\/dp\/B09S32KPVN?tag=edraegerpho06-21&#038;linkCode=ogi&#038;th=1&#038;psc=1\" title=\"Bei Amazon ansehen\" target=\"_blank\" rel=\"nofollow noopener sponsored\">Bei Amazon ansehen<\/a>\n                    <span class=\"aawp-product__info\"><a href=\"#provisionshinweis\">Provisionshinweis<\/a><\/span>\n            <\/div>\n\n<\/div>\n\n    \n<\/div>\n\n\n\n\n<div class=\"aawp\">\n\n            \n            \n<div class=\"aawp-product aawp-product--horizontal aawp-product--ribbon aawp-product--sale aawp-product--inline-info\"  data-aawp-product-asin=\"B09X7FXHVJ\" data-aawp-product-id=\"244253\" data-aawp-tracking-id=\"edraegerpho06-21\" data-aawp-product-title=\"SanDisk Extreme PRO SDXC UHS-I Speicherkarte 128 GB  V30 \u00dcbertragungsgeschwindigkeit 200 MB\/s U3 4K UHD Videos SanDisk QuickFlow-Technologie temperaturbest\u00e4ndig\">\n\n    <span class=\"aawp-product__ribbon aawp-product__ribbon--sale\">Angebot<\/span>\n    <div class=\"aawp-product__thumb\">\n        <a class=\"aawp-product__image-link\"\n           href=\"https:\/\/www.amazon.de\/dp\/B09X7FXHVJ?tag=edraegerpho06-21&linkCode=ogi&th=1&psc=1\" title=\"SanDisk Extreme PRO 64GB SDXC UHS-I 128GB\" rel=\"nofollow noopener sponsored\" target=\"_blank\">\n            <img decoding=\"async\" class=\"aawp-product__image\" src=\"https:\/\/erikdraeger.com\/ratgeber\/wp-content\/plugins\/aawp\/public\/image.php?url=YUhSMGNITTZMeTl0TG0xbFpHbGhMV0Z0WVhwdmJpNWpiMjB2YVcxaFoyVnpMMGt2TlRGRVJuaEpZMVJJUjB3dVgxTk1NVFl3WHk1cWNHYz18MTc3Nzg5NDgzNg=\" alt=\"SanDisk Extreme PRO 64GB SDXC UHS-I 128GB\"  \/>\n        <\/a>\n\n            <\/div>\n\n    <div class=\"aawp-product__content\">\n        <a class=\"aawp-product__title\" href=\"https:\/\/www.amazon.de\/dp\/B09X7FXHVJ?tag=edraegerpho06-21&linkCode=ogi&th=1&psc=1\" title=\"SanDisk Extreme PRO 64GB SDXC UHS-I 128GB\" rel=\"nofollow noopener sponsored\" target=\"_blank\">\n            SanDisk Extreme PRO 64GB SDXC UHS-I 128GB        <\/a>\n        <div class=\"aawp-product__description\">\n            Bei der SanDisk Extreme Pro UHS-I SDXC Speicherkarte handelt es sich um eine der beliebtesten Speicherkarten mit 128GB. Sie bietet genug Speicherplatz und Performance f\u00fcr schnelle Fotoaufnahmen sowie 4K UHD Videos. Mit der SanDisk QuickFlow-Technologie erm\u00f6glicht sie eine schnelle Daten\u00fcbertragung von bis zu 200 MB\/s zwischen Kamera und Computer. Die Karte unterst\u00fctzt UHS Speed Klasse 3 (U3) und Video Speed Klasse 30 (V30) f\u00fcr verlustfreie 4K UHD Videoaufnahmen. Zudem ist die SDXC Speicherkarte f\u00fcr extreme Bedingungen ausgelegt, darunter Temperaturbest\u00e4ndigkeit, Wasserdichtigkeit, Sto\u00dffestigkeit und R\u00f6ntgensicherheit. Im Lieferumfang enthalten ist die 2-j\u00e4hrige Nutzung der Software RescuePRO Deluxe zur Wiederherstellung versehentlich gel\u00f6schter Bilder.        <\/div>\n    <\/div>\n\n    <div class=\"aawp-product__footer\">\n\n        <div class=\"aawp-product__pricing\">\n                                                        \n            \n            <img loading=\"lazy\" decoding=\"async\" src=\"https:\/\/erikdraeger.com\/ratgeber\/wp-content\/plugins\/aawp\/assets\/img\/icon-check-prime.svg\" height=\"16\" width=\"55\" alt=\"Amazon Prime\" \/>        <\/div>\n\n                <a class=\"aawp-button aawp-button--buy rounded aawp-button--icon aawp-button--icon-amazon-black\" href=\"https:\/\/www.amazon.de\/dp\/B09X7FXHVJ?tag=edraegerpho06-21&#038;linkCode=ogi&#038;th=1&#038;psc=1\" title=\"Bei Amazon ansehen\" target=\"_blank\" rel=\"nofollow noopener sponsored\">Bei Amazon ansehen<\/a>\n                    <span class=\"aawp-product__info\"><a href=\"#provisionshinweis\">Provisionshinweis<\/a><\/span>\n            <\/div>\n\n<\/div>\n\n    \n<\/div>\n\n\n\n\n<div style=\"height:30px\" aria-hidden=\"true\" class=\"wp-block-spacer\"><\/div>\n\n\n\n<h3 class=\"wp-block-heading has-medium-font-size\"><strong>Displayschutz:<\/strong><\/h3>\n\n\n\n<div class=\"aawp\">\n\n            \n            \n<div class=\"aawp-product aawp-product--horizontal aawp-product--inline-info\"  data-aawp-product-asin=\"B08Y6CL2NF\" data-aawp-product-id=\"246775\" data-aawp-tracking-id=\"edraegerpho06-21\" data-aawp-product-title=\"ULBTER Displayschutz schutzfolie f\u00fcr Fujifilm X100VI X-E4 X100V Fuji XE4 X-100V Kamera &amp; Blitzschuh-Abdeckung Displayschutzfolie 0,3 mm H\u00e4rtegrad 9H geh\u00e4rtetes Glas kratzfest-3 St\u00fcck\">\n\n    \n    <div class=\"aawp-product__thumb\">\n        <a class=\"aawp-product__image-link\"\n           href=\"https:\/\/www.amazon.de\/dp\/B08Y6CL2NF?tag=edraegerpho06-21&linkCode=ogi&th=1&psc=1\" title=\"Displayschutzfolie von ULBTER f\u00fcr die X100 VI\" rel=\"nofollow noopener sponsored\" target=\"_blank\">\n            <img decoding=\"async\" class=\"aawp-product__image\" src=\"https:\/\/erikdraeger.com\/ratgeber\/wp-content\/plugins\/aawp\/public\/image.php?url=YUhSMGNITTZMeTl0TG0xbFpHbGhMV0Z0WVhwdmJpNWpiMjB2YVcxaFoyVnpMMGt2TlRGTFVrVjJZbXh0VlV3dVgxTk1NVFl3WHk1cWNHYz18MTc3Nzg5NDgzNg=\" alt=\"Displayschutzfolie von ULBTER f\u00fcr die X100 VI\"  \/>\n        <\/a>\n\n            <\/div>\n\n    <div class=\"aawp-product__content\">\n        <a class=\"aawp-product__title\" href=\"https:\/\/www.amazon.de\/dp\/B08Y6CL2NF?tag=edraegerpho06-21&linkCode=ogi&th=1&psc=1\" title=\"Displayschutzfolie von ULBTER f\u00fcr die X100 VI\" rel=\"nofollow noopener sponsored\" target=\"_blank\">\n            Displayschutzfolie von ULBTER f\u00fcr die X100 VI        <\/a>\n        <div class=\"aawp-product__description\">\n            <ul><li>\u272a LCD-Displayschutzfolie und Blitzschuh-Abdeckung perfekt f\u00fcr Fujifilm X100VI X-E4 \/ Fuji X100V spiegellose Digitalkamera. Nicht f\u00fcr X-E3, X-E2, X-E1 und andere Modelle geeignet. Einfach zu installieren mit 100% blasenfreien Klebstoffen, blasenfreie Installation.<\/li><li>\u272a 9H H\u00e4rte - L\u00e4ngere Aush\u00e4rtezeit, wodurch die Displayschutzfolie eine h\u00f6here H\u00e4rte hat. Sch\u00fctzt den Kameradisplay vor St\u00fcrzen, Kratzern wie Schl\u00fcssel und Messer.<\/li><li>\u272a 99,99% HD-Klarheit \u2013 die hohe Transparenz bietet Ihnen eine hochaufl\u00f6sende klare Sicht. Hydrophobe Bildschirm-Beschichtung sch\u00fctzt Ihr Kameradisplay effektiv vor \u00d6lr\u00fcckst\u00e4nden von Fingerabdr\u00fccken.<\/li><li>\u272a H\u00f6chste Definition und Empfindlichkeit: Nur 0,3 mm dick, extrem d\u00fcnn, um Ihnen ein hochdurchl\u00e4ssiges und kristallklares Seherlebnis mit ultra-geringer Reflexion zu bringen und die Empfindlichkeit nicht zu reduzieren.<\/li><li>\u272a Blitzschuh-Abdeckung - Innovatives kreisf\u00f6rmiges Design nimmt weniger Platz ein als blockierende 2- oder 3-Achsen-Ebenen und sch\u00fctzt Ihren Kamera-Blitzschuh, verhindert Kratzer, St\u00f6\u00dfe, Feuchtigkeit und Staub.<\/li><\/ul>        <\/div>\n    <\/div>\n\n    <div class=\"aawp-product__footer\">\n\n        <div class=\"aawp-product__pricing\">\n            \n            \n                    <\/div>\n\n                <a class=\"aawp-button aawp-button--buy rounded aawp-button--icon aawp-button--icon-amazon-black\" href=\"https:\/\/www.amazon.de\/dp\/B08Y6CL2NF?tag=edraegerpho06-21&#038;linkCode=ogi&#038;th=1&#038;psc=1\" title=\"Bei Amazon ansehen\" target=\"_blank\" rel=\"nofollow noopener sponsored\">Bei Amazon ansehen<\/a>\n                    <span class=\"aawp-product__info\"><a href=\"#provisionshinweis\">Provisionshinweis<\/a><\/span>\n            <\/div>\n\n<\/div>\n\n    \n<\/div>\n\n\n\n\n<div class=\"aawp\">\n\n            \n            \n<div class=\"aawp-product aawp-product--horizontal aawp-product--inline-info\"  data-aawp-product-asin=\"B093DQ4XQN\" data-aawp-product-id=\"246776\" data-aawp-tracking-id=\"edraegerpho06-21\" data-aawp-product-title=\"iDaPro Displayschutz schutzfolie f\u00fcr Fujifilm X100VI X100V X-E4 Fuji XE4 + Handschlaufe [3+1St\u00fcck] Schutzglas Tempered Glass Screen Protector 9H H\u00e4rte Geh\u00e4rtetes Glas\">\n\n    \n    <div class=\"aawp-product__thumb\">\n        <a class=\"aawp-product__image-link\"\n           href=\"https:\/\/www.amazon.de\/dp\/B093DQ4XQN?tag=edraegerpho06-21&linkCode=ogi&th=1&psc=1\" title=\"Displayschutzfolie von iDaPro\" rel=\"nofollow noopener sponsored\" target=\"_blank\">\n            <img decoding=\"async\" class=\"aawp-product__image\" src=\"https:\/\/erikdraeger.com\/ratgeber\/wp-content\/plugins\/aawp\/public\/image.php?url=YUhSMGNITTZMeTl0TG0xbFpHbGhMV0Z0WVhwdmJpNWpiMjB2YVcxaFoyVnpMMGt2TkRGV00xUmpjMDVDZDB3dVgxTk1NVFl3WHk1cWNHYz18MTc3Nzg5NDgzNg=\" alt=\"Displayschutzfolie von iDaPro\"  \/>\n        <\/a>\n\n            <\/div>\n\n    <div class=\"aawp-product__content\">\n        <a class=\"aawp-product__title\" href=\"https:\/\/www.amazon.de\/dp\/B093DQ4XQN?tag=edraegerpho06-21&linkCode=ogi&th=1&psc=1\" title=\"Displayschutzfolie von iDaPro\" rel=\"nofollow noopener sponsored\" target=\"_blank\">\n            Displayschutzfolie von iDaPro        <\/a>\n        <div class=\"aawp-product__description\">\n            <ul><li>\u2705 Nur kompatibel mit Fujifilm X100VI \/ X100V \/ X-E4 Digitalkamera, nicht f\u00fcr andere Kameras geeignet. Inklusive 3 St\u00fcck geh\u00e4rtetem Glas mit notwendigem Zubeh\u00f6r und einer Handschlaufe.<\/li><li>\u2705 9H H\u00e4rte \u2013 9H H\u00e4rte geh\u00e4rtetes Glas Displayschutzfolie bietet zuverl\u00e4ssige Kratz- und Bruchfestigkeit zum Schutz Ihres Displays.<\/li><li>\u2705Ultimative Klarheit: 99,99 % hochaufl\u00f6sende, transparente, wasser- und \u00f6labweisende Display-Beschichtung sch\u00fctzt vor Schwei\u00df- und \u00d6lr\u00fcckst\u00e4nden von Fingerabdr\u00fccken. Erm\u00f6glicht ein optimales, nat\u00fcrliches Seherlebnis.<\/li><li>\u2705 Ultrad\u00fcnne 0,3 mm Dicke ist zuverl\u00e4ssig und belastbar und verspricht volle Kompatibilit\u00e4t mit Touchscreen-Empfindlichkeit<\/li><li>\u2705Handschlaufe: Leicht und einfach zu verbinden, h\u00e4lt Ihre kleine Kamera sicher und handlich.<\/li><\/ul>        <\/div>\n    <\/div>\n\n    <div class=\"aawp-product__footer\">\n\n        <div class=\"aawp-product__pricing\">\n            \n            \n                    <\/div>\n\n                <a class=\"aawp-button aawp-button--buy rounded aawp-button--icon aawp-button--icon-amazon-black\" href=\"https:\/\/www.amazon.de\/dp\/B093DQ4XQN?tag=edraegerpho06-21&#038;linkCode=ogi&#038;th=1&#038;psc=1\" title=\"Bei Amazon ansehen\" target=\"_blank\" rel=\"nofollow noopener sponsored\">Bei Amazon ansehen<\/a>\n                    <span class=\"aawp-product__info\"><a href=\"#provisionshinweis\">Provisionshinweis<\/a><\/span>\n            <\/div>\n\n<\/div>\n\n    \n<\/div>\n\n\n\n\n<div style=\"height:30px\" aria-hidden=\"true\" class=\"wp-block-spacer\"><\/div>\n\n\n\n<h3 class=\"wp-block-heading has-medium-font-size\"><strong>B\u00fccher:<\/strong><\/h3>\n\n\n\n<div class=\"aawp\">\n\n            \n            \n<div class=\"aawp-product aawp-product--horizontal aawp-product--inline-info\"  data-aawp-product-asin=\"3367103098\" data-aawp-product-id=\"246777\" data-aawp-tracking-id=\"edraegerpho06-21\" data-aawp-product-title=\"Fujifilm X100VI  Das Handbuch zur Kamera Praxiswissen und Expertentipps zu Ihrer X100VI\">\n\n    \n    <div class=\"aawp-product__thumb\">\n        <a class=\"aawp-product__image-link\"\n           href=\"https:\/\/www.amazon.de\/dp\/3367103098?tag=edraegerpho06-21&linkCode=ogi&th=1&psc=1\" title=\"Fujifilm X100VI: Das Handbuch zur Kamera. Praxiswissen und Expertentipps zu Ihrer X100VI\" rel=\"nofollow noopener sponsored\" target=\"_blank\">\n            <img decoding=\"async\" class=\"aawp-product__image\" src=\"https:\/\/erikdraeger.com\/ratgeber\/wp-content\/plugins\/aawp\/public\/image.php?url=YUhSMGNITTZMeTl0TG0xbFpHbGhMV0Z0WVhwdmJpNWpiMjB2YVcxaFoyVnpMMGt2TlRGQ1ltVkhNa0o0V0V3dVgxTk1NVFl3WHk1cWNHYz18MTc3Nzg5NDgzNg=\" alt=\"Fujifilm X100VI: Das Handbuch zur Kamera. Praxiswissen und Expertentipps zu Ihrer X100VI\"  \/>\n        <\/a>\n\n            <\/div>\n\n    <div class=\"aawp-product__content\">\n        <a class=\"aawp-product__title\" href=\"https:\/\/www.amazon.de\/dp\/3367103098?tag=edraegerpho06-21&linkCode=ogi&th=1&psc=1\" title=\"Fujifilm X100VI: Das Handbuch zur Kamera. Praxiswissen und Expertentipps zu Ihrer X100VI\" rel=\"nofollow noopener sponsored\" target=\"_blank\">\n            Fujifilm X100VI: Das Handbuch zur Kamera. Praxiswissen und Expertentipps zu Ihrer X100VI        <\/a>\n        <div class=\"aawp-product__description\">\n                    <\/div>\n    <\/div>\n\n    <div class=\"aawp-product__footer\">\n\n        <div class=\"aawp-product__pricing\">\n            \n            \n            <img loading=\"lazy\" decoding=\"async\" src=\"https:\/\/erikdraeger.com\/ratgeber\/wp-content\/plugins\/aawp\/assets\/img\/icon-check-prime.svg\" height=\"16\" width=\"55\" alt=\"Amazon Prime\" \/>        <\/div>\n\n                <a class=\"aawp-button aawp-button--buy rounded aawp-button--icon aawp-button--icon-amazon-black\" href=\"https:\/\/www.amazon.de\/dp\/3367103098?tag=edraegerpho06-21&#038;linkCode=ogi&#038;th=1&#038;psc=1\" title=\"Bei Amazon ansehen\" target=\"_blank\" rel=\"nofollow noopener sponsored\">Bei Amazon ansehen<\/a>\n                    <span class=\"aawp-product__info\"><a href=\"#provisionshinweis\">Provisionshinweis<\/a><\/span>\n            <\/div>\n\n<\/div>\n\n            \n            \n<div class=\"aawp-product aawp-product--horizontal aawp-product--inline-info\"  data-aawp-product-asin=\"3988890197\" data-aawp-product-id=\"246778\" data-aawp-tracking-id=\"edraegerpho06-21\" data-aawp-product-title=\"Fujifilm X100VI  Die 130 besten Tipps und Tricks f\u00fcr perfekte Bilder  dpunkt.kamerabuch\">\n\n    \n    <div class=\"aawp-product__thumb\">\n        <a class=\"aawp-product__image-link\"\n           href=\"https:\/\/www.amazon.de\/dp\/3988890197?tag=edraegerpho06-21&linkCode=ogi&th=1&psc=1\" title=\"Fujifilm X100VI: Die 130 besten Tipps und Tricks f\u00fcr perfekte Bilder (dpunkt.kamerabuch)\" rel=\"nofollow noopener sponsored\" target=\"_blank\">\n            <img decoding=\"async\" class=\"aawp-product__image\" src=\"https:\/\/erikdraeger.com\/ratgeber\/wp-content\/plugins\/aawp\/public\/image.php?url=YUhSMGNITTZMeTl0TG0xbFpHbGhMV0Z0WVhwdmJpNWpiMjB2YVcxaFoyVnpMMGt2TkRGaUsyWjRNVmh3VVV3dVgxTk1NVFl3WHk1cWNHYz18MTc3Nzg5NDgzNg=\" alt=\"Fujifilm X100VI: Die 130 besten Tipps und Tricks f\u00fcr perfekte Bilder (dpunkt.kamerabuch)\"  \/>\n        <\/a>\n\n            <\/div>\n\n    <div class=\"aawp-product__content\">\n        <a class=\"aawp-product__title\" href=\"https:\/\/www.amazon.de\/dp\/3988890197?tag=edraegerpho06-21&linkCode=ogi&th=1&psc=1\" title=\"Fujifilm X100VI: Die 130 besten Tipps und Tricks f\u00fcr perfekte Bilder (dpunkt.kamerabuch)\" rel=\"nofollow noopener sponsored\" target=\"_blank\">\n            Fujifilm X100VI: Die 130 besten Tipps und Tricks f\u00fcr perfekte Bilder (dpunkt.kamerabuch)        <\/a>\n        <div class=\"aawp-product__description\">\n                    <\/div>\n    <\/div>\n\n    <div class=\"aawp-product__footer\">\n\n        <div class=\"aawp-product__pricing\">\n            \n            \n            <img loading=\"lazy\" decoding=\"async\" src=\"https:\/\/erikdraeger.com\/ratgeber\/wp-content\/plugins\/aawp\/assets\/img\/icon-check-prime.svg\" height=\"16\" width=\"55\" alt=\"Amazon Prime\" \/>        <\/div>\n\n                <a class=\"aawp-button aawp-button--buy rounded aawp-button--icon aawp-button--icon-amazon-black\" href=\"https:\/\/www.amazon.de\/dp\/3988890197?tag=edraegerpho06-21&#038;linkCode=ogi&#038;th=1&#038;psc=1\" title=\"Bei Amazon ansehen\" target=\"_blank\" rel=\"nofollow noopener sponsored\">Bei Amazon ansehen<\/a>\n                    <span class=\"aawp-product__info\"><a href=\"#provisionshinweis\">Provisionshinweis<\/a><\/span>\n            <\/div>\n\n<\/div>\n\n    \n<\/div>\n\n\n\n\n<div style=\"height:30px\" aria-hidden=\"true\" class=\"wp-block-spacer\"><\/div>\n\n\n\n<hr class=\"wp-block-separator has-text-color has-base-color has-alpha-channel-opacity has-base-background-color has-background is-style-wide\"\/>\n\n\n\n<section class=\"wp-block-uagb-section uagb-section__wrap uagb-section__background-none uagb-block-8c1c1954\"><div class=\"uagb-section__overlay\"><\/div><div class=\"uagb-section__inner-wrap\">\n<p class=\"has-medium-font-size\"><strong>Mehr zum Thema erfahren<\/strong><\/p>\n\n\n\n<div style=\"height:15px\" aria-hidden=\"true\" class=\"wp-block-spacer\"><\/div>\n\n\n\n<p><strong>Kompakt- und Wechselobjektivkameras von Fujifilm<\/strong><\/p>\n\n\n<ul class=\"wp-block-latest-posts__list aligncenter wp-block-latest-posts\"><li><a class=\"wp-block-latest-posts__post-title\" href=\"https:\/\/erikdraeger.com\/ratgeber\/fujifilm-x-e5-objektive-zubehoer\/\">Fujifilm X-E5 &#8211; Objektive &amp; passendes Zubeh\u00f6r<\/a><\/li>\n<li><a class=\"wp-block-latest-posts__post-title\" href=\"https:\/\/erikdraeger.com\/ratgeber\/fujifilm-x-t30-iii-objektive-zubehoer\/\">Fujifilm X-T30 III &#8211; Objektive &amp; Zubeh\u00f6r<\/a><\/li>\n<li><a class=\"wp-block-latest-posts__post-title\" href=\"https:\/\/erikdraeger.com\/ratgeber\/fujifilm-x-s20-objektive-zubehoer\/\">Fujifilm X-S20 &#8211; Objektive &amp; Zubeh\u00f6r<\/a><\/li>\n<li><a class=\"wp-block-latest-posts__post-title\" href=\"https:\/\/erikdraeger.com\/ratgeber\/fujifilm-xt-5-objektive-empfehlenswertes-zubehoer\/\">Fujifilm XT-5 &#8211; Objektive &amp; empfehlenswertes Zubeh\u00f6r<\/a><\/li>\n<li><a class=\"wp-block-latest-posts__post-title\" href=\"https:\/\/erikdraeger.com\/ratgeber\/fujifilm-x100vi-zubehoer\/\">Fujifilm X100 VI &#8211; Empfehlenswertes Zubeh\u00f6r<\/a><\/li>\n<li><a class=\"wp-block-latest-posts__post-title\" href=\"https:\/\/erikdraeger.com\/ratgeber\/fujifilm-systemkamera\/\">Die empfehlenswertesten Systemkameras von Fujifilm<\/a><\/li>\n<li><a class=\"wp-block-latest-posts__post-title\" href=\"https:\/\/erikdraeger.com\/ratgeber\/fujifilm-kompaktkamera\/\">Die empfehlenswertesten Kompaktkameras von Fujifilm<\/a><\/li>\n<\/ul><\/div><\/section>\n\n\n\n<p><\/p>\n","protected":false},"excerpt":{"rendered":"<p>Mit der X100 VI bringt der japanische Hersteller Fujifilm im Jahr 2024 einen weiteren Ableger der beliebten Kompaktkamera im Retro-Design. Mit ihrem kleinen Geh\u00e4use und &#8230; <a title=\"Fujifilm X100 VI &#8211; Empfehlenswertes Zubeh\u00f6r\" class=\"read-more\" href=\"https:\/\/erikdraeger.com\/ratgeber\/fujifilm-x100vi-zubehoer\/\" aria-label=\"Mehr Informationen \u00fcber Fujifilm X100 VI &#8211; Empfehlenswertes Zubeh\u00f6r\">Mehr lesen<\/a><\/p>\n","protected":false},"author":1,"featured_media":5725,"comment_status":"closed","ping_status":"closed","sticky":false,"template":"","format":"standard","meta":{"_uag_custom_page_level_css":"","footnotes":""},"categories":[32,13],"tags":[],"class_list":["post-5718","post","type-post","status-publish","format-standard","has-post-thumbnail","hentry","category-fujifilm","category-kompaktkameras","masonry-post","generate-columns","tablet-grid-50","mobile-grid-100","grid-parent","grid-33"],"featured_image_src":"https:\/\/erikdraeger.com\/ratgeber\/wp-content\/uploads\/2024\/11\/fujifilm-x100-vi-zubehoer.png","author_info":{"display_name":"Erik Draeger Photography","author_link":"https:\/\/erikdraeger.com\/ratgeber\/author\/erik-draeger-photography\/"},"yoast_head":"<!-- This site is optimized with the Yoast SEO plugin v27.3 - https:\/\/yoast.com\/product\/yoast-seo-wordpress\/ -->\n<title>Fujifilm X100 VI - Empfehlenswertes Zubeh\u00f6r [Ratgeber]<\/title>\n<meta name=\"description\" content=\"\ud83d\udccc Hier bekommst du einen \u00dcberblick \u00fcber das beliebteste sowie beste Zubeh\u00f6r f\u00fcr die Vlogging-Kamera Sony ZV-E1.\" \/>\n<meta name=\"robots\" content=\"index, follow, max-snippet:-1, max-image-preview:large, max-video-preview:-1\" \/>\n<link rel=\"canonical\" href=\"https:\/\/erikdraeger.com\/ratgeber\/fujifilm-x100vi-zubehoer\/\" \/>\n<meta property=\"og:locale\" content=\"de_DE\" \/>\n<meta property=\"og:type\" content=\"article\" \/>\n<meta property=\"og:title\" content=\"Fujifilm X100 VI - Empfehlenswertes Zubeh\u00f6r [Ratgeber]\" \/>\n<meta property=\"og:description\" content=\"\ud83d\udccc Hier bekommst du einen \u00dcberblick \u00fcber das beliebteste sowie beste Zubeh\u00f6r f\u00fcr die Vlogging-Kamera Sony ZV-E1.\" \/>\n<meta property=\"og:url\" content=\"https:\/\/erikdraeger.com\/ratgeber\/fujifilm-x100vi-zubehoer\/\" \/>\n<meta property=\"og:site_name\" content=\"Erik Draeger Photography\" \/>\n<meta property=\"article:published_time\" content=\"2024-11-26T14:42:40+00:00\" \/>\n<meta property=\"article:modified_time\" content=\"2024-11-26T15:43:13+00:00\" \/>\n<meta property=\"og:image\" content=\"https:\/\/erikdraeger.com\/ratgeber\/wp-content\/uploads\/2024\/11\/fujifilm-x100-vi-zubehoer.png\" \/>\n\t<meta property=\"og:image:width\" content=\"1020\" \/>\n\t<meta property=\"og:image:height\" content=\"535\" \/>\n\t<meta property=\"og:image:type\" content=\"image\/png\" \/>\n<meta name=\"author\" content=\"Erik Draeger Photography\" \/>\n<meta name=\"twitter:card\" content=\"summary_large_image\" \/>\n<meta name=\"twitter:label1\" content=\"Verfasst von\" \/>\n\t<meta name=\"twitter:data1\" content=\"Erik Draeger Photography\" \/>\n\t<meta name=\"twitter:label2\" content=\"Gesch\u00e4tzte Lesezeit\" \/>\n\t<meta name=\"twitter:data2\" content=\"65\u00a0Minuten\" \/>\n<script type=\"application\/ld+json\" class=\"yoast-schema-graph\">{\"@context\":\"https:\\\/\\\/schema.org\",\"@graph\":[{\"@type\":\"Article\",\"@id\":\"https:\\\/\\\/erikdraeger.com\\\/ratgeber\\\/fujifilm-x100vi-zubehoer\\\/#article\",\"isPartOf\":{\"@id\":\"https:\\\/\\\/erikdraeger.com\\\/ratgeber\\\/fujifilm-x100vi-zubehoer\\\/\"},\"author\":{\"name\":\"Erik Draeger Photography\",\"@id\":\"https:\\\/\\\/erikdraeger.com\\\/ratgeber\\\/#\\\/schema\\\/person\\\/356c2bd02af4ae297a181c5512eb18f2\"},\"headline\":\"Fujifilm X100 VI &#8211; Empfehlenswertes Zubeh\u00f6r\",\"datePublished\":\"2024-11-26T14:42:40+00:00\",\"dateModified\":\"2024-11-26T15:43:13+00:00\",\"mainEntityOfPage\":{\"@id\":\"https:\\\/\\\/erikdraeger.com\\\/ratgeber\\\/fujifilm-x100vi-zubehoer\\\/\"},\"wordCount\":627,\"publisher\":{\"@id\":\"https:\\\/\\\/erikdraeger.com\\\/ratgeber\\\/#organization\"},\"image\":{\"@id\":\"https:\\\/\\\/erikdraeger.com\\\/ratgeber\\\/fujifilm-x100vi-zubehoer\\\/#primaryimage\"},\"thumbnailUrl\":\"https:\\\/\\\/erikdraeger.com\\\/ratgeber\\\/wp-content\\\/uploads\\\/2024\\\/11\\\/fujifilm-x100-vi-zubehoer.png\",\"articleSection\":[\"Fujifilm\",\"Kompaktkameras\"],\"inLanguage\":\"de\"},{\"@type\":\"WebPage\",\"@id\":\"https:\\\/\\\/erikdraeger.com\\\/ratgeber\\\/fujifilm-x100vi-zubehoer\\\/\",\"url\":\"https:\\\/\\\/erikdraeger.com\\\/ratgeber\\\/fujifilm-x100vi-zubehoer\\\/\",\"name\":\"Fujifilm X100 VI - Empfehlenswertes Zubeh\u00f6r [Ratgeber]\",\"isPartOf\":{\"@id\":\"https:\\\/\\\/erikdraeger.com\\\/ratgeber\\\/#website\"},\"primaryImageOfPage\":{\"@id\":\"https:\\\/\\\/erikdraeger.com\\\/ratgeber\\\/fujifilm-x100vi-zubehoer\\\/#primaryimage\"},\"image\":{\"@id\":\"https:\\\/\\\/erikdraeger.com\\\/ratgeber\\\/fujifilm-x100vi-zubehoer\\\/#primaryimage\"},\"thumbnailUrl\":\"https:\\\/\\\/erikdraeger.com\\\/ratgeber\\\/wp-content\\\/uploads\\\/2024\\\/11\\\/fujifilm-x100-vi-zubehoer.png\",\"datePublished\":\"2024-11-26T14:42:40+00:00\",\"dateModified\":\"2024-11-26T15:43:13+00:00\",\"description\":\"\ud83d\udccc Hier bekommst du einen \u00dcberblick \u00fcber das beliebteste sowie beste Zubeh\u00f6r f\u00fcr die Vlogging-Kamera Sony ZV-E1.\",\"breadcrumb\":{\"@id\":\"https:\\\/\\\/erikdraeger.com\\\/ratgeber\\\/fujifilm-x100vi-zubehoer\\\/#breadcrumb\"},\"inLanguage\":\"de\",\"potentialAction\":[{\"@type\":\"ReadAction\",\"target\":[\"https:\\\/\\\/erikdraeger.com\\\/ratgeber\\\/fujifilm-x100vi-zubehoer\\\/\"]}]},{\"@type\":\"ImageObject\",\"inLanguage\":\"de\",\"@id\":\"https:\\\/\\\/erikdraeger.com\\\/ratgeber\\\/fujifilm-x100vi-zubehoer\\\/#primaryimage\",\"url\":\"https:\\\/\\\/erikdraeger.com\\\/ratgeber\\\/wp-content\\\/uploads\\\/2024\\\/11\\\/fujifilm-x100-vi-zubehoer.png\",\"contentUrl\":\"https:\\\/\\\/erikdraeger.com\\\/ratgeber\\\/wp-content\\\/uploads\\\/2024\\\/11\\\/fujifilm-x100-vi-zubehoer.png\",\"width\":1020,\"height\":535,\"caption\":\"Zubeh\u00f6r f\u00fcr die Fujifilm X100 VI\"},{\"@type\":\"BreadcrumbList\",\"@id\":\"https:\\\/\\\/erikdraeger.com\\\/ratgeber\\\/fujifilm-x100vi-zubehoer\\\/#breadcrumb\",\"itemListElement\":[{\"@type\":\"ListItem\",\"position\":1,\"name\":\"Start\",\"item\":\"https:\\\/\\\/erikdraeger.com\\\/ratgeber\\\/\"},{\"@type\":\"ListItem\",\"position\":2,\"name\":\"Fujifilm\",\"item\":\"https:\\\/\\\/erikdraeger.com\\\/ratgeber\\\/category\\\/fujifilm\\\/\"},{\"@type\":\"ListItem\",\"position\":3,\"name\":\"Fujifilm X100 VI &#8211; Empfehlenswertes Zubeh\u00f6r\"}]},{\"@type\":\"WebSite\",\"@id\":\"https:\\\/\\\/erikdraeger.com\\\/ratgeber\\\/#website\",\"url\":\"https:\\\/\\\/erikdraeger.com\\\/ratgeber\\\/\",\"name\":\"Erik Draeger Photography\",\"description\":\"Ratgeber f\u00fcr Kamera, Objektiv &amp; Zubeh\u00f6r\",\"publisher\":{\"@id\":\"https:\\\/\\\/erikdraeger.com\\\/ratgeber\\\/#organization\"},\"potentialAction\":[{\"@type\":\"SearchAction\",\"target\":{\"@type\":\"EntryPoint\",\"urlTemplate\":\"https:\\\/\\\/erikdraeger.com\\\/ratgeber\\\/?s={search_term_string}\"},\"query-input\":{\"@type\":\"PropertyValueSpecification\",\"valueRequired\":true,\"valueName\":\"search_term_string\"}}],\"inLanguage\":\"de\"},{\"@type\":\"Organization\",\"@id\":\"https:\\\/\\\/erikdraeger.com\\\/ratgeber\\\/#organization\",\"name\":\"Erik Draeger Photography\",\"url\":\"https:\\\/\\\/erikdraeger.com\\\/ratgeber\\\/\",\"logo\":{\"@type\":\"ImageObject\",\"inLanguage\":\"de\",\"@id\":\"https:\\\/\\\/erikdraeger.com\\\/ratgeber\\\/#\\\/schema\\\/logo\\\/image\\\/\",\"url\":\"https:\\\/\\\/erikdraeger.com\\\/ratgeber\\\/wp-content\\\/uploads\\\/2023\\\/11\\\/cropped-ed-ratgeber-title-2-inverted.jpg\",\"contentUrl\":\"https:\\\/\\\/erikdraeger.com\\\/ratgeber\\\/wp-content\\\/uploads\\\/2023\\\/11\\\/cropped-ed-ratgeber-title-2-inverted.jpg\",\"width\":1051,\"height\":211,\"caption\":\"Erik Draeger Photography\"},\"image\":{\"@id\":\"https:\\\/\\\/erikdraeger.com\\\/ratgeber\\\/#\\\/schema\\\/logo\\\/image\\\/\"}},{\"@type\":\"Person\",\"@id\":\"https:\\\/\\\/erikdraeger.com\\\/ratgeber\\\/#\\\/schema\\\/person\\\/356c2bd02af4ae297a181c5512eb18f2\",\"name\":\"Erik Draeger Photography\",\"image\":{\"@type\":\"ImageObject\",\"inLanguage\":\"de\",\"@id\":\"https:\\\/\\\/secure.gravatar.com\\\/avatar\\\/5608dcb3bff5bef267dec743e4d65255bf9056a489841053e664a785d3bf1b07?s=96&d=mm&r=g\",\"url\":\"https:\\\/\\\/secure.gravatar.com\\\/avatar\\\/5608dcb3bff5bef267dec743e4d65255bf9056a489841053e664a785d3bf1b07?s=96&d=mm&r=g\",\"contentUrl\":\"https:\\\/\\\/secure.gravatar.com\\\/avatar\\\/5608dcb3bff5bef267dec743e4d65255bf9056a489841053e664a785d3bf1b07?s=96&d=mm&r=g\",\"caption\":\"Erik Draeger Photography\"},\"description\":\"Ich bin Erik und ich bin Autofotograf aus Halle (Deutschland). 2014 startete ich ein Experiment, was zu einer unendlichen und immer noch anhaltenden Faszination geworden ist. Auf dieser aufregenden Reise \u00fcber das Erlernen und \u00dcben der Automobilfotografie und Bildbearbeitung als Hobby habe ich anschlie\u00dfend angefangen, als kommerzieller Automobilfotograf zu arbeiten.\",\"sameAs\":[\"https:\\\/\\\/erikdraeger.com\\\/ratgeber\"],\"url\":\"https:\\\/\\\/erikdraeger.com\\\/ratgeber\\\/author\\\/erik-draeger-photography\\\/\"}]}<\/script>\n<!-- \/ Yoast SEO plugin. -->","yoast_head_json":{"title":"Fujifilm X100 VI - Empfehlenswertes Zubeh\u00f6r [Ratgeber]","description":"\ud83d\udccc Hier bekommst du einen \u00dcberblick \u00fcber das beliebteste sowie beste Zubeh\u00f6r f\u00fcr die Vlogging-Kamera Sony ZV-E1.","robots":{"index":"index","follow":"follow","max-snippet":"max-snippet:-1","max-image-preview":"max-image-preview:large","max-video-preview":"max-video-preview:-1"},"canonical":"https:\/\/erikdraeger.com\/ratgeber\/fujifilm-x100vi-zubehoer\/","og_locale":"de_DE","og_type":"article","og_title":"Fujifilm X100 VI - Empfehlenswertes Zubeh\u00f6r [Ratgeber]","og_description":"\ud83d\udccc Hier bekommst du einen \u00dcberblick \u00fcber das beliebteste sowie beste Zubeh\u00f6r f\u00fcr die Vlogging-Kamera Sony ZV-E1.","og_url":"https:\/\/erikdraeger.com\/ratgeber\/fujifilm-x100vi-zubehoer\/","og_site_name":"Erik Draeger Photography","article_published_time":"2024-11-26T14:42:40+00:00","article_modified_time":"2024-11-26T15:43:13+00:00","og_image":[{"width":1020,"height":535,"url":"https:\/\/erikdraeger.com\/ratgeber\/wp-content\/uploads\/2024\/11\/fujifilm-x100-vi-zubehoer.png","type":"image\/png"}],"author":"Erik Draeger Photography","twitter_card":"summary_large_image","twitter_misc":{"Verfasst von":"Erik Draeger Photography","Gesch\u00e4tzte Lesezeit":"65\u00a0Minuten"},"schema":{"@context":"https:\/\/schema.org","@graph":[{"@type":"Article","@id":"https:\/\/erikdraeger.com\/ratgeber\/fujifilm-x100vi-zubehoer\/#article","isPartOf":{"@id":"https:\/\/erikdraeger.com\/ratgeber\/fujifilm-x100vi-zubehoer\/"},"author":{"name":"Erik Draeger Photography","@id":"https:\/\/erikdraeger.com\/ratgeber\/#\/schema\/person\/356c2bd02af4ae297a181c5512eb18f2"},"headline":"Fujifilm X100 VI &#8211; Empfehlenswertes Zubeh\u00f6r","datePublished":"2024-11-26T14:42:40+00:00","dateModified":"2024-11-26T15:43:13+00:00","mainEntityOfPage":{"@id":"https:\/\/erikdraeger.com\/ratgeber\/fujifilm-x100vi-zubehoer\/"},"wordCount":627,"publisher":{"@id":"https:\/\/erikdraeger.com\/ratgeber\/#organization"},"image":{"@id":"https:\/\/erikdraeger.com\/ratgeber\/fujifilm-x100vi-zubehoer\/#primaryimage"},"thumbnailUrl":"https:\/\/erikdraeger.com\/ratgeber\/wp-content\/uploads\/2024\/11\/fujifilm-x100-vi-zubehoer.png","articleSection":["Fujifilm","Kompaktkameras"],"inLanguage":"de"},{"@type":"WebPage","@id":"https:\/\/erikdraeger.com\/ratgeber\/fujifilm-x100vi-zubehoer\/","url":"https:\/\/erikdraeger.com\/ratgeber\/fujifilm-x100vi-zubehoer\/","name":"Fujifilm X100 VI - Empfehlenswertes Zubeh\u00f6r [Ratgeber]","isPartOf":{"@id":"https:\/\/erikdraeger.com\/ratgeber\/#website"},"primaryImageOfPage":{"@id":"https:\/\/erikdraeger.com\/ratgeber\/fujifilm-x100vi-zubehoer\/#primaryimage"},"image":{"@id":"https:\/\/erikdraeger.com\/ratgeber\/fujifilm-x100vi-zubehoer\/#primaryimage"},"thumbnailUrl":"https:\/\/erikdraeger.com\/ratgeber\/wp-content\/uploads\/2024\/11\/fujifilm-x100-vi-zubehoer.png","datePublished":"2024-11-26T14:42:40+00:00","dateModified":"2024-11-26T15:43:13+00:00","description":"\ud83d\udccc Hier bekommst du einen \u00dcberblick \u00fcber das beliebteste sowie beste Zubeh\u00f6r f\u00fcr die Vlogging-Kamera Sony ZV-E1.","breadcrumb":{"@id":"https:\/\/erikdraeger.com\/ratgeber\/fujifilm-x100vi-zubehoer\/#breadcrumb"},"inLanguage":"de","potentialAction":[{"@type":"ReadAction","target":["https:\/\/erikdraeger.com\/ratgeber\/fujifilm-x100vi-zubehoer\/"]}]},{"@type":"ImageObject","inLanguage":"de","@id":"https:\/\/erikdraeger.com\/ratgeber\/fujifilm-x100vi-zubehoer\/#primaryimage","url":"https:\/\/erikdraeger.com\/ratgeber\/wp-content\/uploads\/2024\/11\/fujifilm-x100-vi-zubehoer.png","contentUrl":"https:\/\/erikdraeger.com\/ratgeber\/wp-content\/uploads\/2024\/11\/fujifilm-x100-vi-zubehoer.png","width":1020,"height":535,"caption":"Zubeh\u00f6r f\u00fcr die Fujifilm X100 VI"},{"@type":"BreadcrumbList","@id":"https:\/\/erikdraeger.com\/ratgeber\/fujifilm-x100vi-zubehoer\/#breadcrumb","itemListElement":[{"@type":"ListItem","position":1,"name":"Start","item":"https:\/\/erikdraeger.com\/ratgeber\/"},{"@type":"ListItem","position":2,"name":"Fujifilm","item":"https:\/\/erikdraeger.com\/ratgeber\/category\/fujifilm\/"},{"@type":"ListItem","position":3,"name":"Fujifilm X100 VI &#8211; Empfehlenswertes Zubeh\u00f6r"}]},{"@type":"WebSite","@id":"https:\/\/erikdraeger.com\/ratgeber\/#website","url":"https:\/\/erikdraeger.com\/ratgeber\/","name":"Erik Draeger Photography","description":"Ratgeber f\u00fcr Kamera, Objektiv &amp; Zubeh\u00f6r","publisher":{"@id":"https:\/\/erikdraeger.com\/ratgeber\/#organization"},"potentialAction":[{"@type":"SearchAction","target":{"@type":"EntryPoint","urlTemplate":"https:\/\/erikdraeger.com\/ratgeber\/?s={search_term_string}"},"query-input":{"@type":"PropertyValueSpecification","valueRequired":true,"valueName":"search_term_string"}}],"inLanguage":"de"},{"@type":"Organization","@id":"https:\/\/erikdraeger.com\/ratgeber\/#organization","name":"Erik Draeger Photography","url":"https:\/\/erikdraeger.com\/ratgeber\/","logo":{"@type":"ImageObject","inLanguage":"de","@id":"https:\/\/erikdraeger.com\/ratgeber\/#\/schema\/logo\/image\/","url":"https:\/\/erikdraeger.com\/ratgeber\/wp-content\/uploads\/2023\/11\/cropped-ed-ratgeber-title-2-inverted.jpg","contentUrl":"https:\/\/erikdraeger.com\/ratgeber\/wp-content\/uploads\/2023\/11\/cropped-ed-ratgeber-title-2-inverted.jpg","width":1051,"height":211,"caption":"Erik Draeger Photography"},"image":{"@id":"https:\/\/erikdraeger.com\/ratgeber\/#\/schema\/logo\/image\/"}},{"@type":"Person","@id":"https:\/\/erikdraeger.com\/ratgeber\/#\/schema\/person\/356c2bd02af4ae297a181c5512eb18f2","name":"Erik Draeger Photography","image":{"@type":"ImageObject","inLanguage":"de","@id":"https:\/\/secure.gravatar.com\/avatar\/5608dcb3bff5bef267dec743e4d65255bf9056a489841053e664a785d3bf1b07?s=96&d=mm&r=g","url":"https:\/\/secure.gravatar.com\/avatar\/5608dcb3bff5bef267dec743e4d65255bf9056a489841053e664a785d3bf1b07?s=96&d=mm&r=g","contentUrl":"https:\/\/secure.gravatar.com\/avatar\/5608dcb3bff5bef267dec743e4d65255bf9056a489841053e664a785d3bf1b07?s=96&d=mm&r=g","caption":"Erik Draeger Photography"},"description":"Ich bin Erik und ich bin Autofotograf aus Halle (Deutschland). 2014 startete ich ein Experiment, was zu einer unendlichen und immer noch anhaltenden Faszination geworden ist. Auf dieser aufregenden Reise \u00fcber das Erlernen und \u00dcben der Automobilfotografie und Bildbearbeitung als Hobby habe ich anschlie\u00dfend angefangen, als kommerzieller Automobilfotograf zu arbeiten.","sameAs":["https:\/\/erikdraeger.com\/ratgeber"],"url":"https:\/\/erikdraeger.com\/ratgeber\/author\/erik-draeger-photography\/"}]}},"uagb_featured_image_src":{"full":["https:\/\/erikdraeger.com\/ratgeber\/wp-content\/uploads\/2024\/11\/fujifilm-x100-vi-zubehoer.png",1020,535,false],"thumbnail":["https:\/\/erikdraeger.com\/ratgeber\/wp-content\/uploads\/2024\/11\/fujifilm-x100-vi-zubehoer-395x207.png",395,207,true],"medium":["https:\/\/erikdraeger.com\/ratgeber\/wp-content\/uploads\/2024\/11\/fujifilm-x100-vi-zubehoer-1000x525.png",1000,525,true],"medium_large":["https:\/\/erikdraeger.com\/ratgeber\/wp-content\/uploads\/2024\/11\/fujifilm-x100-vi-zubehoer-768x403.png",768,403,true],"large":["https:\/\/erikdraeger.com\/ratgeber\/wp-content\/uploads\/2024\/11\/fujifilm-x100-vi-zubehoer.png",1020,535,false],"1536x1536":["https:\/\/erikdraeger.com\/ratgeber\/wp-content\/uploads\/2024\/11\/fujifilm-x100-vi-zubehoer.png",1020,535,false],"2048x2048":["https:\/\/erikdraeger.com\/ratgeber\/wp-content\/uploads\/2024\/11\/fujifilm-x100-vi-zubehoer.png",1020,535,false]},"uagb_author_info":{"display_name":"Erik Draeger Photography","author_link":"https:\/\/erikdraeger.com\/ratgeber\/author\/erik-draeger-photography\/"},"uagb_comment_info":0,"uagb_excerpt":"Mit der X100 VI bringt der japanische Hersteller Fujifilm im Jahr 2024 einen weiteren Ableger der beliebten Kompaktkamera im Retro-Design. Mit ihrem kleinen Geh\u00e4use und ... Mehr lesen","_links":{"self":[{"href":"https:\/\/erikdraeger.com\/ratgeber\/wp-json\/wp\/v2\/posts\/5718","targetHints":{"allow":["GET"]}}],"collection":[{"href":"https:\/\/erikdraeger.com\/ratgeber\/wp-json\/wp\/v2\/posts"}],"about":[{"href":"https:\/\/erikdraeger.com\/ratgeber\/wp-json\/wp\/v2\/types\/post"}],"author":[{"embeddable":true,"href":"https:\/\/erikdraeger.com\/ratgeber\/wp-json\/wp\/v2\/users\/1"}],"replies":[{"embeddable":true,"href":"https:\/\/erikdraeger.com\/ratgeber\/wp-json\/wp\/v2\/comments?post=5718"}],"version-history":[{"count":0,"href":"https:\/\/erikdraeger.com\/ratgeber\/wp-json\/wp\/v2\/posts\/5718\/revisions"}],"wp:featuredmedia":[{"embeddable":true,"href":"https:\/\/erikdraeger.com\/ratgeber\/wp-json\/wp\/v2\/media\/5725"}],"wp:attachment":[{"href":"https:\/\/erikdraeger.com\/ratgeber\/wp-json\/wp\/v2\/media?parent=5718"}],"wp:term":[{"taxonomy":"category","embeddable":true,"href":"https:\/\/erikdraeger.com\/ratgeber\/wp-json\/wp\/v2\/categories?post=5718"},{"taxonomy":"post_tag","embeddable":true,"href":"https:\/\/erikdraeger.com\/ratgeber\/wp-json\/wp\/v2\/tags?post=5718"}],"curies":[{"name":"wp","href":"https:\/\/api.w.org\/{rel}","templated":true}]}}