{"id":5768,"date":"2024-12-05T17:12:30","date_gmt":"2024-12-05T16:12:30","guid":{"rendered":"https:\/\/erikdraeger.com\/ratgeber\/?p=5768"},"modified":"2025-04-16T12:22:27","modified_gmt":"2025-04-16T10:22:27","slug":"sony-a7-iii-objektive-zubehoer","status":"publish","type":"post","link":"https:\/\/erikdraeger.com\/ratgeber\/sony-a7-iii-objektive-zubehoer\/","title":{"rendered":"Sony a7 III &#8211; Objektive &amp; Zubeh\u00f6r"},"content":{"rendered":"\n<p>Im Jahr 2018 erscheint mit der <strong>a7 III<\/strong> die dritte Generation der erfolgreichen Vollformat-Systemkamera von Sony. Dabei ist die 7er Reihe in der gehobenen Mittelklasse der Systemkameras angesiedelt und erfreut sich einer hohen Beliebtheit. Daf\u00fcr sorgen vor allem die nach wie vor tolle Bild- und Videoqualit\u00e4t des Vollformat-Sensors. Als Wechselobjektiv-Kamera stehen der a7 III zahlreiche <strong>Objektive<\/strong> zur Verf\u00fcgung sowie auch weiteres n\u00fctzliches <strong>Equipment<\/strong>.<\/p>\n\n\n\n<p>Wir haben daher nach passenden <strong>Objektiven<\/strong> und weiterem <strong>Zubeh\u00f6r<\/strong> f\u00fcr die <strong>Sony Alpha 7 III (ILCE-7M3)<\/strong> recherchiert und stellen dir in diesem Artikel das beliebteste und empfehlenswerteste davon vor.<\/p>\n\n\n\n<div style=\"height:15px\" aria-hidden=\"true\" class=\"wp-block-spacer\"><\/div>\n\n\n\n\n\n<div style=\"height:50px\" aria-hidden=\"true\" class=\"wp-block-spacer\"><\/div>\n\n\n\n<h2 class=\"wp-block-heading\">Wichtige Daten zur Sony a7 III<\/h2>\n\n\n\n<div class=\"wp-block-uagb-container uagb-block-5bd41867 alignfull uagb-is-root-container\"><div class=\"uagb-container-inner-blocks-wrap\">\n<div class=\"wp-block-uagb-container uagb-block-fc63dc39\"><a  data-aawp-product-asin=\"B07B4R8QGM\" data-aawp-product-id=\"246883\" data-aawp-tracking-id=\"edraegerpho06-21\" data-aawp-product-title=\"Sony Alpha 7 III Spiegellose Vollformat-Kamera mit 28-70 mm f\/3.5-5.6  Schneller 0,02s AF optische 5-Achsen-Bildstabilisierung\" href=\"https:\/\/www.amazon.de\/dp\/B07B4R8QGM?tag=edraegerpho06-21&linkCode=ogi&th=1&psc=1\" title=\"Sony Alpha 7 III Spiegellose Vollformat-Kamera mit 28-70 mm f\/3.5-5.6 (Schneller 0,02s AF, optische...\" rel=\"nofollow noopener sponsored\" target=\"_blank\"><img decoding=\"async\" src=\"https:\/\/erikdraeger.com\/ratgeber\/wp-content\/plugins\/aawp\/public\/image.php?url=YUhSMGNITTZMeTl0TG0xbFpHbGhMV0Z0WVhwdmJpNWpiMjB2YVcxaFoyVnpMMGt2TXpGSlpUa3RVbEUyUzB3dVgxTk1NVFl3WHk1cWNHYz18MTc3NzYwMTQ2MQ=\" alt=\"Sony Alpha 7 III Spiegellose Vollformat-Kamera mit 28-70 mm f\/3.5-5.6 (Schneller 0,02s AF, optische...\" \/><\/a>\n\n\n\n<div style=\"height:10px\" aria-hidden=\"true\" class=\"wp-block-spacer\"><\/div>\n\n\n\n<figure class=\"wp-block-table is-style-stripes has-small-font-size\"><table class=\"has-fixed-layout\"><tbody><tr><td><strong>Aufl\u00f6sung:<\/strong><\/td><td>24,2 MP \/ 4K (30p)<\/td><\/tr><tr><td><strong>Vollformat:<\/strong><\/td><td>Ja<\/td><\/tr><tr><td><strong>Objektivanschluss:<\/strong><\/td><td>E-Mount<\/td><\/tr><tr><td><strong>Geh\u00e4usedeckel:<\/strong><\/td><td>ALC-B1EM<\/td><\/tr><tr><td><strong>Akku: <\/strong><\/td><td>NP-FZ100<\/td><\/tr><tr><td><strong>Batteriegriff: <\/strong><\/td><td>&#8211;<\/td><\/tr><tr><td><strong>Speicherkarte:<\/strong><\/td><td>SD\/HC\/XC (UHS-I, UHS-II), microSD<\/td><\/tr><tr><td><strong>Gewicht:<\/strong><\/td><td>ca. 650 g (Mit Akku und Speicherkarte)<\/td><\/tr><tr><td><strong>Erscheinungsjahr:<\/strong><\/td><td>2018<\/td><\/tr><\/tbody><\/table><\/figure>\n<\/div>\n\n\n\n<div class=\"wp-block-uagb-container uagb-block-5be255c9\">\n<p>Die Sony Alpha 7 III ist die dritte Auflage der beliebten Basisvariante der 7er Reihe von Sony. Sie ist ein guter Allrounder \u2013 sowohl f\u00fcr Video als auch Fotos. Der Vollformat-Sensor erlaubt Fotos mit 24,2 Megapixel und eine Videoaufnahme in 4K bei 30 Bildern pro Sekunde.<\/p>\n\n\n<a  data-aawp-product-asin=\"B07B4R8QGM\" data-aawp-product-id=\"246883\" data-aawp-tracking-id=\"edraegerpho06-21\" data-aawp-product-title=\"Sony Alpha 7 III Spiegellose Vollformat-Kamera mit 28-70 mm f\/3.5-5.6  Schneller 0,02s AF optische 5-Achsen-Bildstabilisierung\" class=\"aawp-button aawp-button--buy rounded aawp-button--icon aawp-button--icon-amazon-black\" href=\"https:\/\/www.amazon.de\/dp\/B07B4R8QGM?tag=edraegerpho06-21&#038;linkCode=ogi&#038;th=1&#038;psc=1\" title=\"Bei Amazon ansehen\" target=\"_blank\" rel=\"nofollow noopener sponsored\">Bei Amazon ansehen<\/a>\n\n\n\n<p class=\"has-text-align-right has-small-font-size\"><em><a href=\"#provisionshinweis\">Provisionshinweis<\/a><\/em><\/p>\n<\/div>\n<\/div><\/div>\n\n\n\n<section class=\"wp-block-uagb-section uagb-section__wrap uagb-section__background-color uagb-block-07d80356\"><div class=\"uagb-section__overlay\"><\/div><div class=\"uagb-section__inner-wrap\">\n<p><strong>Tipp:<\/strong> Hier findest du alles zum Thema <a href=\"https:\/\/erikdraeger.com\/ratgeber\/category\/sony\/sony-zubehoer\/\">Sony-Zubeh\u00f6r<\/a>.<\/p>\n<\/div><\/section>\n\n\n\n<pre class=\"wp-block-preformatted\">Die folgende Auswahl zeigt Produkte, welche sich anhand Erfahrungsberichte, verifizierte K\u00e4ufe und Kundenbewertung auszeichnen.<\/pre>\n\n\n\n<div style=\"height:30px\" aria-hidden=\"true\" class=\"wp-block-spacer\"><\/div>\n\n\n\n<h2 class=\"wp-block-heading\">Objektive f\u00fcr Sony a7 III<\/h2>\n\n\n\n<p>Die Alpha 7 ist Teil der E-Mount-Bajonett Familie und nutzt entsprechend die Objektive mit dem E-Mount Anschluss. Darin fallen vor allem die Objektive von Sony mit der Bezeichnung \u201aSEL\u2018 im Namen. Als Vollformat-Kamera ist die a7 III vor allem auf die Nutzung von Vollformat-Objektiven optimiert. Prinzipiell kann sie aber auch die APS-C-Objektive f\u00fcr die Crop-Kameras nutzen. Hier muss der Crop-Faktor von 1,6 facher Brennweite mit ber\u00fccksichtigt werden.<\/p>\n\n\n\n<pre class=\"wp-block-preformatted\">Hier findest du eine Reihe <strong>passender und empfehlenswerter Objektive<\/strong> f\u00fcr die Alpha 7 III. <br><\/pre>\n\n\n\n<div style=\"height:30px\" aria-hidden=\"true\" class=\"wp-block-spacer\"><\/div>\n\n\n\n<p><strong>Normal-Objektiv:<\/strong><\/p>\n\n\n\n<div class=\"aawp\">\n\n            \n            \n<div class=\"aawp-product aawp-product--horizontal aawp-product--ribbon aawp-product--sale aawp-product--inline-info\"  data-aawp-product-asin=\"B06VTFTZ17\" data-aawp-product-id=\"245904\" data-aawp-tracking-id=\"edraegerpho06-21\" data-aawp-product-title=\"Sony SEL-85F18 Portr\u00e4t Objektiv  Festbrennweite 85 mm F1.8 Vollformat geeignet f\u00fcr A7 A6000 A5100 A5000 und Nex Serien E-Mount  schwarz SEL85F18.SYX\">\n\n    <span class=\"aawp-product__ribbon aawp-product__ribbon--sale\">Angebot<\/span>\n    <div class=\"aawp-product__thumb\">\n        <a class=\"aawp-product__image-link\"\n           href=\"https:\/\/www.amazon.de\/dp\/B06VTFTZ17?tag=edraegerpho06-21&linkCode=ogi&th=1&psc=1\" title=\"Sony SEL 85 F1.8\" rel=\"nofollow noopener sponsored\" target=\"_blank\">\n            <img decoding=\"async\" class=\"aawp-product__image\" src=\"https:\/\/erikdraeger.com\/ratgeber\/wp-content\/plugins\/aawp\/public\/image.php?url=YUhSMGNITTZMeTl0TG0xbFpHbGhMV0Z0WVhwdmJpNWpiMjB2YVcxaFoyVnpMMGt2TXpGWVFuRmtNRGd6YVV3dVgxTk1NVFl3WHk1cWNHYz18MTc3NzYwMTQ2MQ=\" alt=\"Sony SEL 85 F1.8\"  \/>\n        <\/a>\n\n            <\/div>\n\n    <div class=\"aawp-product__content\">\n        <a class=\"aawp-product__title\" href=\"https:\/\/www.amazon.de\/dp\/B06VTFTZ17?tag=edraegerpho06-21&linkCode=ogi&th=1&psc=1\" title=\"Sony SEL 85 F1.8\" rel=\"nofollow noopener sponsored\" target=\"_blank\">\n            Sony SEL 85 F1.8        <\/a>\n        <div class=\"aawp-product__description\">\n            <ul><li>Lichtstarkes Teleobjektiv<\/li><li>ED-Glas kompensiert Abbildungsfehler<\/li><li>Zirkul\u00e4re Blende mit neun Lamellen f\u00fcr wundersch\u00f6ne Unsch\u00e4rfe-Effekte, minimale Fokusentfernung 0,8 m<\/li><li>Linearer Motor f\u00fcr eine pr\u00e4zise, ruhige Fokussierung<\/li><li>Lieferumfang : SEL-85F18, Kappe: ALC-SH150, vordere Objektivkappe: ALC-F67S, hintere Objektivkappe: ALC-R1EM<\/li><\/ul>        <\/div>\n    <\/div>\n\n    <div class=\"aawp-product__footer\">\n\n        <div class=\"aawp-product__pricing\">\n                                                        \n            \n            <img loading=\"lazy\" decoding=\"async\" src=\"https:\/\/erikdraeger.com\/ratgeber\/wp-content\/plugins\/aawp\/assets\/img\/icon-check-prime.svg\" height=\"16\" width=\"55\" alt=\"Amazon Prime\" \/>        <\/div>\n\n                <a class=\"aawp-button aawp-button--buy rounded aawp-button--icon aawp-button--icon-amazon-black\" href=\"https:\/\/www.amazon.de\/dp\/B06VTFTZ17?tag=edraegerpho06-21&#038;linkCode=ogi&#038;th=1&#038;psc=1\" title=\"Bei Amazon ansehen\" target=\"_blank\" rel=\"nofollow noopener sponsored\">Bei Amazon ansehen<\/a>\n                    <span class=\"aawp-product__info\"><a href=\"#provisionshinweis\">Provisionshinweis<\/a><\/span>\n            <\/div>\n\n<\/div>\n\n    \n<\/div>\n\n\n\n\n<p><strong>Weitwinkel-Objektiv:<\/strong><\/p>\n\n\n\n<div class=\"aawp\">\n\n            \n            \n<div class=\"aawp-product aawp-product--horizontal aawp-product--inline-info\"  data-aawp-product-asin=\"B0854Y5YWH\" data-aawp-product-id=\"243840\" data-aawp-tracking-id=\"edraegerpho06-21\" data-aawp-product-title=\"Sony SEL-20F18G Vollformat E-Mount Objektiv  FE 20mm F1.8 Ultraweitwinkel leicht  schwarz\">\n\n    \n    <div class=\"aawp-product__thumb\">\n        <a class=\"aawp-product__image-link\"\n           href=\"https:\/\/www.amazon.de\/dp\/B0854Y5YWH?tag=edraegerpho06-21&linkCode=ogi&th=1&psc=1\" title=\"Sony SEL 20 F1.8 G\" rel=\"nofollow noopener sponsored\" target=\"_blank\">\n            <img decoding=\"async\" class=\"aawp-product__image\" src=\"https:\/\/erikdraeger.com\/ratgeber\/wp-content\/plugins\/aawp\/public\/image.php?url=YUhSMGNITTZMeTl0TG0xbFpHbGhMV0Z0WVhwdmJpNWpiMjB2YVcxaFoyVnpMMGt2TkRGalJ6ZEtWa0ZQWkV3dVgxTk1NVFl3WHk1cWNHYz18MTc3NzYwMTQ2MQ=\" alt=\"Sony SEL 20 F1.8 G\"  \/>\n        <\/a>\n\n            <\/div>\n\n    <div class=\"aawp-product__content\">\n        <a class=\"aawp-product__title\" href=\"https:\/\/www.amazon.de\/dp\/B0854Y5YWH?tag=edraegerpho06-21&linkCode=ogi&th=1&psc=1\" title=\"Sony SEL 20 F1.8 G\" rel=\"nofollow noopener sponsored\" target=\"_blank\">\n            Sony SEL 20 F1.8 G        <\/a>\n        <div class=\"aawp-product__description\">\n            Das SEL 20 mm Objektiv mit 1.8er Blende ist eine beliebte Wahl als Festbrennweite mit Weitwinkel. So zeichnet sich das Objektiv durch seine richtig tolle Abbildungsqualit\u00e4t, der extrem hohen Sch\u00e4rfe und nat\u00fcrlich ihrer Lichtst\u00e4rke aus. Das Kunstoffgeh\u00e4use ist dabei gut verarbeitet und vor allem gegen Staub und Feuchtigkeit gesch\u00fctzt.         <\/div>\n    <\/div>\n\n    <div class=\"aawp-product__footer\">\n\n        <div class=\"aawp-product__pricing\">\n            \n            \n            <img loading=\"lazy\" decoding=\"async\" src=\"https:\/\/erikdraeger.com\/ratgeber\/wp-content\/plugins\/aawp\/assets\/img\/icon-check-prime.svg\" height=\"16\" width=\"55\" alt=\"Amazon Prime\" \/>        <\/div>\n\n                <a class=\"aawp-button aawp-button--buy rounded aawp-button--icon aawp-button--icon-amazon-black\" href=\"https:\/\/www.amazon.de\/dp\/B0854Y5YWH?tag=edraegerpho06-21&#038;linkCode=ogi&#038;th=1&#038;psc=1\" title=\"Bei Amazon ansehen\" target=\"_blank\" rel=\"nofollow noopener sponsored\">Bei Amazon ansehen<\/a>\n                    <span class=\"aawp-product__info\"><a href=\"#provisionshinweis\">Provisionshinweis<\/a><\/span>\n            <\/div>\n\n<\/div>\n\n    \n<\/div>\n\n\n\n\n<p><strong>Telezoom-Objektiv:<\/strong><\/p>\n\n\n\n<div class=\"aawp\">\n\n            \n            \n<div class=\"aawp-product aawp-product--horizontal aawp-product--inline-info\"  data-aawp-product-asin=\"B08KFMFHDD\" data-aawp-product-id=\"246519\" data-aawp-tracking-id=\"edraegerpho06-21\" data-aawp-product-title=\"Tamron 70-300mm A047SF F\/4.5-6.3 Di III RXD - Objektiv f\u00fcr Sony E-Mount\">\n\n    \n    <div class=\"aawp-product__thumb\">\n        <a class=\"aawp-product__image-link\"\n           href=\"https:\/\/www.amazon.de\/dp\/B08KFMFHDD?tag=edraegerpho06-21&linkCode=ogi&th=1&psc=1\" title=\"Tamron 70-300 4.5-6.3 di III RXD\" rel=\"nofollow noopener sponsored\" target=\"_blank\">\n            <img decoding=\"async\" class=\"aawp-product__image\" src=\"https:\/\/erikdraeger.com\/ratgeber\/wp-content\/plugins\/aawp\/public\/image.php?url=YUhSMGNITTZMeTl0TG0xbFpHbGhMV0Z0WVhwdmJpNWpiMjB2YVcxaFoyVnpMMGt2TXpGM05FeGxTMVYyWjB3dVgxTk1NVFl3WHk1cWNHYz18MTc3NzYwMTQ2MQ=\" alt=\"Tamron 70-300 4.5-6.3 di III RXD\"  \/>\n        <\/a>\n\n            <\/div>\n\n    <div class=\"aawp-product__content\">\n        <a class=\"aawp-product__title\" href=\"https:\/\/www.amazon.de\/dp\/B08KFMFHDD?tag=edraegerpho06-21&linkCode=ogi&th=1&psc=1\" title=\"Tamron 70-300 4.5-6.3 di III RXD\" rel=\"nofollow noopener sponsored\" target=\"_blank\">\n            Tamron 70-300 4.5-6.3 di III RXD        <\/a>\n        <div class=\"aawp-product__description\">\n            Das Tamron 70-300mm Telezoom-Objektiv f\u00fcr Sony E-Mount Kameras ist eine beliebte und konsteng\u00fcnstigere Alternative zum 70-300er Objektiv von Sony. So ist die Linse mit 545 g auch verh\u00e4ltnism\u00e4\u00dfig leicht. Bei einer maximalen Blenden\u00f6ffnung von 4,5-6,3 je nach Brennweite, ist eine solide Lichst\u00e4rke bei dem Tamron vorhanden. Generell gilt die Abbildungsleistung des Objektivs als gut erachtet.        <\/div>\n    <\/div>\n\n    <div class=\"aawp-product__footer\">\n\n        <div class=\"aawp-product__pricing\">\n            \n            \n                    <\/div>\n\n                <a class=\"aawp-button aawp-button--buy rounded aawp-button--icon aawp-button--icon-amazon-black\" href=\"https:\/\/www.amazon.de\/dp\/B08KFMFHDD?tag=edraegerpho06-21&#038;linkCode=ogi&#038;th=1&#038;psc=1\" title=\"Bei Amazon ansehen\" target=\"_blank\" rel=\"nofollow noopener sponsored\">Bei Amazon ansehen<\/a>\n                    <span class=\"aawp-product__info\"><a href=\"#provisionshinweis\">Provisionshinweis<\/a><\/span>\n            <\/div>\n\n<\/div>\n\n    \n<\/div>\n\n\n\n\n<p><strong>Weitere interessante Objektive:<\/strong><\/p>\n\n\n\n<div class=\"aawp\">\n\n    <table class=\"aawp-table\">\n        <thead>\n            <tr>\n                                <th class=\"aawp-table__th-thumb\">Vorschau<\/th>\n                <th class=\"aawp-table__th-title\">Produkt<\/th>\n                                                <th class=\"aawp-table__th-links\"><\/th>\n            <\/tr>\n        <\/thead>\n        <tbody>\n                    \n            <tr class=\"aawp-product aawp-product--inline-info\"  data-aawp-product-asin=\"B076VNDS8F\" data-aawp-product-id=\"246506\" data-aawp-tracking-id=\"edraegerpho06-21\" data-aawp-product-title=\"Sony SEL24105G 24-105 Mm F4 G OSS Standard Zoom Lens For Full Frame &amp; APS-C Constant Aperture Image Stabilizer E-Mount Ideal For Everyday &amp; Travel Compatible With A7 Series ZV-E10 A6400 Black\">\n                                <td class=\"aawp-table__td-thumb\" data-label=\"Vorschau\">\n                    <a href=\"https:\/\/www.amazon.de\/dp\/B076VNDS8F?tag=edraegerpho06-21&linkCode=ogi&th=1&psc=1\" title=\"Sony SEL24105G 24-105 Mm F4 G OSS Standard Zoom Lens For Full Frame & APS-C, Constant Aperture...\" rel=\"nofollow noopener sponsored\" target=\"_blank\">\n                        <img decoding=\"async\" class=\"aawp-product__img\" src=\"https:\/\/erikdraeger.com\/ratgeber\/wp-content\/plugins\/aawp\/public\/image.php?url=YUhSMGNITTZMeTl0TG0xbFpHbGhMV0Z0WVhwdmJpNWpiMjB2YVcxaFoyVnpMMGt2TkRGV1pqUndSVTFxUjB3dVgxTk1NVFl3WHk1cWNHYz18MTc3NzYwMTQ2MQ=\" alt=\"Sony SEL24105G 24-105 Mm F4 G OSS Standard Zoom Lens For Full Frame & APS-C, Constant Aperture...\"  \/>\n                    <\/a>\n                <\/td>\n                <td class=\"aawp-table__td-title\" data-label=\"Produkt\">\n                    <a class=\"aawp-product__title\" href=\"https:\/\/www.amazon.de\/dp\/B076VNDS8F?tag=edraegerpho06-21&linkCode=ogi&th=1&psc=1\" title=\"Sony SEL24105G 24-105 Mm F4 G OSS Standard Zoom Lens For Full Frame & APS-C, Constant Aperture...\"\n                       rel=\"nofollow noopener sponsored\" target=\"_blank\">Sony SEL24105G 24-105 Mm F4 G OSS Standard Zoom Lens For Full Frame & APS-C, Constant Aperture...                    <\/a>\n                <\/td>\n                                                <td class=\"aawp-table__td-links\" data-label=\"Link\">\n                                    <\/td>\n            <\/tr>\n\n                    \n            <tr class=\"aawp-product aawp-product--inline-info\"  data-aawp-product-asin=\"B00FYRLSIC\" data-aawp-product-id=\"246582\" data-aawp-tracking-id=\"edraegerpho06-21\" data-aawp-product-title=\"Sony SEL2470Z T FE 24-70mm F4 ZA OSS \u2013 Premium Standard-Zoomobjektiv  E-Mount Vollformat Zeiss-Optik optische Bildstabilisierung kompatibel mit Sony A7-Serie &amp; ZV-E1 A6000-Serie &amp; ZV-E10\">\n                                <td class=\"aawp-table__td-thumb\" data-label=\"Vorschau\">\n                    <a href=\"https:\/\/www.amazon.de\/dp\/B00FYRLSIC?tag=edraegerpho06-21&linkCode=ogi&th=1&psc=1\" title=\"Sony SEL2470Z T FE 24-70mm F4 ZA OSS \u2013 Premium Standard-Zoomobjektiv (E-Mount, Vollformat...\" rel=\"nofollow noopener sponsored\" target=\"_blank\">\n                        <img decoding=\"async\" class=\"aawp-product__img\" src=\"https:\/\/erikdraeger.com\/ratgeber\/wp-content\/plugins\/aawp\/public\/image.php?url=YUhSMGNITTZMeTl0TG0xbFpHbGhMV0Z0WVhwdmJpNWpiMjB2YVcxaFoyVnpMMGt2TkRGU09XbzFla1ZFWWt3dVgxTk1NVFl3WHk1cWNHYz18MTc3NzYwMTQ2MQ=\" alt=\"Sony SEL2470Z T FE 24-70mm F4 ZA OSS \u2013 Premium Standard-Zoomobjektiv (E-Mount, Vollformat...\"  \/>\n                    <\/a>\n                <\/td>\n                <td class=\"aawp-table__td-title\" data-label=\"Produkt\">\n                    <a class=\"aawp-product__title\" href=\"https:\/\/www.amazon.de\/dp\/B00FYRLSIC?tag=edraegerpho06-21&linkCode=ogi&th=1&psc=1\" title=\"Sony SEL2470Z T FE 24-70mm F4 ZA OSS \u2013 Premium Standard-Zoomobjektiv (E-Mount, Vollformat...\"\n                       rel=\"nofollow noopener sponsored\" target=\"_blank\">Sony SEL2470Z T FE 24-70mm F4 ZA OSS \u2013 Premium Standard-Zoomobjektiv (E-Mount, Vollformat...                    <\/a>\n                <\/td>\n                                                <td class=\"aawp-table__td-links\" data-label=\"Link\">\n                                    <\/td>\n            <\/tr>\n\n                    \n            <tr class=\"aawp-product aawp-product--inline-info\"  data-aawp-product-asin=\"B01DLMD5O6\" data-aawp-product-id=\"246558\" data-aawp-tracking-id=\"edraegerpho06-21\" data-aawp-product-title=\"Sony SEL-50F18F 50mm f\/1.8 Festbrennweite f\u00fcr Sony E-Mount  APS-C und Vollformat lichtstark leiser Autofokus ideal f\u00fcr Portr\u00e4ts kompatibel mit Sony A7-Serie &amp; ZV-E1 A6000-Serie &amp; ZV-E10\">\n                                <td class=\"aawp-table__td-thumb\" data-label=\"Vorschau\">\n                    <a href=\"https:\/\/www.amazon.de\/dp\/B01DLMD5O6?tag=edraegerpho06-21&linkCode=ogi&th=1&psc=1\" title=\"Sony SEL-50F18F 50mm f\/1.8 Festbrennweite f\u00fcr Sony E-Mount (APS-C und Vollformat, lichtstark...\" rel=\"nofollow noopener sponsored\" target=\"_blank\">\n                        <img decoding=\"async\" class=\"aawp-product__img\" src=\"https:\/\/erikdraeger.com\/ratgeber\/wp-content\/plugins\/aawp\/public\/image.php?url=YUhSMGNITTZMeTl0TG0xbFpHbGhMV0Z0WVhwdmJpNWpiMjB2YVcxaFoyVnpMMGt2TXpGV1pXTmpiM2MzV0V3dVgxTk1NVFl3WHk1cWNHYz18MTc3NzYwMTQ2MQ=\" alt=\"Sony SEL-50F18F 50mm f\/1.8 Festbrennweite f\u00fcr Sony E-Mount (APS-C und Vollformat, lichtstark...\"  \/>\n                    <\/a>\n                <\/td>\n                <td class=\"aawp-table__td-title\" data-label=\"Produkt\">\n                    <a class=\"aawp-product__title\" href=\"https:\/\/www.amazon.de\/dp\/B01DLMD5O6?tag=edraegerpho06-21&linkCode=ogi&th=1&psc=1\" title=\"Sony SEL-50F18F 50mm f\/1.8 Festbrennweite f\u00fcr Sony E-Mount (APS-C und Vollformat, lichtstark...\"\n                       rel=\"nofollow noopener sponsored\" target=\"_blank\">Sony SEL-50F18F 50mm f\/1.8 Festbrennweite f\u00fcr Sony E-Mount (APS-C und Vollformat, lichtstark...                    <\/a>\n                <\/td>\n                                                <td class=\"aawp-table__td-links\" data-label=\"Link\">\n                                    <\/td>\n            <\/tr>\n\n                    \n            <tr class=\"aawp-product aawp-product--ribbon aawp-product--sale aawp-product--inline-info\"  data-aawp-product-asin=\"B07V8X4KGG\" data-aawp-product-id=\"245645\" data-aawp-tracking-id=\"edraegerpho06-21\" data-aawp-product-title=\"Sony SEL35F18F \u2013 FE 35mm F1.8 Weitwinkel Festbrennweiten-Objektiv f\u00fcr Vollformat  APS-C E-Mount kompakt &amp; lichtstark Kompatibel mit Sony Alpha A7-Serie A6000-Serie ZV-E1 ZV-E10\">\n                                <td class=\"aawp-table__td-thumb\" data-label=\"Vorschau\">\n                    <a href=\"https:\/\/www.amazon.de\/dp\/B07V8X4KGG?tag=edraegerpho06-21&linkCode=ogi&th=1&psc=1\" title=\"Sony SEL35F18F \u2013 FE 35mm F1.8 Weitwinkel Festbrennweiten-Objektiv f\u00fcr Vollformat (APS-C, E-Mount...\" rel=\"nofollow noopener sponsored\" target=\"_blank\">\n                        <img decoding=\"async\" class=\"aawp-product__img\" src=\"https:\/\/erikdraeger.com\/ratgeber\/wp-content\/plugins\/aawp\/public\/image.php?url=YUhSMGNITTZMeTl0TG0xbFpHbGhMV0Z0WVhwdmJpNWpiMjB2YVcxaFoyVnpMMGt2TXpGT1RuaG9SRkV4VFV3dVgxTk1NVFl3WHk1cWNHYz18MTc3NzYwMTQ2MQ=\" alt=\"Sony SEL35F18F \u2013 FE 35mm F1.8 Weitwinkel Festbrennweiten-Objektiv f\u00fcr Vollformat (APS-C, E-Mount...\"  \/>\n                    <\/a>\n                <\/td>\n                <td class=\"aawp-table__td-title\" data-label=\"Produkt\">\n                    <a class=\"aawp-product__title\" href=\"https:\/\/www.amazon.de\/dp\/B07V8X4KGG?tag=edraegerpho06-21&linkCode=ogi&th=1&psc=1\" title=\"Sony SEL35F18F \u2013 FE 35mm F1.8 Weitwinkel Festbrennweiten-Objektiv f\u00fcr Vollformat (APS-C, E-Mount...\"\n                       rel=\"nofollow noopener sponsored\" target=\"_blank\">Sony SEL35F18F \u2013 FE 35mm F1.8 Weitwinkel Festbrennweiten-Objektiv f\u00fcr Vollformat (APS-C...                    <\/a>\n                <\/td>\n                                                <td class=\"aawp-table__td-links\" data-label=\"Link\">\n                                    <\/td>\n            <\/tr>\n\n                    \n            <tr class=\"aawp-product aawp-product--inline-info\"  data-aawp-product-asin=\"B01DLMD7DK\" data-aawp-product-id=\"244381\" data-aawp-tracking-id=\"edraegerpho06-21\" data-aawp-product-title=\"Sony SEL-70300G G Tele-Zoom Objektiv  70-300 mm F4.5-5.6 OSS Vollformat geeignet f\u00fcr A7 A6000 A5100 A5000 und Nex Serien E-Mount  schwarz\">\n                                <td class=\"aawp-table__td-thumb\" data-label=\"Vorschau\">\n                    <a href=\"https:\/\/www.amazon.de\/dp\/B01DLMD7DK?tag=edraegerpho06-21&linkCode=ogi&th=1&psc=1\" title=\"Sony SEL-70300G G Tele-Zoom Objektiv (70-300 mm, F4.5-5.6, OSS, Vollformat, geeignet f\u00fcr A7, A...\" rel=\"nofollow noopener sponsored\" target=\"_blank\">\n                        <img decoding=\"async\" class=\"aawp-product__img\" src=\"https:\/\/erikdraeger.com\/ratgeber\/wp-content\/plugins\/aawp\/public\/image.php?url=YUhSMGNITTZMeTl0TG0xbFpHbGhMV0Z0WVhwdmJpNWpiMjB2YVcxaFoyVnpMMGt2TXpGc1FVdzRjREZ0U1V3dVgxTk1NVFl3WHk1cWNHYz18MTc3NzYwMTQ2MQ=\" alt=\"Sony SEL-70300G G Tele-Zoom Objektiv (70-300 mm, F4.5-5.6, OSS, Vollformat, geeignet f\u00fcr A7, A...\"  \/>\n                    <\/a>\n                <\/td>\n                <td class=\"aawp-table__td-title\" data-label=\"Produkt\">\n                    <a class=\"aawp-product__title\" href=\"https:\/\/www.amazon.de\/dp\/B01DLMD7DK?tag=edraegerpho06-21&linkCode=ogi&th=1&psc=1\" title=\"Sony SEL-70300G G Tele-Zoom Objektiv (70-300 mm, F4.5-5.6, OSS, Vollformat, geeignet f\u00fcr A7, A...\"\n                       rel=\"nofollow noopener sponsored\" target=\"_blank\">Sony SEL-70300G G Tele-Zoom Objektiv (70-300 mm, F4.5-5.6, OSS, Vollformat, geeignet f\u00fcr A7, A...                    <\/a>\n                <\/td>\n                                                <td class=\"aawp-table__td-links\" data-label=\"Link\">\n                                    <\/td>\n            <\/tr>\n\n                    \n            <tr class=\"aawp-product aawp-product--inline-info\"  data-aawp-product-asin=\"B07T26V9ZN\" data-aawp-product-id=\"244237\" data-aawp-tracking-id=\"edraegerpho06-21\" data-aawp-product-title=\"Sony SEL200600G \u2013 200-600mm F5.6-6.3 G Telezoom f\u00fcr Vollformat &amp; APS-C  gro\u00dfe Reichweite E-Mount ideal f\u00fcr Sport &amp; Wildlife kompatibel mit A7-Serie ZV-E10 A6400 A6700\">\n                                <td class=\"aawp-table__td-thumb\" data-label=\"Vorschau\">\n                    <a href=\"https:\/\/www.amazon.de\/dp\/B07T26V9ZN?tag=edraegerpho06-21&linkCode=ogi&th=1&psc=1\" title=\"Sony SEL200600G \u2013 200-600mm F5.6-6.3 G Telezoom f\u00fcr Vollformat & APS-C (gro\u00dfe Reichweite...\" rel=\"nofollow noopener sponsored\" target=\"_blank\">\n                        <img decoding=\"async\" class=\"aawp-product__img\" src=\"https:\/\/erikdraeger.com\/ratgeber\/wp-content\/plugins\/aawp\/public\/image.php?url=YUhSMGNITTZMeTl0TG0xbFpHbGhMV0Z0WVhwdmJpNWpiMjB2YVcxaFoyVnpMMGt2TXpGMEswZE5lWGRYUlV3dVgxTk1NVFl3WHk1cWNHYz18MTc3NzYwMTQ2MQ=\" alt=\"Sony SEL200600G \u2013 200-600mm F5.6-6.3 G Telezoom f\u00fcr Vollformat & APS-C (gro\u00dfe Reichweite...\"  \/>\n                    <\/a>\n                <\/td>\n                <td class=\"aawp-table__td-title\" data-label=\"Produkt\">\n                    <a class=\"aawp-product__title\" href=\"https:\/\/www.amazon.de\/dp\/B07T26V9ZN?tag=edraegerpho06-21&linkCode=ogi&th=1&psc=1\" title=\"Sony SEL200600G \u2013 200-600mm F5.6-6.3 G Telezoom f\u00fcr Vollformat & APS-C (gro\u00dfe Reichweite...\"\n                       rel=\"nofollow noopener sponsored\" target=\"_blank\">Sony SEL200600G \u2013 200-600mm F5.6-6.3 G Telezoom f\u00fcr Vollformat & APS-C (gro\u00dfe Reichweite...                    <\/a>\n                <\/td>\n                                                <td class=\"aawp-table__td-links\" data-label=\"Link\">\n                                    <\/td>\n            <\/tr>\n\n                <\/tbody>\n    <\/table>\n\n<\/div>\n\n\n\n\n<div style=\"height:30px\" aria-hidden=\"true\" class=\"wp-block-spacer\"><\/div>\n\n\n\n<h2 class=\"wp-block-heading\">Akku &amp; Akkuladeger\u00e4t<\/h2>\n\n\n\n<p>Zur Stromversorgung der Kamera wird einer der Li-Ion Akkus von Sony genutzt. F\u00fcr die a7 III kompatibel ist der <strong>Akku mit der Bezeichnung NP-FZ100<\/strong> von Sony. Neben dem originalen Hersteller-Akkus findest du auch Varianten des NP-FZ100 <strong>von Drittherstellern<\/strong>. Dazu geh\u00f6ren die Varianten von beispielsweise von Patona, NEEWER oder Enegon. Dort werden die Akkus zum Teil auch im Rahmen eines <strong>Bundles<\/strong> mit 1-2 Akkus sowie dem passenden Ladeger\u00e4t angeboten.<\/p>\n\n\n\n<pre class=\"wp-block-preformatted\">Dies ist der <strong>Akku<\/strong> und das passende Ladeger\u00e4t f\u00fcr die Kamera. Dazu findest du auch passende Varianten sowie Bundles von Drittanbietern.<\/pre>\n\n\n\n<div class=\"aawp\">\n\n            \n            \n<div class=\"aawp-product aawp-product--horizontal aawp-product--ribbon aawp-product--sale aawp-product--inline-info\"  data-aawp-product-asin=\"B071NHTQMJ\" data-aawp-product-id=\"243685\" data-aawp-tracking-id=\"edraegerpho06-21\" data-aawp-product-title=\"Sony NP-FZ100 battery \u2014 original lithium-ion battery for Alpha 7 series  e.g A7 III A7 IV  A6700 ZVE10M2 and FX series \u2014 High capacity long run time fast charging\">\n\n    <span class=\"aawp-product__ribbon aawp-product__ribbon--sale\">Angebot<\/span>\n    <div class=\"aawp-product__thumb\">\n        <a class=\"aawp-product__image-link\"\n           href=\"https:\/\/www.amazon.de\/dp\/B071NHTQMJ?tag=edraegerpho06-21&linkCode=ogi&th=1&psc=1\" title=\"Sony NP-FZ100 CE Akku\" rel=\"nofollow noopener sponsored\" target=\"_blank\">\n            <img decoding=\"async\" class=\"aawp-product__image\" src=\"https:\/\/erikdraeger.com\/ratgeber\/wp-content\/plugins\/aawp\/public\/image.php?url=YUhSMGNITTZMeTl0TG0xbFpHbGhMV0Z0WVhwdmJpNWpiMjB2YVcxaFoyVnpMMGt2TWpGS2RrMDRkekpMUlV3dVgxTk1NVFl3WHk1cWNHYz18MTc3NzYwMTQ2MQ=\" alt=\"Sony NP-FZ100 CE Akku\"  \/>\n        <\/a>\n\n            <\/div>\n\n    <div class=\"aawp-product__content\">\n        <a class=\"aawp-product__title\" href=\"https:\/\/www.amazon.de\/dp\/B071NHTQMJ?tag=edraegerpho06-21&linkCode=ogi&th=1&psc=1\" title=\"Sony NP-FZ100 CE Akku\" rel=\"nofollow noopener sponsored\" target=\"_blank\">\n            Sony NP-FZ100 CE Akku        <\/a>\n        <div class=\"aawp-product__description\">\n            Der NP-FZ100 ist der originale Akku von Sony. Er ist speziell f\u00fcr die Kameras von Sony entwickelt und ist kompatibel mit der Alpha 9 sowie einigen Modellen der 7M, 7RM Serie aber auch einigen neueren Modellen der 6000er Serie.         <\/div>\n    <\/div>\n\n    <div class=\"aawp-product__footer\">\n\n        <div class=\"aawp-product__pricing\">\n                                                        \n            \n            <img loading=\"lazy\" decoding=\"async\" src=\"https:\/\/erikdraeger.com\/ratgeber\/wp-content\/plugins\/aawp\/assets\/img\/icon-check-prime.svg\" height=\"16\" width=\"55\" alt=\"Amazon Prime\" \/>        <\/div>\n\n                <a class=\"aawp-button aawp-button--buy rounded aawp-button--icon aawp-button--icon-amazon-black\" href=\"https:\/\/www.amazon.de\/dp\/B071NHTQMJ?tag=edraegerpho06-21&#038;linkCode=ogi&#038;th=1&#038;psc=1\" title=\"Bei Amazon ansehen\" target=\"_blank\" rel=\"nofollow noopener sponsored\">Bei Amazon ansehen<\/a>\n                    <span class=\"aawp-product__info\"><a href=\"#provisionshinweis\">Provisionshinweis<\/a><\/span>\n            <\/div>\n\n<\/div>\n\n    \n<\/div>\n\n\n\n\n<div class=\"aawp\">\n\n            \n            \n<div class=\"aawp-product aawp-product--horizontal aawp-product--ribbon aawp-product--sale aawp-product--inline-info\"  data-aawp-product-asin=\"B071HLW46F\" data-aawp-product-id=\"243686\" data-aawp-tracking-id=\"edraegerpho06-21\" data-aawp-product-title=\"Sony BC-QZ1  Schnellladeger\u00e4t f\u00fcr NP-FZ100 Akkus  Schwarz\">\n\n    <span class=\"aawp-product__ribbon aawp-product__ribbon--sale\">Angebot<\/span>\n    <div class=\"aawp-product__thumb\">\n        <a class=\"aawp-product__image-link\"\n           href=\"https:\/\/www.amazon.de\/dp\/B071HLW46F?tag=edraegerpho06-21&linkCode=ogi&th=1&psc=1\" title=\"Sony BC-QZ1 Ladeger\u00e4t\" rel=\"nofollow noopener sponsored\" target=\"_blank\">\n            <img decoding=\"async\" class=\"aawp-product__image\" src=\"https:\/\/erikdraeger.com\/ratgeber\/wp-content\/plugins\/aawp\/public\/image.php?url=YUhSMGNITTZMeTl0TG0xbFpHbGhMV0Z0WVhwdmJpNWpiMjB2YVcxaFoyVnpMMGt2TXpGa1QyaGlXa3RYVmxNdVgxTk1NVFl3WHk1cWNHYz18MTc3NzYwMTQ2MQ=\" alt=\"Sony BC-QZ1 Ladeger\u00e4t\"  \/>\n        <\/a>\n\n            <\/div>\n\n    <div class=\"aawp-product__content\">\n        <a class=\"aawp-product__title\" href=\"https:\/\/www.amazon.de\/dp\/B071HLW46F?tag=edraegerpho06-21&linkCode=ogi&th=1&psc=1\" title=\"Sony BC-QZ1 Ladeger\u00e4t\" rel=\"nofollow noopener sponsored\" target=\"_blank\">\n            Sony BC-QZ1 Ladeger\u00e4t        <\/a>\n        <div class=\"aawp-product__description\">\n            Das Sony BC-QZ1 ist ein Schnellladeger\u00e4t f\u00fcr NP-FZ100 Akkus. Es bietet eine schnelle Ladezeit von etwa 150 Minuten f\u00fcr einen Akku, was eine effiziente Stromversorgung f\u00fcr Ihre Kamera gew\u00e4hrleistet. Mit Abmessungen von ca. 70 x 33 x 95 mm und einem Gewicht von etwa 125 g ist das Ger\u00e4t recht kompakt und leicht.        <\/div>\n    <\/div>\n\n    <div class=\"aawp-product__footer\">\n\n        <div class=\"aawp-product__pricing\">\n                                                        \n            \n            <img loading=\"lazy\" decoding=\"async\" src=\"https:\/\/erikdraeger.com\/ratgeber\/wp-content\/plugins\/aawp\/assets\/img\/icon-check-prime.svg\" height=\"16\" width=\"55\" alt=\"Amazon Prime\" \/>        <\/div>\n\n                <a class=\"aawp-button aawp-button--buy rounded aawp-button--icon aawp-button--icon-amazon-black\" href=\"https:\/\/www.amazon.de\/dp\/B071HLW46F?tag=edraegerpho06-21&#038;linkCode=ogi&#038;th=1&#038;psc=1\" title=\"Bei Amazon ansehen\" target=\"_blank\" rel=\"nofollow noopener sponsored\">Bei Amazon ansehen<\/a>\n                    <span class=\"aawp-product__info\"><a href=\"#provisionshinweis\">Provisionshinweis<\/a><\/span>\n            <\/div>\n\n<\/div>\n\n    \n<\/div>\n\n\n\n\n<div class=\"aawp\">\n\n            \n            \n<div class=\"aawp-product aawp-product--horizontal aawp-product--ribbon aawp-product--sale aawp-product--inline-info\"  data-aawp-product-asin=\"B09KN15YVB\" data-aawp-product-id=\"246646\" data-aawp-tracking-id=\"edraegerpho06-21\" data-aawp-product-title=\"NEEWER Ersatzakku und Ladeger\u00e4t Set f\u00fcr NP-FZ100 kompatibel mit Sony A7IV A1 A9II A7SIII A7RIV A7III FX3 FX30 A9 A6700 ZV-E1 ZV-E10ii 2er Pack 2280mAh Akkus Dual USB Ladeger\u00e4t\">\n\n    <span class=\"aawp-product__ribbon aawp-product__ribbon--sale\">Angebot<\/span>\n    <div class=\"aawp-product__thumb\">\n        <a class=\"aawp-product__image-link\"\n           href=\"https:\/\/www.amazon.de\/dp\/B09KN15YVB?tag=edraegerpho06-21&linkCode=ogi&th=1&psc=1\" title=\"NEEWER NP-FZ100 2 Akkus und Ladeger\u00e4t\" rel=\"nofollow noopener sponsored\" target=\"_blank\">\n            <img decoding=\"async\" class=\"aawp-product__image\" src=\"https:\/\/erikdraeger.com\/ratgeber\/wp-content\/plugins\/aawp\/public\/image.php?url=YUhSMGNITTZMeTl0TG0xbFpHbGhMV0Z0WVhwdmJpNWpiMjB2YVcxaFoyVnpMMGt2TkRFNWFrRmpLMmRyVUV3dVgxTk1NVFl3WHk1cWNHYz18MTc3NzYwMTQ2MQ=\" alt=\"NEEWER NP-FZ100 2 Akkus und Ladeger\u00e4t\"  \/>\n        <\/a>\n\n            <\/div>\n\n    <div class=\"aawp-product__content\">\n        <a class=\"aawp-product__title\" href=\"https:\/\/www.amazon.de\/dp\/B09KN15YVB?tag=edraegerpho06-21&linkCode=ogi&th=1&psc=1\" title=\"NEEWER NP-FZ100 2 Akkus und Ladeger\u00e4t\" rel=\"nofollow noopener sponsored\" target=\"_blank\">\n            NEEWER NP-FZ100 2 Akkus und Ladeger\u00e4t        <\/a>\n        <div class=\"aawp-product__description\">\n            Das NEEWER NP-FZ100 Ersatz-Akku-Ladeger\u00e4t-Set ist ideal f\u00fcr Outdoor-Fotografen. Es enth\u00e4lt zwei wiederaufladbare Akkus mit 2280 mAh, die mit Sony-Kameras wie der A7 IV, a1, a9 II, a9, a7S III, a7R IV, a7R III, a7C und a6600 sowie weiteren kompatibel sind. Dual-USB-Ladeger\u00e4t kann zwei Akkus gleichzeitig aufladen und ist mit einem informativen LCD-Bildschirm ausgestattet, der den Ladestatus anzeigt. Mit einem Eingang von 8,4 V\/1 A k\u00f6nnen die Akkus in wenigen Stunden vollst\u00e4ndig aufgeladen werden. Das Ladeger\u00e4t bietet Schutz vor \u00dcberhitzung, \u00dcberladung und Kurzschl\u00fcssen und ist leicht und kompakt, ideal f\u00fcr unterwegs. Das Set enth\u00e4lt auch ein USB-Typ-C-Kabel f\u00fcr den einfachen Anschluss an Wandsteckdosen, Powerbanks, Autoladeger\u00e4te und USB-Anschl\u00fcsse.        <\/div>\n    <\/div>\n\n    <div class=\"aawp-product__footer\">\n\n        <div class=\"aawp-product__pricing\">\n                                                        \n            \n                    <\/div>\n\n                <a class=\"aawp-button aawp-button--buy rounded aawp-button--icon aawp-button--icon-amazon-black\" href=\"https:\/\/www.amazon.de\/dp\/B09KN15YVB?tag=edraegerpho06-21&#038;linkCode=ogi&#038;th=1&#038;psc=1\" title=\"Bei Amazon ansehen\" target=\"_blank\" rel=\"nofollow noopener sponsored\">Bei Amazon ansehen<\/a>\n                    <span class=\"aawp-product__info\"><a href=\"#provisionshinweis\">Provisionshinweis<\/a><\/span>\n            <\/div>\n\n<\/div>\n\n    \n<\/div>\n\n\n\n\n<div style=\"height:30px\" aria-hidden=\"true\" class=\"wp-block-spacer\"><\/div>\n\n\n\n<h2 class=\"wp-block-heading\">Zubeh\u00f6rschuh<\/h2>\n\n\n\n<p>Mit an Bord ist der Multi-Interface-Zubeh\u00f6rschuh, der dir das Anbringen von weiteren Ger\u00e4ten erm\u00f6glicht. Dazu geh\u00f6ren neben Fernausl\u00f6sern und Mikrofone auch kompatible Aufsteckblitze, die mit dem MI-Zubeh\u00f6rschuh zusammenarbeiten. Das betrifft vor allem die <a href=\"https:\/\/erikdraeger.com\/ratgeber\/sony-blitz\/\">Blitze von Sony<\/a> selbst, aber auch weitere Blitze von Drittherstellern, welche zum Blitzschuh kompatibel sind.<\/p>\n\n\n\n<pre class=\"wp-block-preformatted\">Hier findest du einige nutzbare <strong>Aufsteckblitze<\/strong>, <strong>Fernausl\u00f6ser<\/strong> sowie <strong>Mikrofone<\/strong> f\u00fcr die dritte Generation der Sony a7.<\/pre>\n\n\n\n<div class=\"aawp\">\n\n            \n            \n<div class=\"aawp-product aawp-product--horizontal aawp-product--inline-info\"  data-aawp-product-asin=\"B08JB5P1R4\" data-aawp-product-id=\"243933\" data-aawp-tracking-id=\"edraegerpho06-21\" data-aawp-product-title=\"Sony HVL-F28RM externer Systemblitzger\u00e4t f\u00fcr f\u00fcr Multi-Interface-Zubeh\u00f6rschuh mit kabelloser Funksteuerung\">\n\n    \n    <div class=\"aawp-product__thumb\">\n        <a class=\"aawp-product__image-link\"\n           href=\"https:\/\/www.amazon.de\/dp\/B08JB5P1R4?tag=edraegerpho06-21&linkCode=ogi&th=1&psc=1\" title=\"Sony HVL-F28RM\" rel=\"nofollow noopener sponsored\" target=\"_blank\">\n            <img decoding=\"async\" class=\"aawp-product__image\" src=\"https:\/\/erikdraeger.com\/ratgeber\/wp-content\/plugins\/aawp\/public\/image.php?url=YUhSMGNITTZMeTl0TG0xbFpHbGhMV0Z0WVhwdmJpNWpiMjB2YVcxaFoyVnpMMGt2TXpGd1V6WktjVzU1YkV3dVgxTk1NVFl3WHk1cWNHYz18MTc3NzYwMTQ2MQ=\" alt=\"Sony HVL-F28RM\"  \/>\n        <\/a>\n\n            <\/div>\n\n    <div class=\"aawp-product__content\">\n        <a class=\"aawp-product__title\" href=\"https:\/\/www.amazon.de\/dp\/B08JB5P1R4?tag=edraegerpho06-21&linkCode=ogi&th=1&psc=1\" title=\"Sony HVL-F28RM\" rel=\"nofollow noopener sponsored\" target=\"_blank\">\n            Sony HVL-F28RM        <\/a>\n        <div class=\"aawp-product__description\">\n            F\u00fcr den Multi-Interface-Blitzschuh ist der HVL-FM28 Aufsteckblitz der zweitkompakteste Blitz aus den Reihen von Sony. Er bietet eine Leitzahl von 28 und damit eine ausreichende Helligkeit in den meisten Situationen. Mit seiner kabellosen Fernbedienfunktion erm\u00f6glicht er eine flexible Steuerung in bis zu 5 Gruppen und 14 Kan\u00e4len \u00fcber eine zuverl\u00e4ssige Funkverbindung. Die mitgelieferte staub- und spritzwassergesch\u00fctzte Schutzh\u00fclle f\u00fcr den Blitz gew\u00e4hrleistet eine sichere Nutzung unter verschiedenen Bedingungen, w\u00e4hrend der effektive \u00dcberhitzungsschutz die Zuverl\u00e4ssigkeit des Blitzes erh\u00f6ht.        <\/div>\n    <\/div>\n\n    <div class=\"aawp-product__footer\">\n\n        <div class=\"aawp-product__pricing\">\n            \n            \n                    <\/div>\n\n                <a class=\"aawp-button aawp-button--buy rounded aawp-button--icon aawp-button--icon-amazon-black\" href=\"https:\/\/www.amazon.de\/dp\/B08JB5P1R4?tag=edraegerpho06-21&#038;linkCode=ogi&#038;th=1&#038;psc=1\" title=\"Bei Amazon ansehen\" target=\"_blank\" rel=\"nofollow noopener sponsored\">Bei Amazon ansehen<\/a>\n                    <span class=\"aawp-product__info\"><a href=\"#provisionshinweis\">Provisionshinweis<\/a><\/span>\n            <\/div>\n\n<\/div>\n\n    \n<\/div>\n\n\n\n\n<div class=\"aawp\">\n\n            \n            \n<div class=\"aawp-product aawp-product--horizontal aawp-product--ribbon aawp-product--sale aawp-product--inline-info\"  data-aawp-product-asin=\"B07PLNHGT4\" data-aawp-product-id=\"243687\" data-aawp-tracking-id=\"edraegerpho06-21\" data-aawp-product-title=\"Sony RMT-P1BT Bluetooth Fernbedienung  passend f\u00fcr A6400 A7M3 A7RM3 RX100M7  schwarz\">\n\n    <span class=\"aawp-product__ribbon aawp-product__ribbon--sale\">Angebot<\/span>\n    <div class=\"aawp-product__thumb\">\n        <a class=\"aawp-product__image-link\"\n           href=\"https:\/\/www.amazon.de\/dp\/B07PLNHGT4?tag=edraegerpho06-21&linkCode=ogi&th=1&psc=1\" title=\"Sony RMT-P1BT Bluetooth Fernbedienung\" rel=\"nofollow noopener sponsored\" target=\"_blank\">\n            <img decoding=\"async\" class=\"aawp-product__image\" src=\"https:\/\/erikdraeger.com\/ratgeber\/wp-content\/plugins\/aawp\/public\/image.php?url=YUhSMGNITTZMeTl0TG0xbFpHbGhMV0Z0WVhwdmJpNWpiMjB2YVcxaFoyVnpMMGt2TXpGbk0ycFZWbWRRTTB3dVgxTk1NVFl3WHk1cWNHYz18MTc3NzYwMTQ2MQ=\" alt=\"Sony RMT-P1BT Bluetooth Fernbedienung\"  \/>\n        <\/a>\n\n            <\/div>\n\n    <div class=\"aawp-product__content\">\n        <a class=\"aawp-product__title\" href=\"https:\/\/www.amazon.de\/dp\/B07PLNHGT4?tag=edraegerpho06-21&linkCode=ogi&th=1&psc=1\" title=\"Sony RMT-P1BT Bluetooth Fernbedienung\" rel=\"nofollow noopener sponsored\" target=\"_blank\">\n            Sony RMT-P1BT Bluetooth Fernbedienung        <\/a>\n        <div class=\"aawp-product__description\">\n            Die Sony RMT-P1BT Bluetooth Fernbedienung erm\u00f6glicht eine zuverl\u00e4ssige Fernsteuerung von Sony Alpha Kameras wie der A6400, A7M3 und A7RM3. Mit Bluetooth Standard Ver. 4.2 und einer Reichweite von 5 m bietet sie eine beidseitige Kommunikation und eine eindeutige visuelle Best\u00e4tigung durch eine LED-Kontrollleuchte. Sie erm\u00f6glicht pr\u00e4zise Steuerungsm\u00f6glichkeiten f\u00fcr Fokus, Videoaufnahme und Digitalzoom sowie benutzerdefinierte Tasten f\u00fcr individuelle Funktionen. Das ergonomische Design und der Schutz vor Staub und Feuchtigkeit machen sie ideal f\u00fcr anspruchsvolle Umgebungen. Die Fernbedienung verwendet den integrierten Bluetooth Empf\u00e4nger der Kamera und erfordert keine kabelgebundenen Verbindungen oder zus\u00e4tzlichen Receiver.        <\/div>\n    <\/div>\n\n    <div class=\"aawp-product__footer\">\n\n        <div class=\"aawp-product__pricing\">\n                                                        \n            \n            <img loading=\"lazy\" decoding=\"async\" src=\"https:\/\/erikdraeger.com\/ratgeber\/wp-content\/plugins\/aawp\/assets\/img\/icon-check-prime.svg\" height=\"16\" width=\"55\" alt=\"Amazon Prime\" \/>        <\/div>\n\n                <a class=\"aawp-button aawp-button--buy rounded aawp-button--icon aawp-button--icon-amazon-black\" href=\"https:\/\/www.amazon.de\/dp\/B07PLNHGT4?tag=edraegerpho06-21&#038;linkCode=ogi&#038;th=1&#038;psc=1\" title=\"Bei Amazon ansehen\" target=\"_blank\" rel=\"nofollow noopener sponsored\">Bei Amazon ansehen<\/a>\n                    <span class=\"aawp-product__info\"><a href=\"#provisionshinweis\">Provisionshinweis<\/a><\/span>\n            <\/div>\n\n<\/div>\n\n    \n<\/div>\n\n\n\n\n<div class=\"aawp\">\n\n            \n            \n<div class=\"aawp-product aawp-product--horizontal aawp-product--inline-info\"  data-aawp-product-asin=\"B07CKQ1192\" data-aawp-product-id=\"246596\" data-aawp-tracking-id=\"edraegerpho06-21\" data-aawp-product-title=\"AODELAN Kamera Fernausl\u00f6ser Kabellose Fernausl\u00f6sung f\u00fcr Sony A7RIII A7III A9 A7RII A7R A6000 A77 A99 A6000 A6600 A6100 Ersetzen RM-SPR1 und RM-L1AM\">\n\n    \n    <div class=\"aawp-product__thumb\">\n        <a class=\"aawp-product__image-link\"\n           href=\"https:\/\/www.amazon.de\/dp\/B07CKQ1192?tag=edraegerpho06-21&linkCode=ogi&th=1&psc=1\" title=\"Fernausl\u00f6ser von AODELAN f\u00fcr Sony\" rel=\"nofollow noopener sponsored\" target=\"_blank\">\n            <img decoding=\"async\" class=\"aawp-product__image\" src=\"https:\/\/erikdraeger.com\/ratgeber\/wp-content\/plugins\/aawp\/public\/image.php?url=YUhSMGNITTZMeTl0TG0xbFpHbGhMV0Z0WVhwdmJpNWpiMjB2YVcxaFoyVnpMMGt2TlRGNlRrMW9aV2h6VjB3dVgxTk1NVFl3WHk1cWNHYz18MTc3NzYwMTQ2MQ=\" alt=\"Fernausl\u00f6ser von AODELAN f\u00fcr Sony\"  \/>\n        <\/a>\n\n            <\/div>\n\n    <div class=\"aawp-product__content\">\n        <a class=\"aawp-product__title\" href=\"https:\/\/www.amazon.de\/dp\/B07CKQ1192?tag=edraegerpho06-21&linkCode=ogi&th=1&psc=1\" title=\"Fernausl\u00f6ser von AODELAN f\u00fcr Sony\" rel=\"nofollow noopener sponsored\" target=\"_blank\">\n            Fernausl\u00f6ser von AODELAN f\u00fcr Sony        <\/a>\n        <div class=\"aawp-product__description\">\n            Der AODELAN Kamera Fernausl\u00f6ser bietet drahtlose und drahtgebundene Bedienungsm\u00f6glichkeiten f\u00fcr Sony Kameras wie A7RIII, A7III, A9, und mehr. Mit einem FSK 2.4GHz Funkschaltsystem erm\u00f6glicht er eine Reichweite von bis zu 80 Metern ohne Richtungsbeschr\u00e4nkung. Er reduziert Kameraverwacklungen und unterst\u00fctzt Autofokus, Einzelausl\u00f6sen, Serienbildaufnahme, BULB (Langzeitbelichtung) und 3-Sekunden-Verz\u00f6gerungs-Fernausl\u00f6ser-Modi. Das Paket enth\u00e4lt einen Funkfernschalter mit Fernausl\u00f6ser, einen Funkausl\u00f6ser-Fernausl\u00f6ser, eine CR 2032 Batterie f\u00fcr den Sender und zwei Verbindungskabel.         <\/div>\n    <\/div>\n\n    <div class=\"aawp-product__footer\">\n\n        <div class=\"aawp-product__pricing\">\n            \n            \n                    <\/div>\n\n                <a class=\"aawp-button aawp-button--buy rounded aawp-button--icon aawp-button--icon-amazon-black\" href=\"https:\/\/www.amazon.de\/dp\/B07CKQ1192?tag=edraegerpho06-21&#038;linkCode=ogi&#038;th=1&#038;psc=1\" title=\"Bei Amazon ansehen\" target=\"_blank\" rel=\"nofollow noopener sponsored\">Bei Amazon ansehen<\/a>\n                    <span class=\"aawp-product__info\"><a href=\"#provisionshinweis\">Provisionshinweis<\/a><\/span>\n            <\/div>\n\n<\/div>\n\n    \n<\/div>\n\n\n\n\n<div class=\"aawp\">\n\n            \n            \n<div class=\"aawp-product aawp-product--horizontal aawp-product--ribbon aawp-product--sale aawp-product--inline-info\"  data-aawp-product-asin=\"B00JVQ0WE8\" data-aawp-product-id=\"246591\" data-aawp-tracking-id=\"edraegerpho06-21\" data-aawp-product-title=\"Sony ECM-GZ1M Gun Zoom Mikrofon  mit Multi Interface Zubeh\u00f6r Schuh geeignet f\u00fcr A6000 A7 A9 Serie  Verkabelt schwarz\">\n\n    <span class=\"aawp-product__ribbon aawp-product__ribbon--sale\">Angebot<\/span>\n    <div class=\"aawp-product__thumb\">\n        <a class=\"aawp-product__image-link\"\n           href=\"https:\/\/www.amazon.de\/dp\/B00JVQ0WE8?tag=edraegerpho06-21&linkCode=ogi&th=1&psc=1\" title=\"Sony ECM-GZ1M Mikrofon\" rel=\"nofollow noopener sponsored\" target=\"_blank\">\n            <img decoding=\"async\" class=\"aawp-product__image\" src=\"https:\/\/erikdraeger.com\/ratgeber\/wp-content\/plugins\/aawp\/public\/image.php?url=YUhSMGNITTZMeTl0TG0xbFpHbGhMV0Z0WVhwdmJpNWpiMjB2YVcxaFoyVnpMMGt2TXpGVlNtMUlRa1pQYWt3dVgxTk1NVFl3WHk1cWNHYz18MTc3NzYwMTQ2MQ=\" alt=\"Sony ECM-GZ1M Mikrofon\"  \/>\n        <\/a>\n\n            <\/div>\n\n    <div class=\"aawp-product__content\">\n        <a class=\"aawp-product__title\" href=\"https:\/\/www.amazon.de\/dp\/B00JVQ0WE8?tag=edraegerpho06-21&linkCode=ogi&th=1&psc=1\" title=\"Sony ECM-GZ1M Mikrofon\" rel=\"nofollow noopener sponsored\" target=\"_blank\">\n            Sony ECM-GZ1M Mikrofon        <\/a>\n        <div class=\"aawp-product__description\">\n            Das Sony ECM-GZ1M Gun Zoom Mikrofon ist kompatibel mit Kameras der A6000, A7 und A9 Serie. Es bietet einen Zoom-Mikrofon-Modus, der den Audiobereich an die Zoom-Position anpasst, und einen Gun-Mikrofon-Modus zur Lokalisierung und Aufzeichnung von Ger\u00e4uschen. Es wird direkt \u00fcber die Kamera mit Strom versorgt und gesteuert und ist leicht am Multi Interface Zubeh\u00f6r Schuh anzubringen. Das ECM-GZ1M liefert satten, klaren Klang mit einem breiten Frequenzband und wird mit Windschutz, Anschlussteil-Schutzkappe, Distanzst\u00fcck, Etui und Anleitung geliefert.         <\/div>\n    <\/div>\n\n    <div class=\"aawp-product__footer\">\n\n        <div class=\"aawp-product__pricing\">\n                                                        \n            \n            <img loading=\"lazy\" decoding=\"async\" src=\"https:\/\/erikdraeger.com\/ratgeber\/wp-content\/plugins\/aawp\/assets\/img\/icon-check-prime.svg\" height=\"16\" width=\"55\" alt=\"Amazon Prime\" \/>        <\/div>\n\n                <a class=\"aawp-button aawp-button--buy rounded aawp-button--icon aawp-button--icon-amazon-black\" href=\"https:\/\/www.amazon.de\/dp\/B00JVQ0WE8?tag=edraegerpho06-21&#038;linkCode=ogi&#038;th=1&#038;psc=1\" title=\"Bei Amazon ansehen\" target=\"_blank\" rel=\"nofollow noopener sponsored\">Bei Amazon ansehen<\/a>\n                    <span class=\"aawp-product__info\"><a href=\"#provisionshinweis\">Provisionshinweis<\/a><\/span>\n            <\/div>\n\n<\/div>\n\n    \n<\/div>\n\n\n\n\n<section class=\"wp-block-uagb-section uagb-section__wrap uagb-section__background-color uagb-block-0755dbde\"><div class=\"uagb-section__overlay\"><\/div><div class=\"uagb-section__inner-wrap\">\n<p><strong>Hier findest du weitere passende Blitze: <em><a href=\"https:\/\/erikdraeger.com\/ratgeber\/sony-blitz\/\">Empfehlenswerte Sony-Blitze<\/a><\/em>.<\/strong><\/p>\n<\/div><\/section>\n\n\n\n<div style=\"height:30px\" aria-hidden=\"true\" class=\"wp-block-spacer\"><\/div>\n\n\n\n<h2 class=\"wp-block-heading\">Kamerataschen &amp; Rucks\u00e4cke <\/h2>\n\n\n\n<p>Zum sicheren Transport und zur Aufbewahrung eignet sich f\u00fcr jede Kamera eine geeignete Kameratasche. Diese sollte zum einen<strong> auf die Gr\u00f6\u00dfe deiner Kamera zugeschnitten<\/strong> sein, aber auch Menge deines Zubeh\u00f6rs. F\u00fcr ein <strong>Minimum an Zubeh\u00f6rgegenst\u00e4nden<\/strong> eignet sich eine <strong>mittelgro\u00dfe DSLR-Kameratasche<\/strong>. Hier hast du in der Regel noch gen\u00fcgend Platz f\u00fcr Wechselakkus, Speicherkarten und ein kleineres Objektiv. Mehr Platz f\u00fcr Zubeh\u00f6r geben dir hier <a href=\"https:\/\/erikdraeger.com\/ratgeber\/fotorucksack\/\">Kamerarucks\u00e4cke<\/a>, mit mehreren gepolsterten F\u00e4chern und herausnehmbaren Trennw\u00e4nden. <\/p>\n\n\n\n<pre class=\"wp-block-preformatted\">Hier ist eine \u00dcbersicht von empfehlenswerten <strong>Rucks\u00e4cke sowie Fototaschen<\/strong> f\u00fcr deine Sony a7 III. <\/pre>\n\n\n\n<div class=\"aawp\">\n\n            \n            \n<div class=\"aawp-product aawp-product--horizontal aawp-product--inline-info\"  data-aawp-product-asin=\"B0BJCRGCJZ\" data-aawp-product-id=\"246376\" data-aawp-tracking-id=\"edraegerpho06-21\" data-aawp-product-title=\"TARION Kameratasche Spiegelreflex SLR Tasche Kamera Umh\u00e4ngetasche mit Regenschutzh\u00fclle f\u00fcr Canon Nikon Sony SLR DSLR Kameras und Objektive\">\n\n    \n    <div class=\"aawp-product__thumb\">\n        <a class=\"aawp-product__image-link\"\n           href=\"https:\/\/www.amazon.de\/dp\/B0BJCRGCJZ?tag=edraegerpho06-21&linkCode=ogi&th=1&psc=1\" title=\"Tarion TSB-S Kamera-Umh\u00e4ngetasche\" rel=\"nofollow noopener sponsored\" target=\"_blank\">\n            <img decoding=\"async\" class=\"aawp-product__image\" src=\"https:\/\/erikdraeger.com\/ratgeber\/wp-content\/plugins\/aawp\/public\/image.php?url=YUhSMGNITTZMeTl0TG0xbFpHbGhMV0Z0WVhwdmJpNWpiMjB2YVcxaFoyVnpMMGt2TkRFd1JtVlBSbFZJV1V3dVgxTk1NVFl3WHk1cWNHYz18MTc3NzYwMTQ2MQ=\" alt=\"Tarion TSB-S Kamera-Umh\u00e4ngetasche\"  \/>\n        <\/a>\n\n            <\/div>\n\n    <div class=\"aawp-product__content\">\n        <a class=\"aawp-product__title\" href=\"https:\/\/www.amazon.de\/dp\/B0BJCRGCJZ?tag=edraegerpho06-21&linkCode=ogi&th=1&psc=1\" title=\"Tarion TSB-S Kamera-Umh\u00e4ngetasche\" rel=\"nofollow noopener sponsored\" target=\"_blank\">\n            Tarion TSB-S Kamera-Umh\u00e4ngetasche        <\/a>\n        <div class=\"aawp-product__description\">\n            Die Kameratasche von Tarion ist geeignet f\u00fcr Spiegelreflexkameras aller Hersteller. Sie bietet ein Volumen von 5 Litern, was etwa einer Kamera sowie 2 Objektiven entspricht. Zwei abnehmbare, gepolsterte Trennw\u00e4nde erm\u00f6glichen eine flexible Organisation des Innenraums, der auch f\u00fcr eine Drohne genutzt werden kann. Die Tasche besteht aus hochwertigem Polyester-Material und verf\u00fcgt \u00fcber wasserdichte Rei\u00dfverschl\u00fcsse, die sie rei\u00dffest und wasserabweisend machen. Ein gepolstertes Schulterpolster und verstellbare Tr\u00e4ger sorgen f\u00fcr ein angenehmes Tragen, sowohl als Sling- als auch als Schultertasche. Die \u00e4u\u00dferen Ma\u00dfe betragen 25x14x17 cm, die inneren 23x10x17 cm.        <\/div>\n    <\/div>\n\n    <div class=\"aawp-product__footer\">\n\n        <div class=\"aawp-product__pricing\">\n            \n            \n            <img loading=\"lazy\" decoding=\"async\" src=\"https:\/\/erikdraeger.com\/ratgeber\/wp-content\/plugins\/aawp\/assets\/img\/icon-check-prime.svg\" height=\"16\" width=\"55\" alt=\"Amazon Prime\" \/>        <\/div>\n\n                <a class=\"aawp-button aawp-button--buy rounded aawp-button--icon aawp-button--icon-amazon-black\" href=\"https:\/\/www.amazon.de\/dp\/B0BJCRGCJZ?tag=edraegerpho06-21&#038;linkCode=ogi&#038;th=1&#038;psc=1\" title=\"Bei Amazon ansehen\" target=\"_blank\" rel=\"nofollow noopener sponsored\">Bei Amazon ansehen<\/a>\n                    <span class=\"aawp-product__info\"><a href=\"#provisionshinweis\">Provisionshinweis<\/a><\/span>\n            <\/div>\n\n<\/div>\n\n    \n<\/div>\n\n\n\n\n<div class=\"aawp\">\n\n            \n            \n<div class=\"aawp-product aawp-product--horizontal aawp-product--inline-info\"  data-aawp-product-asin=\"B07QP1442N\" data-aawp-product-id=\"246286\" data-aawp-tracking-id=\"edraegerpho06-21\" data-aawp-product-title=\"ESTARER Kameratasche Fototasche SLR\/DSLR\/Spiegelreflex Kamera Umh\u00e4ngetasche aus Wasserabweisend Canvas 15,6 Zoll Grau\">\n\n    \n    <div class=\"aawp-product__thumb\">\n        <a class=\"aawp-product__image-link\"\n           href=\"https:\/\/www.amazon.de\/dp\/B07QP1442N?tag=edraegerpho06-21&linkCode=ogi&th=1&psc=1\" title=\"Estarer Fototasche\" rel=\"nofollow noopener sponsored\" target=\"_blank\">\n            <img decoding=\"async\" class=\"aawp-product__image\" src=\"https:\/\/erikdraeger.com\/ratgeber\/wp-content\/plugins\/aawp\/public\/image.php?url=YUhSMGNITTZMeTl0TG0xbFpHbGhMV0Z0WVhwdmJpNWpiMjB2YVcxaFoyVnpMMGt2TkRGV1RETkVSbVZGVkV3dVgxTk1NVFl3WHk1cWNHYz18MTc3NzYwMTQ2MQ=\" alt=\"Estarer Fototasche\"  \/>\n        <\/a>\n\n            <\/div>\n\n    <div class=\"aawp-product__content\">\n        <a class=\"aawp-product__title\" href=\"https:\/\/www.amazon.de\/dp\/B07QP1442N?tag=edraegerpho06-21&linkCode=ogi&th=1&psc=1\" title=\"Estarer Fototasche\" rel=\"nofollow noopener sponsored\" target=\"_blank\">\n            Estarer Fototasche        <\/a>\n        <div class=\"aawp-product__description\">\n            Die multifunktionale Kameratasche von Estarer bietet ein wasserdichtes Canvas-Au\u00dfenmaterial, sodass sie auch gut im bei wiedrigen Bedingungen im Ausseneinsatz genutzt werden kann. Dabei kannst du die Tasche mit ihrem verstellbaren Schulterriemen als Umh\u00e4ngetasche aber auch als mittels Griff tragen. Der Innenraum verf\u00fcgt \u00fcber ein Hauptfach mit bis zu 4 einsetzbaren Trennpolstern. So kannst du deinen Platz weitestgehend frei einteilen. Dahinter verbirgt sich ein Laptopfach f\u00fcr Ger\u00e4te bis maximal 15,6 Zoll. Durch die flexiblen Einteilungsm\u00f6glichkeiten mit der Estarer Kameratasche, ist diese ein guter Allrounder, auch f\u00fcr den Alltag als Arbeitstasche. Innenma\u00dfe:  35x22x12,7 cm        <\/div>\n    <\/div>\n\n    <div class=\"aawp-product__footer\">\n\n        <div class=\"aawp-product__pricing\">\n            \n            \n                    <\/div>\n\n                <a class=\"aawp-button aawp-button--buy rounded aawp-button--icon aawp-button--icon-amazon-black\" href=\"https:\/\/www.amazon.de\/dp\/B07QP1442N?tag=edraegerpho06-21&#038;linkCode=ogi&#038;th=1&#038;psc=1\" title=\"Bei Amazon ansehen\" target=\"_blank\" rel=\"nofollow noopener sponsored\">Bei Amazon ansehen<\/a>\n                    <span class=\"aawp-product__info\"><a href=\"#provisionshinweis\">Provisionshinweis<\/a><\/span>\n            <\/div>\n\n<\/div>\n\n    \n<\/div>\n\n\n\n\n<div class=\"aawp\">\n\n            \n            \n<div class=\"aawp-product aawp-product--horizontal aawp-product--ribbon aawp-product--sale aawp-product--inline-info\"  data-aawp-product-asin=\"B08NT5TX4K\" data-aawp-product-id=\"246351\" data-aawp-tracking-id=\"edraegerpho06-21\" data-aawp-product-title=\"bagsmart Kamerarucksack DSLR SLR Kameratasche Passend f\u00fcr 13,3-Zoll Laptops Wasserfeste Fotorucksack mit Regenschutz Stativhalter Schwarz Mittel\">\n\n    <span class=\"aawp-product__ribbon aawp-product__ribbon--sale\">Angebot<\/span>\n    <div class=\"aawp-product__thumb\">\n        <a class=\"aawp-product__image-link\"\n           href=\"https:\/\/www.amazon.de\/dp\/B08NT5TX4K?tag=edraegerpho06-21&linkCode=ogi&th=1&psc=1\" title=\"Kamerarucksack von Bagsmart\" rel=\"nofollow noopener sponsored\" target=\"_blank\">\n            <img decoding=\"async\" class=\"aawp-product__image\" src=\"https:\/\/erikdraeger.com\/ratgeber\/wp-content\/plugins\/aawp\/public\/image.php?url=YUhSMGNITTZMeTl0TG0xbFpHbGhMV0Z0WVhwdmJpNWpiMjB2YVcxaFoyVnpMMGt2TkRGdk4yeGpUaTF1VUV3dVgxTk1NVFl3WHk1cWNHYz18MTc3NzYwMTQ2MQ=\" alt=\"Kamerarucksack von Bagsmart\"  \/>\n        <\/a>\n\n            <\/div>\n\n    <div class=\"aawp-product__content\">\n        <a class=\"aawp-product__title\" href=\"https:\/\/www.amazon.de\/dp\/B08NT5TX4K?tag=edraegerpho06-21&linkCode=ogi&th=1&psc=1\" title=\"Kamerarucksack von Bagsmart\" rel=\"nofollow noopener sponsored\" target=\"_blank\">\n            Kamerarucksack von Bagsmart        <\/a>\n        <div class=\"aawp-product__description\">\n            Als multifunktionale Tasche ist der Kamerarucksack von Bagsmart eine gute Wahl f\u00fcr ausgiebige Fototouren. Sie eignet sich f\u00fcr Systemkameras und DSLR gleicherma\u00dfen und kann auch Notebooks mit bis zu 13,3 Zoll aufnehmen. Er bietet Platz f\u00fcr eine DSLR-Kamera mit angesetztem Objektiv, 3-4 Standardobjektive und weiteres Zubeh\u00f6r. Der Rucksack hat ein gepolstertes Fach f\u00fcr Laptops und misst 36 cm x 26 cm x 14,5 cm. Mit f\u00fcnf herausnehmbaren, gepolsterten Trennw\u00e4nden und einem vollst\u00e4ndig offenen Design ist das Einsetzen und Organisieren der Kameraausr\u00fcstung unkompliziert. Ein intelligenter Riemen an der Seite erm\u00f6glicht das Tragen eines kompakten Stativs oder einer Selfie-Stange. Weitere Innentaschen bieten Platz f\u00fcr Speicherkarten, Schl\u00fcssel und Kopfh\u00f6rer. Der wasserabweisende Stoff und die mitgelieferte Regenh\u00fclle bieten zus\u00e4tzlichen Schutz bei schlechtem Wetter.        <\/div>\n    <\/div>\n\n    <div class=\"aawp-product__footer\">\n\n        <div class=\"aawp-product__pricing\">\n                                                        \n            \n                    <\/div>\n\n                <a class=\"aawp-button aawp-button--buy rounded aawp-button--icon aawp-button--icon-amazon-black\" href=\"https:\/\/www.amazon.de\/dp\/B08NT5TX4K?tag=edraegerpho06-21&#038;linkCode=ogi&#038;th=1&#038;psc=1\" title=\"Bei Amazon ansehen\" target=\"_blank\" rel=\"nofollow noopener sponsored\">Bei Amazon ansehen<\/a>\n                    <span class=\"aawp-product__info\"><a href=\"#provisionshinweis\">Provisionshinweis<\/a><\/span>\n            <\/div>\n\n<\/div>\n\n    \n<\/div>\n\n\n\n\n<section class=\"wp-block-uagb-section uagb-section__wrap uagb-section__background-color uagb-block-0755dbde\"><div class=\"uagb-section__overlay\"><\/div><div class=\"uagb-section__inner-wrap\">\n<p><strong>Hier findest du weitere passende Taschen: <em><a href=\"https:\/\/erikdraeger.com\/ratgeber\/fotorucksack\/\">Empfehlenswerte Kamerarucks\u00e4cke<\/a><\/em>.<\/strong><\/p>\n<\/div><\/section>\n\n\n\n<div style=\"height:30px\" aria-hidden=\"true\" class=\"wp-block-spacer\"><\/div>\n\n\n\n<h2 class=\"wp-block-heading\">Stative &amp; Gimbal<\/h2>\n\n\n\n<p>F\u00fcr viele Situationen ist ein Stativ eine gro\u00dfe Hilfe f\u00fcr deine Aufnahmen. Das betrifft insbesondere Langzeitbelichtungen. Das wichtigste dabei ist, dass die Kamera jederzeit sicher auf dem Stativ steht. Bei der mit ca. 650 Gramm recht schweren Sony a7 III ist ein Carbon-Stativ die sichere Wahl. Diese sind verwindungssteifer als Stative aus Aluminium.<\/p>\n\n\n\n<pre class=\"wp-block-preformatted\">Diese <strong>Stative <\/strong>sind passend sowie empfehlenswert f\u00fcr die Kamera. Dazu findest du hier n\u00fctzliche <strong>Handgriffe <\/strong>f\u00fcr die Kamera.<\/pre>\n\n\n\n<div class=\"aawp\">\n\n            \n            \n<div class=\"aawp-product aawp-product--horizontal aawp-product--inline-info\"  data-aawp-product-asin=\"B08X6LNBX3\" data-aawp-product-id=\"244028\" data-aawp-tracking-id=\"edraegerpho06-21\" data-aawp-product-title=\"K&amp;F CONCEPT 172cm Carbon Stativ D255C4 SA255C1  Kompaktes Kamera Handy Stativ Leichtes Tripod mit Einbeinstativ-Funktion 1\/4\u201dGewinde Reisestativ mit 360\u00b0 Kugelkopf f\u00fcr Spiegelreflexkamera\">\n\n    \n    <div class=\"aawp-product__thumb\">\n        <a class=\"aawp-product__image-link\"\n           href=\"https:\/\/www.amazon.de\/dp\/B08X6LNBX3?tag=edraegerpho06-21&linkCode=ogi&th=1&psc=1\" title=\"K&F Concept D255C4 Carbon Stativ\" rel=\"nofollow noopener sponsored\" target=\"_blank\">\n            <img decoding=\"async\" class=\"aawp-product__image\" src=\"https:\/\/erikdraeger.com\/ratgeber\/wp-content\/plugins\/aawp\/public\/image.php?url=YUhSMGNITTZMeTl0TG0xbFpHbGhMV0Z0WVhwdmJpNWpiMjB2YVcxaFoyVnpMMGt2TkRGc2MyTlhhM2RRTTB3dVgxTk1NVFl3WHk1cWNHYz18MTc3NzYwMTQ2MQ=\" alt=\"K&F Concept D255C4 Carbon Stativ\"  \/>\n        <\/a>\n\n            <\/div>\n\n    <div class=\"aawp-product__content\">\n        <a class=\"aawp-product__title\" href=\"https:\/\/www.amazon.de\/dp\/B08X6LNBX3?tag=edraegerpho06-21&linkCode=ogi&th=1&psc=1\" title=\"K&F Concept D255C4 Carbon Stativ\" rel=\"nofollow noopener sponsored\" target=\"_blank\">\n            K&F Concept D255C4 Carbon Stativ        <\/a>\n        <div class=\"aawp-product__description\">\n            Das K&F Concept Carbon-Stativ mit Kugelkopf ist mit 1.37 Kilogramm sehr kompakt und leicht, damit also ideal f\u00fcr Reisen und f\u00fcr l\u00e4ngere Fototouren. Die hochwertige Carbon-Konstruktion mit einem Beinrohrdurchmesser von 25 mm gew\u00e4hrleistet Stabilit\u00e4t und Langlebigkeit. Die Arbeitsh\u00f6he ist dabei flexibel von 53 cm bis 172 cm einstellbar, ohne Mittels\u00e4ule sogar bis zu 130 cm. Das vielseitige Stativ kann als Einbeinstativ genutzt werden und unterst\u00fctzt auch Smartphone-Fotografie mit einer Aluminium Multi-Schnellwechselplatte. Der Kugelkopf mit 28 mm Durchmesser und einer Belastungsgrenze von 10 kg erm\u00f6glicht pr\u00e4zise Drehungen f\u00fcr kreative Aufnahmen.        <\/div>\n    <\/div>\n\n    <div class=\"aawp-product__footer\">\n\n        <div class=\"aawp-product__pricing\">\n            \n            \n            <img loading=\"lazy\" decoding=\"async\" src=\"https:\/\/erikdraeger.com\/ratgeber\/wp-content\/plugins\/aawp\/assets\/img\/icon-check-prime.svg\" height=\"16\" width=\"55\" alt=\"Amazon Prime\" \/>        <\/div>\n\n                <a class=\"aawp-button aawp-button--buy rounded aawp-button--icon aawp-button--icon-amazon-black\" href=\"https:\/\/www.amazon.de\/dp\/B08X6LNBX3?tag=edraegerpho06-21&#038;linkCode=ogi&#038;th=1&#038;psc=1\" title=\"Bei Amazon ansehen\" target=\"_blank\" rel=\"nofollow noopener sponsored\">Bei Amazon ansehen<\/a>\n                    <span class=\"aawp-product__info\"><a href=\"#provisionshinweis\">Provisionshinweis<\/a><\/span>\n            <\/div>\n\n<\/div>\n\n    \n<\/div>\n\n\n\n\n<div class=\"aawp\">\n\n            \n            \n<div class=\"aawp-product aawp-product--horizontal aawp-product--inline-info\"  data-aawp-product-asin=\"B07KD2DBV6\" data-aawp-product-id=\"246234\" data-aawp-tracking-id=\"edraegerpho06-21\" data-aawp-product-title=\"SIRUI Traveler 7C Carbonfaser Reisestativ 166 cm mit E-10 360\u00b0 Kugelkopf f\u00fcr Arca Swiss Schnellwechselplatte Tragkraft bis 8kg wandelbar zum Monopod\">\n\n    \n    <div class=\"aawp-product__thumb\">\n        <a class=\"aawp-product__image-link\"\n           href=\"https:\/\/www.amazon.de\/dp\/B07KD2DBV6?tag=edraegerpho06-21&linkCode=ogi&th=1&psc=1\" title=\"SIRUI Traveler 7C\" rel=\"nofollow noopener sponsored\" target=\"_blank\">\n            <img decoding=\"async\" class=\"aawp-product__image\" src=\"https:\/\/erikdraeger.com\/ratgeber\/wp-content\/plugins\/aawp\/public\/image.php?url=YUhSMGNITTZMeTl0TG0xbFpHbGhMV0Z0WVhwdmJpNWpiMjB2YVcxaFoyVnpMMGt2TkRGSFFYUlBhR3RSUTB3dVgxTk1NVFl3WHk1cWNHYz18MTc3NzYwMTQ2MQ=\" alt=\"SIRUI Traveler 7C\"  \/>\n        <\/a>\n\n            <\/div>\n\n    <div class=\"aawp-product__content\">\n        <a class=\"aawp-product__title\" href=\"https:\/\/www.amazon.de\/dp\/B07KD2DBV6?tag=edraegerpho06-21&linkCode=ogi&th=1&psc=1\" title=\"SIRUI Traveler 7C\" rel=\"nofollow noopener sponsored\" target=\"_blank\">\n            SIRUI Traveler 7C        <\/a>\n        <div class=\"aawp-product__description\">\n            Das Traveler 7C Carbon Stativ von SIRUI bietet mit seinen 1,57 Kilogramm Eigengewicht eine stabile und solide Konstruktion und erreicht eine maximale Belastbarkeit von 8 Kilogramm Gewicht. Die 4-sektionalen Beine erm\u00f6glichen eine schnelle H\u00f6heneinstellung von 48 cm bis 166.5 cm, mit flexiblen Beinwinkelpositionen. Es dient nicht nur als Dreibeinstativ, sondern kann auch als Einbeinstativ genutzt werden, wodurch seine Einsatzm\u00f6glichkeiten noch vielf\u00e4ltiger werden. Der 360-Grad-Kugelkopf erm\u00f6glicht Panoramablicke in horizontaler und vertikaler Richtung.         <\/div>\n    <\/div>\n\n    <div class=\"aawp-product__footer\">\n\n        <div class=\"aawp-product__pricing\">\n            \n            \n                    <\/div>\n\n                <a class=\"aawp-button aawp-button--buy rounded aawp-button--icon aawp-button--icon-amazon-black\" href=\"https:\/\/www.amazon.de\/dp\/B07KD2DBV6?tag=edraegerpho06-21&#038;linkCode=ogi&#038;th=1&#038;psc=1\" title=\"Bei Amazon ansehen\" target=\"_blank\" rel=\"nofollow noopener sponsored\">Bei Amazon ansehen<\/a>\n                    <span class=\"aawp-product__info\"><a href=\"#provisionshinweis\">Provisionshinweis<\/a><\/span>\n            <\/div>\n\n<\/div>\n\n    \n<\/div>\n\n\n\n\n<div class=\"aawp\">\n\n            \n            \n<div class=\"aawp-product aawp-product--horizontal aawp-product--ribbon aawp-product--sale aawp-product--inline-info\"  data-aawp-product-asin=\"B0BP6GG2Z7\" data-aawp-product-id=\"246482\" data-aawp-tracking-id=\"edraegerpho06-21\" data-aawp-product-title=\"NEEWER 205cm Reisestativ aus Kohlefaser neues Kamerastativ mit 2 teiligen Mittelachsen 360\u00b0 Panorama Kugelkopf 1\/4  Arca Typ QR Platte mit \u00f828mm S\u00e4ule Einbeinstativstativ max Last 26,5 lb N55CR\">\n\n    <span class=\"aawp-product__ribbon aawp-product__ribbon--sale\">Angebot<\/span>\n    <div class=\"aawp-product__thumb\">\n        <a class=\"aawp-product__image-link\"\n           href=\"https:\/\/www.amazon.de\/dp\/B0BP6GG2Z7?tag=edraegerpho06-21&linkCode=ogi&th=1&psc=1\" title=\"NEEWER Reisestativ aus Kohlefaser\" rel=\"nofollow noopener sponsored\" target=\"_blank\">\n            <img decoding=\"async\" class=\"aawp-product__image\" src=\"https:\/\/erikdraeger.com\/ratgeber\/wp-content\/plugins\/aawp\/public\/image.php?url=YUhSMGNITTZMeTl0TG0xbFpHbGhMV0Z0WVhwdmJpNWpiMjB2YVcxaFoyVnpMMGt2TkRGQ1JIRlZNamwyYlV3dVgxTk1NVFl3WHk1cWNHYz18MTc3NzYwMTQ2MQ=\" alt=\"NEEWER Reisestativ aus Kohlefaser\"  \/>\n        <\/a>\n\n            <\/div>\n\n    <div class=\"aawp-product__content\">\n        <a class=\"aawp-product__title\" href=\"https:\/\/www.amazon.de\/dp\/B0BP6GG2Z7?tag=edraegerpho06-21&linkCode=ogi&th=1&psc=1\" title=\"NEEWER Reisestativ aus Kohlefaser\" rel=\"nofollow noopener sponsored\" target=\"_blank\">\n            NEEWER Reisestativ aus Kohlefaser        <\/a>\n        <div class=\"aawp-product__description\">\n            Das leichte Reisestativ aus Carbon von NEEWER bietet eine gute Stabilit\u00e4t und ein hohes maximales Tragegewicht von 12 Kilogramm.  Mit einem robusten Design aus verdickten S\u00e4ulen und einem Durchmesser von 28 mm verhindert es effektiv Ersch\u00fctterungen. Das vielseitige Stativ kann leicht in ein Einbeinstativ umgewandelt werden und erreicht eine maximale H\u00f6he von 205 cm. Der 360\u00b0 drehbare Kugelkopf erm\u00f6glicht flexible Aufnahmewinkel, w\u00e4hrend Schnellverschl\u00fcsse und eine \u00bc Zoll-Schnellwechselplatte f\u00fcr eine Kompatibilit\u00e4t mit den meisten g\u00e4ngigen Kameras erm\u00f6glichen. Das Stativ ist zudem leicht und kompakt f\u00fcr einfaches Reisen und wird mit einer praktischen Tragetasche geliefert.        <\/div>\n    <\/div>\n\n    <div class=\"aawp-product__footer\">\n\n        <div class=\"aawp-product__pricing\">\n                                                        \n            \n                    <\/div>\n\n                <a class=\"aawp-button aawp-button--buy rounded aawp-button--icon aawp-button--icon-amazon-black\" href=\"https:\/\/www.amazon.de\/dp\/B0BP6GG2Z7?tag=edraegerpho06-21&#038;linkCode=ogi&#038;th=1&#038;psc=1\" title=\"Bei Amazon ansehen\" target=\"_blank\" rel=\"nofollow noopener sponsored\">Bei Amazon ansehen<\/a>\n                    <span class=\"aawp-product__info\"><a href=\"#provisionshinweis\">Provisionshinweis<\/a><\/span>\n            <\/div>\n\n<\/div>\n\n    \n<\/div>\n\n\n\n\n<div class=\"aawp\">\n\n            \n            \n<div class=\"aawp-product aawp-product--horizontal aawp-product--inline-info\"  data-aawp-product-asin=\"B0CS6J2648\" data-aawp-product-id=\"245308\" data-aawp-tracking-id=\"edraegerpho06-21\" data-aawp-product-title=\"DJI RS 4 Pro 3-Achsen Gimbal-Stabilisator f\u00fcr DSLR- und Kinokameras Canon\/Sony\/Panasonic\/Nikon\/Fujifilm Native vertikale Aufnahme der 2 Generation 4,5 kg Nutzlast Doppelfokus- und Zoom-Motoren\">\n\n    \n    <div class=\"aawp-product__thumb\">\n        <a class=\"aawp-product__image-link\"\n           href=\"https:\/\/www.amazon.de\/dp\/B0CS6J2648?tag=edraegerpho06-21&linkCode=ogi&th=1&psc=1\" title=\"DJI RS4 Pro\" rel=\"nofollow noopener sponsored\" target=\"_blank\">\n            <img decoding=\"async\" class=\"aawp-product__image\" src=\"https:\/\/erikdraeger.com\/ratgeber\/wp-content\/plugins\/aawp\/public\/image.php?url=YUhSMGNITTZMeTl0TG0xbFpHbGhMV0Z0WVhwdmJpNWpiMjB2YVcxaFoyVnpMMGt2TXpFeWIydzBjMEp4TUV3dVgxTk1NVFl3WHk1cWNHYz18MTc3NzYwMTQ2MQ=\" alt=\"DJI RS4 Pro\"  \/>\n        <\/a>\n\n            <\/div>\n\n    <div class=\"aawp-product__content\">\n        <a class=\"aawp-product__title\" href=\"https:\/\/www.amazon.de\/dp\/B0CS6J2648?tag=edraegerpho06-21&linkCode=ogi&th=1&psc=1\" title=\"DJI RS4 Pro\" rel=\"nofollow noopener sponsored\" target=\"_blank\">\n            DJI RS4 Pro        <\/a>\n        <div class=\"aawp-product__description\">\n            Der DJI RS 4 Pro ist ein High-End-Gimbal f\u00fcr professionelle Filmemacher. Mit einer beeindruckenden Traglast von bis zu 4,5\u202fkg und 20\u202f% mehr Motordrehmoment meistert er spielend gro\u00dfe Setups mit Kino- oder spiegellosen Kameras. Die Carbon-Achsenarme sorgen dabei f\u00fcr maximale Stabilit\u00e4t bei minimalem Gewicht. Dank nativer vertikaler Aufnahme (2. Gen) gelingt der Formatwechsel in Sekunden. Pr\u00e4zise Steuerung bietet der neue Joystick-Modusschalter f\u00fcr Fokus oder Zoom. Der LiDAR-Fokus mit 76.800 Messpunkten garantiert gestochen scharfe Bilder \u2013 auch solo und auf Distanz. Erg\u00e4nzt durch ein erweitertes Steuer- und Video\u00fcbertragungs-\u00d6kosystem sowie bis zu 29\u202fStunden Akkulaufzeit (mit BG70-Griff) ist der RS 4 Pro die ultimative L\u00f6sung f\u00fcr professionelle Drehs        <\/div>\n    <\/div>\n\n    <div class=\"aawp-product__footer\">\n\n        <div class=\"aawp-product__pricing\">\n            \n            \n                    <\/div>\n\n                <a class=\"aawp-button aawp-button--buy rounded aawp-button--icon aawp-button--icon-amazon-black\" href=\"https:\/\/www.amazon.de\/dp\/B0CS6J2648?tag=edraegerpho06-21&#038;linkCode=ogi&#038;th=1&#038;psc=1\" title=\"Bei Amazon ansehen\" target=\"_blank\" rel=\"nofollow noopener sponsored\">Bei Amazon ansehen<\/a>\n                    <span class=\"aawp-product__info\"><a href=\"#provisionshinweis\">Provisionshinweis<\/a><\/span>\n            <\/div>\n\n<\/div>\n\n    \n<\/div>\n\n\n\n\n<section class=\"wp-block-uagb-section uagb-section__wrap uagb-section__background-color uagb-block-0755dbde\"><div class=\"uagb-section__overlay\"><\/div><div class=\"uagb-section__inner-wrap\">\n<p><strong>Hier findest du weitere passende Stative: <em><a href=\"https:\/\/erikdraeger.com\/ratgeber\/carbon-stativ\/\">Empfehlenswerte Carbon-Stative<\/a><\/em>.<\/strong><\/p>\n<\/div><\/section>\n\n\n\n<div style=\"height:30px\" aria-hidden=\"true\" class=\"wp-block-spacer\"><\/div>\n\n\n\n<h2 class=\"wp-block-heading\">Speicherkarten<\/h2>\n\n\n\n<p>Zur Speicherung der Medien kann die Alpha 7 III verschiedene Speicherkarten-Formate nutzen. Dazu geh\u00f6ren die gew\u00f6hnlichen SD\/SDHC\/SDXC-Speicherkarten in UHS-I oder UHS-II Format. Auch microSD-Speicherkarten k\u00f6nnen mit der Kamera verwendet werden, ebenso wie der Memory-Stick Pro Duo.<\/p>\n\n\n\n<pre class=\"wp-block-preformatted\">Die <strong>SD-Speicherkarten<\/strong> sind empfehlenswert f\u00fcr die Kamera.<\/pre>\n\n\n\n<div class=\"aawp\">\n\n            \n            \n<div class=\"aawp-product aawp-product--horizontal aawp-product--inline-info\"  data-aawp-product-asin=\"B09S32KPVN\" data-aawp-product-id=\"246362\" data-aawp-tracking-id=\"edraegerpho06-21\" data-aawp-product-title=\"Lexar SD Karte 256 GB SD Card 256GB SDXC Speicherkarte bis zu 120 MB\/s lesen bis zu 45 MB\/s Schreiben UHS-I U3 V30 C10 Full-HD und 4K UHD\">\n\n    \n    <div class=\"aawp-product__thumb\">\n        <a class=\"aawp-product__image-link\"\n           href=\"https:\/\/www.amazon.de\/dp\/B09S32KPVN?tag=edraegerpho06-21&linkCode=ogi&th=1&psc=1\" title=\"Lexar SDXC-Speicherkarte 256GB UHS-I\" rel=\"nofollow noopener sponsored\" target=\"_blank\">\n            <img decoding=\"async\" class=\"aawp-product__image\" src=\"https:\/\/erikdraeger.com\/ratgeber\/wp-content\/plugins\/aawp\/public\/image.php?url=YUhSMGNITTZMeTl0TG0xbFpHbGhMV0Z0WVhwdmJpNWpiMjB2YVcxaFoyVnpMMGt2TkRGTloyWmhNSGhLVkV3dVgxTk1NVFl3WHk1cWNHYz18MTc3NzYwMTQ2MQ=\" alt=\"Lexar SDXC-Speicherkarte 256GB UHS-I\"  \/>\n        <\/a>\n\n            <\/div>\n\n    <div class=\"aawp-product__content\">\n        <a class=\"aawp-product__title\" href=\"https:\/\/www.amazon.de\/dp\/B09S32KPVN?tag=edraegerpho06-21&linkCode=ogi&th=1&psc=1\" title=\"Lexar SDXC-Speicherkarte 256GB UHS-I\" rel=\"nofollow noopener sponsored\" target=\"_blank\">\n            Lexar SDXC-Speicherkarte 256GB UHS-I        <\/a>\n        <div class=\"aawp-product__description\">\n            Die Lexar 256 GB Hochleistungs-SD-Karte bietet schnelle Lesegeschwindigkeiten von bis zu 120 MB\/s und Schreibgeschwindigkeiten von bis zu 45 MB\/s. Mit UHS-I, Klasse 10 und Video Speed Class 30 (V30) Unterst\u00fctzung ist sie ideal f\u00fcr hochwertige Full-HD 1080p und 4K UHD-Videos. Entwickelt f\u00fcr Point-and-Shoot-Kameras, Mittelklasse-DSLRs und HD-Kameras, erm\u00f6glicht die Karte beeindruckende Foto- und Videoaufnahmen. Sie ist sicher, zuverl\u00e4ssig und resistent gegen\u00fcber Wasser, Temperatur, Schock, Vibration und R\u00f6ntgenstrahlen.        <\/div>\n    <\/div>\n\n    <div class=\"aawp-product__footer\">\n\n        <div class=\"aawp-product__pricing\">\n            \n            \n                    <\/div>\n\n                <a class=\"aawp-button aawp-button--buy rounded aawp-button--icon aawp-button--icon-amazon-black\" href=\"https:\/\/www.amazon.de\/dp\/B09S32KPVN?tag=edraegerpho06-21&#038;linkCode=ogi&#038;th=1&#038;psc=1\" title=\"Bei Amazon ansehen\" target=\"_blank\" rel=\"nofollow noopener sponsored\">Bei Amazon ansehen<\/a>\n                    <span class=\"aawp-product__info\"><a href=\"#provisionshinweis\">Provisionshinweis<\/a><\/span>\n            <\/div>\n\n<\/div>\n\n    \n<\/div>\n\n\n\n\n<div class=\"aawp\">\n\n            \n            \n<div class=\"aawp-product aawp-product--horizontal aawp-product--inline-info\"  data-aawp-product-asin=\"B07H9J1YXN\" data-aawp-product-id=\"245947\" data-aawp-tracking-id=\"edraegerpho06-21\" data-aawp-product-title=\"SanDisk Extreme PRO 64GB SDXC Memory Card up to 170MB\/s UHS-1 Class 10 U3 V30 Black\">\n\n    \n    <div class=\"aawp-product__thumb\">\n        <a class=\"aawp-product__image-link\"\n           href=\"https:\/\/www.amazon.de\/dp\/B07H9J1YXN?tag=edraegerpho06-21&linkCode=ogi&th=1&psc=1\" title=\"SanDisk Extreme PRO 64GB SDXC UHS-I 64GB\" rel=\"nofollow noopener sponsored\" target=\"_blank\">\n            <img decoding=\"async\" class=\"aawp-product__image\" src=\"https:\/\/erikdraeger.com\/ratgeber\/wp-content\/plugins\/aawp\/public\/image.php?url=YUhSMGNITTZMeTl0TG0xbFpHbGhMV0Z0WVhwdmJpNWpiMjB2YVcxaFoyVnpMMGt2TlRGVGF6bFljMVJUVEV3dVgxTk1NVFl3WHk1cWNHYz18MTc3NzYwMTQ2MQ=\" alt=\"SanDisk Extreme PRO 64GB SDXC UHS-I 64GB\"  \/>\n        <\/a>\n\n            <\/div>\n\n    <div class=\"aawp-product__content\">\n        <a class=\"aawp-product__title\" href=\"https:\/\/www.amazon.de\/dp\/B07H9J1YXN?tag=edraegerpho06-21&linkCode=ogi&th=1&psc=1\" title=\"SanDisk Extreme PRO 64GB SDXC UHS-I 64GB\" rel=\"nofollow noopener sponsored\" target=\"_blank\">\n            SanDisk Extreme PRO 64GB SDXC UHS-I 64GB        <\/a>\n        <div class=\"aawp-product__description\">\n            Die SanDisk Extreme PRO SDXC UHS-I Speicherkarte mit 64 GB bietet professionelle Leistung f\u00fcr schnelle Aufnahmen und 4K UHD Videos. Mit einer \u00dcbertragungsgeschwindigkeit von bis zu 170 MB\/s erm\u00f6glicht sie z\u00fcgige Daten\u00fcbertragungen zwischen Kamera und Computer. Die Karte unterst\u00fctzt UHS Speed Class 3 (U3) und Video Speed Class 30 (V30) f\u00fcr verlustfreie Videoaufnahmen. Zus\u00e4tzlich ist eine 2-j\u00e4hrige Nutzung der Software RescuePRO Deluxe zur Wiederherstellung versehentlich gel\u00f6schter Bilder im Lieferumfang enthalten. Die SDXC Speicherkarte ist f\u00fcr extreme Bedingungen ausgelegt, einschlie\u00dflich Temperaturbest\u00e4ndigkeit, Wasserdichtigkeit, Sto\u00dffestigkeit und R\u00f6ntgensicherheit.        <\/div>\n    <\/div>\n\n    <div class=\"aawp-product__footer\">\n\n        <div class=\"aawp-product__pricing\">\n            \n            \n                    <\/div>\n\n                <a class=\"aawp-button aawp-button--buy rounded aawp-button--icon aawp-button--icon-amazon-black\" href=\"https:\/\/www.amazon.de\/dp\/B07H9J1YXN?tag=edraegerpho06-21&#038;linkCode=ogi&#038;th=1&#038;psc=1\" title=\"Bei Amazon ansehen\" target=\"_blank\" rel=\"nofollow noopener sponsored\">Bei Amazon ansehen<\/a>\n                    <span class=\"aawp-product__info\"><a href=\"#provisionshinweis\">Provisionshinweis<\/a><\/span>\n            <\/div>\n\n<\/div>\n\n    \n<\/div>\n\n\n\n\n<div style=\"height:30px\" aria-hidden=\"true\" class=\"wp-block-spacer\"><\/div>\n\n\n\n<h2 class=\"wp-block-heading\">Display-Schutzfolien<\/h2>\n\n\n\n<pre class=\"wp-block-preformatted\">Diese <strong>Displayschutzfolien <\/strong>sind f\u00fcr die Sony a7S III geeignet.<\/pre>\n\n\n\n<div class=\"aawp\">\n\n            \n            \n<div class=\"aawp-product aawp-product--horizontal aawp-product--inline-info\"  data-aawp-product-asin=\"B07SJNQYHL\" data-aawp-product-id=\"246231\" data-aawp-tracking-id=\"edraegerpho06-21\" data-aawp-product-title=\"ULBTER Displayschutzfolie Schutzfolie f\u00fcr Sony Alpha A7R III\/A7R II\/A7 III\/A7 II\/A77 II\/A7S II\/A99 II \/A9 Kamera &amp; Blitzschuh-Abdeckung 0,3 mm 9H H\u00e4rte geh\u00e4rtetes Glas -3 St\u00fcck\">\n\n    \n    <div class=\"aawp-product__thumb\">\n        <a class=\"aawp-product__image-link\"\n           href=\"https:\/\/www.amazon.de\/dp\/B07SJNQYHL?tag=edraegerpho06-21&linkCode=ogi&th=1&psc=1\" title=\"Displayschutz von ULBTER f\u00fcr die a7 III\" rel=\"nofollow noopener sponsored\" target=\"_blank\">\n            <img decoding=\"async\" class=\"aawp-product__image\" src=\"https:\/\/erikdraeger.com\/ratgeber\/wp-content\/plugins\/aawp\/public\/image.php?url=YUhSMGNITTZMeTl0TG0xbFpHbGhMV0Z0WVhwdmJpNWpiMjB2YVcxaFoyVnpMMGt2TlRGNFIzcDZVMU5JUTB3dVgxTk1NVFl3WHk1cWNHYz18MTc3NzYwMTQ2MQ=\" alt=\"Displayschutz von ULBTER f\u00fcr die a7 III\"  \/>\n        <\/a>\n\n            <\/div>\n\n    <div class=\"aawp-product__content\">\n        <a class=\"aawp-product__title\" href=\"https:\/\/www.amazon.de\/dp\/B07SJNQYHL?tag=edraegerpho06-21&linkCode=ogi&th=1&psc=1\" title=\"Displayschutz von ULBTER f\u00fcr die a7 III\" rel=\"nofollow noopener sponsored\" target=\"_blank\">\n            Displayschutz von ULBTER f\u00fcr die a7 III        <\/a>\n        <div class=\"aawp-product__description\">\n            <ul><li>\u272aLCD-Displayschutzfolie und Blitzschuh-Abdeckung passgenau f\u00fcr Sony Alpha A7RIII\/ A7II \/A7III \/A7II \/A7SII \/A9 \/A99II DSR Kamera. Nicht f\u00fcr andere Modelle geeignet. Einfache Montage mit 100% blasenfreien Klebern, blasenfreie Anbringung<\/li><li>\u272aH\u00e4rtegrad 9H \u2013 L\u00e4ngere H\u00e4rtezeit, wodurch die Displayschutzfolie eine h\u00f6here H\u00e4rte aufweist. Verhindert den Kamera-Bildschirm bei hohen St\u00fcrzen, Kratzern wie Schl\u00fcssel und Messer, Schrammen und St\u00f6\u00dfen.<\/li><li>\u272a99,99 % HD-Klarheit \u2013 Hoch-Transparenz bietet hochaufl\u00f6sende klare Sicht. Hydrophobe Bildschirm-Beschichtung sch\u00fctzt Ihren Kamera-Bildschirm effektiv vor Fingerabdr\u00fccken und h\u00e4lt hochempfindliche Touch-Reaktion.<\/li><li>\u272aH\u00f6chste Definition und Empfindlichkeit: Hochwertiges Material und nur 0,3 mm Dicke, extrem d\u00fcnn, um Ihnen ein hohes durchl\u00e4ssiges und kristallklares Seherlebnis mit sehr geringer Reflexion zu bringen und nicht die Empfindlichkeit zu verringern.<\/li><li>\u272aBlitzschuhabdeckung - Innovatives kreisf\u00f6rmiges Design nimmt weniger Platz auf als verstopfte 2- oder 3-Achsen-Ebenen und sch\u00fctzt den Kamera-Blitzschuh, verhindert Kratzer, St\u00f6\u00dfe, Feuchtigkeit, Staub und h\u00e4lt sauber.<\/li><\/ul>        <\/div>\n    <\/div>\n\n    <div class=\"aawp-product__footer\">\n\n        <div class=\"aawp-product__pricing\">\n            \n            \n                    <\/div>\n\n                <a class=\"aawp-button aawp-button--buy rounded aawp-button--icon aawp-button--icon-amazon-black\" href=\"https:\/\/www.amazon.de\/dp\/B07SJNQYHL?tag=edraegerpho06-21&#038;linkCode=ogi&#038;th=1&#038;psc=1\" title=\"Bei Amazon ansehen\" target=\"_blank\" rel=\"nofollow noopener sponsored\">Bei Amazon ansehen<\/a>\n                    <span class=\"aawp-product__info\"><a href=\"#provisionshinweis\">Provisionshinweis<\/a><\/span>\n            <\/div>\n\n<\/div>\n\n    \n<\/div>\n\n\n\n\n<div style=\"height:30px\" aria-hidden=\"true\" class=\"wp-block-spacer\"><\/div>\n\n\n\n<h2 class=\"wp-block-heading\">B\u00fccher<\/h2>\n\n\n\n<div class=\"aawp\">\n\n            \n            \n<div class=\"aawp-product aawp-product--horizontal aawp-product--inline-info\"  data-aawp-product-asin=\"3836265281\" data-aawp-product-id=\"243950\" data-aawp-tracking-id=\"edraegerpho06-21\" data-aawp-product-title=\"Sony Alpha 7 III  Das Handbuch zur Kamera Praxiswissen und Expertentipps zu Ihrer spiegellosen Vollformatkamera Alle Programme und Funktionen im Detail.\">\n\n    \n    <div class=\"aawp-product__thumb\">\n        <a class=\"aawp-product__image-link\"\n           href=\"https:\/\/www.amazon.de\/dp\/3836265281?tag=edraegerpho06-21&linkCode=ogi&th=1&psc=1\" title=\"Sony Alpha 7 III: Das Handbuch zur Kamera. Praxiswissen und Expertentipps zu Ihrer spiegellosen...\" rel=\"nofollow noopener sponsored\" target=\"_blank\">\n            <img decoding=\"async\" class=\"aawp-product__image\" src=\"https:\/\/erikdraeger.com\/ratgeber\/wp-content\/plugins\/aawp\/public\/image.php?url=YUhSMGNITTZMeTl0TG0xbFpHbGhMV0Z0WVhwdmJpNWpiMjB2YVcxaFoyVnpMMGt2TlRGbVUzaFZTV0pwT1V3dVgxTk1NVFl3WHk1cWNHYz18MTc3NzYwMTQ2MQ=\" alt=\"Sony Alpha 7 III: Das Handbuch zur Kamera. Praxiswissen und Expertentipps zu Ihrer spiegellosen...\"  \/>\n        <\/a>\n\n            <\/div>\n\n    <div class=\"aawp-product__content\">\n        <a class=\"aawp-product__title\" href=\"https:\/\/www.amazon.de\/dp\/3836265281?tag=edraegerpho06-21&linkCode=ogi&th=1&psc=1\" title=\"Sony Alpha 7 III: Das Handbuch zur Kamera. Praxiswissen und Expertentipps zu Ihrer spiegellosen...\" rel=\"nofollow noopener sponsored\" target=\"_blank\">\n            Sony Alpha 7 III: Das Handbuch zur Kamera. Praxiswissen und Expertentipps zu Ihrer spiegellosen...        <\/a>\n        <div class=\"aawp-product__description\">\n                    <\/div>\n    <\/div>\n\n    <div class=\"aawp-product__footer\">\n\n        <div class=\"aawp-product__pricing\">\n            \n            \n            <img loading=\"lazy\" decoding=\"async\" src=\"https:\/\/erikdraeger.com\/ratgeber\/wp-content\/plugins\/aawp\/assets\/img\/icon-check-prime.svg\" height=\"16\" width=\"55\" alt=\"Amazon Prime\" \/>        <\/div>\n\n                <a class=\"aawp-button aawp-button--buy rounded aawp-button--icon aawp-button--icon-amazon-black\" href=\"https:\/\/www.amazon.de\/dp\/3836265281?tag=edraegerpho06-21&#038;linkCode=ogi&#038;th=1&#038;psc=1\" title=\"Bei Amazon ansehen\" target=\"_blank\" rel=\"nofollow noopener sponsored\">Bei Amazon ansehen<\/a>\n                    <span class=\"aawp-product__info\"><a href=\"#provisionshinweis\">Provisionshinweis<\/a><\/span>\n            <\/div>\n\n<\/div>\n\n            \n            \n<div class=\"aawp-product aawp-product--horizontal aawp-product--inline-info\"  data-aawp-product-asin=\"3832803106\" data-aawp-product-id=\"243951\" data-aawp-tracking-id=\"edraegerpho06-21\" data-aawp-product-title=\"Sony A7 III  Das umfangreiche Praxisbuch zu Ihrer Kamera!  F\u00fcr bessere Fotos von Anfang an!\">\n\n    \n    <div class=\"aawp-product__thumb\">\n        <a class=\"aawp-product__image-link\"\n           href=\"https:\/\/www.amazon.de\/dp\/3832803106?tag=edraegerpho06-21&linkCode=ogi&th=1&psc=1\" title=\"Sony A7 III: Das umfangreiche Praxisbuch zu Ihrer Kamera!: F\u00fcr bessere Fotos von Anfang an!\" rel=\"nofollow noopener sponsored\" target=\"_blank\">\n            <img decoding=\"async\" class=\"aawp-product__image\" src=\"https:\/\/erikdraeger.com\/ratgeber\/wp-content\/plugins\/aawp\/public\/image.php?url=YUhSMGNITTZMeTl0TG0xbFpHbGhMV0Z0WVhwdmJpNWpiMjB2YVcxaFoyVnpMMGt2TlRGTWNUTnRNakY1ZVV3dVgxTk1NVFl3WHk1cWNHYz18MTc3NzYwMTQ2MQ=\" alt=\"Sony A7 III: Das umfangreiche Praxisbuch zu Ihrer Kamera!: F\u00fcr bessere Fotos von Anfang an!\"  \/>\n        <\/a>\n\n            <\/div>\n\n    <div class=\"aawp-product__content\">\n        <a class=\"aawp-product__title\" href=\"https:\/\/www.amazon.de\/dp\/3832803106?tag=edraegerpho06-21&linkCode=ogi&th=1&psc=1\" title=\"Sony A7 III: Das umfangreiche Praxisbuch zu Ihrer Kamera!: F\u00fcr bessere Fotos von Anfang an!\" rel=\"nofollow noopener sponsored\" target=\"_blank\">\n            Sony A7 III: Das umfangreiche Praxisbuch zu Ihrer Kamera!: F\u00fcr bessere Fotos von Anfang an!        <\/a>\n        <div class=\"aawp-product__description\">\n                    <\/div>\n    <\/div>\n\n    <div class=\"aawp-product__footer\">\n\n        <div class=\"aawp-product__pricing\">\n            \n            \n            <img loading=\"lazy\" decoding=\"async\" src=\"https:\/\/erikdraeger.com\/ratgeber\/wp-content\/plugins\/aawp\/assets\/img\/icon-check-prime.svg\" height=\"16\" width=\"55\" alt=\"Amazon Prime\" \/>        <\/div>\n\n                <a class=\"aawp-button aawp-button--buy rounded aawp-button--icon aawp-button--icon-amazon-black\" href=\"https:\/\/www.amazon.de\/dp\/3832803106?tag=edraegerpho06-21&#038;linkCode=ogi&#038;th=1&#038;psc=1\" title=\"Bei Amazon ansehen\" target=\"_blank\" rel=\"nofollow noopener sponsored\">Bei Amazon ansehen<\/a>\n                    <span class=\"aawp-product__info\"><a href=\"#provisionshinweis\">Provisionshinweis<\/a><\/span>\n            <\/div>\n\n<\/div>\n\n            \n            \n<div class=\"aawp-product aawp-product--horizontal aawp-product--inline-info\"  data-aawp-product-asin=\"3864906695\" data-aawp-product-id=\"243952\" data-aawp-tracking-id=\"edraegerpho06-21\" data-aawp-product-title=\"Die Sony Alpha 7 III  Das Handbuch f\u00fcr bessere Fotos und Videos\">\n\n    \n    <div class=\"aawp-product__thumb\">\n        <a class=\"aawp-product__image-link\"\n           href=\"https:\/\/www.amazon.de\/dp\/3864906695?tag=edraegerpho06-21&linkCode=ogi&th=1&psc=1\" title=\"Die Sony Alpha 7 III: Das Handbuch f\u00fcr bessere Fotos und Videos\" rel=\"nofollow noopener sponsored\" target=\"_blank\">\n            <img decoding=\"async\" class=\"aawp-product__image\" src=\"https:\/\/erikdraeger.com\/ratgeber\/wp-content\/plugins\/aawp\/public\/image.php?url=YUhSMGNITTZMeTl0TG0xbFpHbGhMV0Z0WVhwdmJpNWpiMjB2YVcxaFoyVnpMMGt2TlRGSk9GYzFOVmQ0TFV3dVgxTk1NVFl3WHk1cWNHYz18MTc3NzYwMTQ2MQ=\" alt=\"Die Sony Alpha 7 III: Das Handbuch f\u00fcr bessere Fotos und Videos\"  \/>\n        <\/a>\n\n            <\/div>\n\n    <div class=\"aawp-product__content\">\n        <a class=\"aawp-product__title\" href=\"https:\/\/www.amazon.de\/dp\/3864906695?tag=edraegerpho06-21&linkCode=ogi&th=1&psc=1\" title=\"Die Sony Alpha 7 III: Das Handbuch f\u00fcr bessere Fotos und Videos\" rel=\"nofollow noopener sponsored\" target=\"_blank\">\n            Die Sony Alpha 7 III: Das Handbuch f\u00fcr bessere Fotos und Videos        <\/a>\n        <div class=\"aawp-product__description\">\n                    <\/div>\n    <\/div>\n\n    <div class=\"aawp-product__footer\">\n\n        <div class=\"aawp-product__pricing\">\n            \n            \n            <img loading=\"lazy\" decoding=\"async\" src=\"https:\/\/erikdraeger.com\/ratgeber\/wp-content\/plugins\/aawp\/assets\/img\/icon-check-prime.svg\" height=\"16\" width=\"55\" alt=\"Amazon Prime\" \/>        <\/div>\n\n                <a class=\"aawp-button aawp-button--buy rounded aawp-button--icon aawp-button--icon-amazon-black\" href=\"https:\/\/www.amazon.de\/dp\/3864906695?tag=edraegerpho06-21&#038;linkCode=ogi&#038;th=1&#038;psc=1\" title=\"Bei Amazon ansehen\" target=\"_blank\" rel=\"nofollow noopener sponsored\">Bei Amazon ansehen<\/a>\n                    <span class=\"aawp-product__info\"><a href=\"#provisionshinweis\">Provisionshinweis<\/a><\/span>\n            <\/div>\n\n<\/div>\n\n    \n<\/div>\n\n\n\n\n<pre class=\"wp-block-preformatted has-small-font-size\"><em><strong>\u00c4nderungsprotokoll:<\/strong> <\/em><br><br><em>12.09.2024: Erg\u00e4nzende Texte zu den Teilbereichen, Bereich Objektive erneuert.<\/em><\/pre>\n\n\n\n<hr class=\"wp-block-separator has-text-color has-base-color has-alpha-channel-opacity has-base-background-color has-background is-style-wide\"\/>\n\n\n\n<section class=\"wp-block-uagb-section uagb-section__wrap uagb-section__background-none uagb-block-8c1c1954\"><div class=\"uagb-section__overlay\"><\/div><div class=\"uagb-section__inner-wrap\">\n<p class=\"has-medium-font-size\"><strong>Mehr zum Thema erfahren<\/strong><\/p>\n\n\n\n<div style=\"height:15px\" aria-hidden=\"true\" class=\"wp-block-spacer\"><\/div>\n\n\n\n<p><strong>Sony-Wechselobjektiv-Kameras<\/strong><\/p>\n\n\n<ul class=\"wp-block-latest-posts__list aligncenter wp-block-latest-posts\"><li><a class=\"wp-block-latest-posts__post-title\" href=\"https:\/\/erikdraeger.com\/ratgeber\/sony-zv-e10-ii-objektive-zubehoer\/\">Sony ZV-E10 II &#8211; Objektive &amp; Zubeh\u00f6r<\/a><\/li>\n<li><a class=\"wp-block-latest-posts__post-title\" href=\"https:\/\/erikdraeger.com\/ratgeber\/sony-a7v-objektive-zubehoer\/\">Objektive &amp; Zubeh\u00f6r f\u00fcr die Sony a7 V<\/a><\/li>\n<li><a class=\"wp-block-latest-posts__post-title\" href=\"https:\/\/erikdraeger.com\/ratgeber\/sony-alpha-6300-objektive-zubehor\/\">Sony Alpha 6300 &#8211; Empfehlenswerte Objektive &amp; Zubeh\u00f6r<\/a><\/li>\n<li><a class=\"wp-block-latest-posts__post-title\" href=\"https:\/\/erikdraeger.com\/ratgeber\/sony-alpha-6400-objektive-zubehoer\/\">Sony Alpha 6400 &#8211; Objektive &#038; Zubeh\u00f6r<\/a><\/li>\n<li><a class=\"wp-block-latest-posts__post-title\" href=\"https:\/\/erikdraeger.com\/ratgeber\/sony-a7s-iii-empfehlenswerte-objektive-zubehoer\/\">Sony a7S III &#8211; Empfehlenswerte Objektive &amp; Zubeh\u00f6r<\/a><\/li>\n<li><a class=\"wp-block-latest-posts__post-title\" href=\"https:\/\/erikdraeger.com\/ratgeber\/sony-alpha-7c-ii-objektiv-zubehoerguide\/\">Sony Alpha 7C II &#8211; Objektiv &amp; Zubeh\u00f6rguide<\/a><\/li>\n<li><a class=\"wp-block-latest-posts__post-title\" href=\"https:\/\/erikdraeger.com\/ratgeber\/sony-alpha-6600-objektive-zubehoer\/\">Sony Alpha 6600 &#8211; Empfehlenswerte Objektive &#038; Zubeh\u00f6r<\/a><\/li>\n<li><a class=\"wp-block-latest-posts__post-title\" href=\"https:\/\/erikdraeger.com\/ratgeber\/sony-zve10-objektive-zubehoer\/\">Objektiv- und Zubeh\u00f6r-Rageber: Sony ZV-E10<\/a><\/li>\n<li><a class=\"wp-block-latest-posts__post-title\" href=\"https:\/\/erikdraeger.com\/ratgeber\/sony-zv-e1-objektive-zubehoer\/\">Sony ZV-E1 &#8211; Objektive &amp; Zubeh\u00f6r<\/a><\/li>\n<li><a class=\"wp-block-latest-posts__post-title\" href=\"https:\/\/erikdraeger.com\/ratgeber\/sony-alpha-6000-objektive-zubehoer\/\">Sony Alpha 6000 &#8211; Empfehlenswerte Objektive und Zubeh\u00f6r<\/a><\/li>\n<li><a class=\"wp-block-latest-posts__post-title\" href=\"https:\/\/erikdraeger.com\/ratgeber\/sony-alpha-7c-objektive-zubehoer\/\">Sony Alpha 7C &#8211; Empfehlenswerte Objektive &amp; Zubeh\u00f6r<\/a><\/li>\n<li><a class=\"wp-block-latest-posts__post-title\" href=\"https:\/\/erikdraeger.com\/ratgeber\/sony-a7-iii-objektive-zubehoer\/\">Sony a7 III &#8211; Objektive &amp; Zubeh\u00f6r<\/a><\/li>\n<li><a class=\"wp-block-latest-posts__post-title\" href=\"https:\/\/erikdraeger.com\/ratgeber\/sony-fx3-objektive-zubehoer\/\">Sony FX-3 &#8211; Empfehlenswerte Objektive &amp; Zubeh\u00f6r<\/a><\/li>\n<li><a class=\"wp-block-latest-posts__post-title\" href=\"https:\/\/erikdraeger.com\/ratgeber\/sony-alpha-9-iii-objektive-zubehor\/\">Sony Alpha 9 III &#8211; Objektive &amp; Zubeh\u00f6r<\/a><\/li>\n<li><a class=\"wp-block-latest-posts__post-title\" href=\"https:\/\/erikdraeger.com\/ratgeber\/sony-alpha-6700-objektive-zubehoer\/\">Sony Alpha 6700 &#8211; Objektive &#038; Zubeh\u00f6r<\/a><\/li>\n<li><a class=\"wp-block-latest-posts__post-title\" href=\"https:\/\/erikdraeger.com\/ratgeber\/sony-alpha-7iv-objektive-zubehoer\/\">Sony Alpha 7 IV &#8211; Passende Objektive und Zubeh\u00f6r<\/a><\/li>\n<li><a class=\"wp-block-latest-posts__post-title\" href=\"https:\/\/erikdraeger.com\/ratgeber\/sony-alpha-7ii-objektive-zubehoer\/\">Sony Alpha 7 II &#8211; Objektive &#038; Zubeh\u00f6r<\/a><\/li>\n<li><a class=\"wp-block-latest-posts__post-title\" href=\"https:\/\/erikdraeger.com\/ratgeber\/sony-alpha-5100-objektive-und-zubehoer\/\">Sony Alpha 5100 &#8211; Objektive und Zubeh\u00f6r<\/a><\/li>\n<li><a class=\"wp-block-latest-posts__post-title\" href=\"https:\/\/erikdraeger.com\/ratgeber\/sony-alpha-68-objektive-zubehoer\/\">Sony Alpha 68 &#8211; Objektive &#038; Zubeh\u00f6r<\/a><\/li>\n<li><a class=\"wp-block-latest-posts__post-title\" href=\"https:\/\/erikdraeger.com\/ratgeber\/sony-alpha-77ii-objektive-zubehoer\/\">Sony Alpha 77 II &#8211; Objektive &#038; Zubeh\u00f6r<\/a><\/li>\n<li><a class=\"wp-block-latest-posts__post-title\" href=\"https:\/\/erikdraeger.com\/ratgeber\/vlog-kamera\/\">Die besten Vlog-Kameras<\/a><\/li>\n<\/ul>\n\n\n<div style=\"height:15px\" aria-hidden=\"true\" class=\"wp-block-spacer\"><\/div>\n\n\n\n<p class=\"has-text-align-left\"><strong>Sony-Objektive<\/strong><\/p>\n\n\n<ul class=\"wp-block-latest-posts__list aligncenter wp-block-latest-posts\"><li><a class=\"wp-block-latest-posts__post-title\" href=\"https:\/\/erikdraeger.com\/ratgeber\/sony-sel-50mm-f18-zubehoer\/\">Sony SEL 50mm F1.8 &#8211; Empfehlenswertes Zubeh\u00f6r<\/a><\/li>\n<li><a class=\"wp-block-latest-posts__post-title\" href=\"https:\/\/erikdraeger.com\/ratgeber\/sony-sel-35f18-zubehoer\/\">Sony SEL 35mm F1.8 &#8211; Empfehlenswertes Objektiv-Zubeh\u00f6r<\/a><\/li>\n<li><a class=\"wp-block-latest-posts__post-title\" href=\"https:\/\/erikdraeger.com\/ratgeber\/sony-sel-24-105-f4-zubehoer\/\">Sony SEL 24-105mm f\/4.0 G OSS &#8211; Empfehlenswertes Zubeh\u00f6r<\/a><\/li>\n<li><a class=\"wp-block-latest-posts__post-title\" href=\"https:\/\/erikdraeger.com\/ratgeber\/meike-objektive\/\">Die empfehlenswertesten Meike-Objektive<\/a><\/li>\n<li><a class=\"wp-block-latest-posts__post-title\" href=\"https:\/\/erikdraeger.com\/ratgeber\/fisheye-objektiv-sony\/\">Die beliebtesten Fisheye-Objektive f\u00fcr Sony-Kameras<\/a><\/li>\n<\/ul>\n\n\n<div style=\"height:15px\" aria-hidden=\"true\" class=\"wp-block-spacer\"><\/div>\n\n\n\n<p class=\"has-text-align-left\"><strong>Weitere Kameras von Sony<\/strong><\/p>\n\n\n<ul class=\"wp-block-latest-posts__list aligncenter wp-block-latest-posts\"><li><a class=\"wp-block-latest-posts__post-title\" href=\"https:\/\/erikdraeger.com\/ratgeber\/sony-rx100-vii-zubehoer\/\">Sony RX100 VII &#8211; N\u00fctzliches Zubeh\u00f6r<\/a><\/li>\n<li><a class=\"wp-block-latest-posts__post-title\" href=\"https:\/\/erikdraeger.com\/ratgeber\/sony-rx10-iv-zubehoer\/\">Sony RX10 IV &#8211; Empfehlenswertes Zubeh\u00f6r<\/a><\/li>\n<li><a class=\"wp-block-latest-posts__post-title\" href=\"https:\/\/erikdraeger.com\/ratgeber\/sony-zv-1-ii-zubehoer\/\">Sony ZV-1 II &#8211; Empfehlenswertes Zubeh\u00f6r<\/a><\/li>\n<li><a class=\"wp-block-latest-posts__post-title\" href=\"https:\/\/erikdraeger.com\/ratgeber\/sony-wx350-zubehoer\/\">Sony Cyber-Shot WX350 &#8211; Empfehlenswertes Zubeh\u00f6r<\/a><\/li>\n<li><a class=\"wp-block-latest-posts__post-title\" href=\"https:\/\/erikdraeger.com\/ratgeber\/sony-hx400v-zubehoer\/\">Sony HX400 V &#8211; Empfehlenswertes Zubeh\u00f6r<\/a><\/li>\n<\/ul>\n\n\n<div style=\"height:15px\" aria-hidden=\"true\" class=\"wp-block-spacer\"><\/div>\n\n\n\n<p class=\"has-text-align-left\"><strong>Zubeh\u00f6r f\u00fcr Sony<\/strong><\/p>\n\n\n<ul class=\"wp-block-latest-posts__list aligncenter wp-block-latest-posts\"><li><a class=\"wp-block-latest-posts__post-title\" href=\"https:\/\/erikdraeger.com\/ratgeber\/kamerakaefig-sony\/\">Die besten Kamerak\u00e4fige f\u00fcr Sony-Kameras<\/a><\/li>\n<li><a class=\"wp-block-latest-posts__post-title\" href=\"https:\/\/erikdraeger.com\/ratgeber\/sony-blitz\/\">Die empfehlenswertesten Sony-Blitze f\u00fcr E-Mount<\/a><\/li>\n<\/ul><\/div><\/section>\n\n\n\n<p><\/p>\n","protected":false},"excerpt":{"rendered":"<p>Im Jahr 2018 erscheint mit der a7 III die dritte Generation der erfolgreichen Vollformat-Systemkamera von Sony. Dabei ist die 7er Reihe in der gehobenen Mittelklasse &#8230; <a title=\"Sony a7 III &#8211; Objektive &amp; Zubeh\u00f6r\" class=\"read-more\" href=\"https:\/\/erikdraeger.com\/ratgeber\/sony-a7-iii-objektive-zubehoer\/\" aria-label=\"Mehr Informationen \u00fcber Sony a7 III &#8211; Objektive &amp; Zubeh\u00f6r\">Mehr lesen<\/a><\/p>\n","protected":false},"author":1,"featured_media":5770,"comment_status":"closed","ping_status":"closed","sticky":false,"template":"","format":"standard","meta":{"_uag_custom_page_level_css":"","footnotes":""},"categories":[7,58,11],"tags":[17],"class_list":["post-5768","post","type-post","status-publish","format-standard","has-post-thumbnail","hentry","category-sony","category-sony-systemkameras","category-systemkamera","tag-vollformat","masonry-post","generate-columns","tablet-grid-50","mobile-grid-100","grid-parent","grid-33"],"featured_image_src":"https:\/\/erikdraeger.com\/ratgeber\/wp-content\/uploads\/2024\/12\/sony-a7iii-objektive-zubehoer.jpg","author_info":{"display_name":"Erik Draeger Photography","author_link":"https:\/\/erikdraeger.com\/ratgeber\/author\/erik-draeger-photography\/"},"yoast_head":"<!-- This site is optimized with the Yoast SEO plugin v27.3 - https:\/\/yoast.com\/product\/yoast-seo-wordpress\/ -->\n<title>Sony a7 III - Objektive &amp; Zubeh\u00f6r<\/title>\n<meta name=\"description\" content=\"\ud83d\udccc Hier bekommst du einen \u00dcberblick \u00fcber die besten Objektive f\u00fcr die Sony Alpha 7S III sowie zu passendem Zubeh\u00f6r.\" \/>\n<meta name=\"robots\" content=\"index, follow, max-snippet:-1, max-image-preview:large, max-video-preview:-1\" \/>\n<link rel=\"canonical\" href=\"https:\/\/erikdraeger.com\/ratgeber\/sony-a7-iii-objektive-zubehoer\/\" \/>\n<meta property=\"og:locale\" content=\"de_DE\" \/>\n<meta property=\"og:type\" content=\"article\" \/>\n<meta property=\"og:title\" content=\"Sony a7 III - Objektive &amp; Zubeh\u00f6r\" \/>\n<meta property=\"og:description\" content=\"\ud83d\udccc Hier bekommst du einen \u00dcberblick \u00fcber die besten Objektive f\u00fcr die Sony Alpha 7S III sowie zu passendem Zubeh\u00f6r.\" \/>\n<meta property=\"og:url\" content=\"https:\/\/erikdraeger.com\/ratgeber\/sony-a7-iii-objektive-zubehoer\/\" \/>\n<meta property=\"og:site_name\" content=\"Erik Draeger Photography\" \/>\n<meta property=\"article:published_time\" content=\"2024-12-05T16:12:30+00:00\" \/>\n<meta property=\"article:modified_time\" content=\"2025-04-16T10:22:27+00:00\" \/>\n<meta property=\"og:image\" content=\"https:\/\/erikdraeger.com\/ratgeber\/wp-content\/uploads\/2024\/12\/sony-a7iii-objektive-zubehoer.jpg\" \/>\n\t<meta property=\"og:image:width\" content=\"1020\" \/>\n\t<meta property=\"og:image:height\" content=\"535\" \/>\n\t<meta property=\"og:image:type\" content=\"image\/jpeg\" \/>\n<meta name=\"author\" content=\"Erik Draeger Photography\" \/>\n<meta name=\"twitter:card\" content=\"summary_large_image\" \/>\n<meta name=\"twitter:label1\" content=\"Verfasst von\" \/>\n\t<meta name=\"twitter:data1\" content=\"Erik Draeger Photography\" \/>\n\t<meta name=\"twitter:label2\" content=\"Gesch\u00e4tzte Lesezeit\" \/>\n\t<meta name=\"twitter:data2\" content=\"13\u00a0Minuten\" \/>\n<script type=\"application\/ld+json\" class=\"yoast-schema-graph\">{\"@context\":\"https:\\\/\\\/schema.org\",\"@graph\":[{\"@type\":\"Article\",\"@id\":\"https:\\\/\\\/erikdraeger.com\\\/ratgeber\\\/sony-a7-iii-objektive-zubehoer\\\/#article\",\"isPartOf\":{\"@id\":\"https:\\\/\\\/erikdraeger.com\\\/ratgeber\\\/sony-a7-iii-objektive-zubehoer\\\/\"},\"author\":{\"name\":\"Erik Draeger Photography\",\"@id\":\"https:\\\/\\\/erikdraeger.com\\\/ratgeber\\\/#\\\/schema\\\/person\\\/356c2bd02af4ae297a181c5512eb18f2\"},\"headline\":\"Sony a7 III &#8211; Objektive &amp; Zubeh\u00f6r\",\"datePublished\":\"2024-12-05T16:12:30+00:00\",\"dateModified\":\"2025-04-16T10:22:27+00:00\",\"mainEntityOfPage\":{\"@id\":\"https:\\\/\\\/erikdraeger.com\\\/ratgeber\\\/sony-a7-iii-objektive-zubehoer\\\/\"},\"wordCount\":656,\"publisher\":{\"@id\":\"https:\\\/\\\/erikdraeger.com\\\/ratgeber\\\/#organization\"},\"image\":{\"@id\":\"https:\\\/\\\/erikdraeger.com\\\/ratgeber\\\/sony-a7-iii-objektive-zubehoer\\\/#primaryimage\"},\"thumbnailUrl\":\"https:\\\/\\\/erikdraeger.com\\\/ratgeber\\\/wp-content\\\/uploads\\\/2024\\\/12\\\/sony-a7iii-objektive-zubehoer.jpg\",\"keywords\":[\"Vollformatkameras\"],\"articleSection\":[\"Sony\",\"Sony-Systemkameras\",\"Systemkameras\"],\"inLanguage\":\"de\"},{\"@type\":\"WebPage\",\"@id\":\"https:\\\/\\\/erikdraeger.com\\\/ratgeber\\\/sony-a7-iii-objektive-zubehoer\\\/\",\"url\":\"https:\\\/\\\/erikdraeger.com\\\/ratgeber\\\/sony-a7-iii-objektive-zubehoer\\\/\",\"name\":\"Sony a7 III - Objektive &amp; Zubeh\u00f6r\",\"isPartOf\":{\"@id\":\"https:\\\/\\\/erikdraeger.com\\\/ratgeber\\\/#website\"},\"primaryImageOfPage\":{\"@id\":\"https:\\\/\\\/erikdraeger.com\\\/ratgeber\\\/sony-a7-iii-objektive-zubehoer\\\/#primaryimage\"},\"image\":{\"@id\":\"https:\\\/\\\/erikdraeger.com\\\/ratgeber\\\/sony-a7-iii-objektive-zubehoer\\\/#primaryimage\"},\"thumbnailUrl\":\"https:\\\/\\\/erikdraeger.com\\\/ratgeber\\\/wp-content\\\/uploads\\\/2024\\\/12\\\/sony-a7iii-objektive-zubehoer.jpg\",\"datePublished\":\"2024-12-05T16:12:30+00:00\",\"dateModified\":\"2025-04-16T10:22:27+00:00\",\"description\":\"\ud83d\udccc Hier bekommst du einen \u00dcberblick \u00fcber die besten Objektive f\u00fcr die Sony Alpha 7S III sowie zu passendem Zubeh\u00f6r.\",\"breadcrumb\":{\"@id\":\"https:\\\/\\\/erikdraeger.com\\\/ratgeber\\\/sony-a7-iii-objektive-zubehoer\\\/#breadcrumb\"},\"inLanguage\":\"de\",\"potentialAction\":[{\"@type\":\"ReadAction\",\"target\":[\"https:\\\/\\\/erikdraeger.com\\\/ratgeber\\\/sony-a7-iii-objektive-zubehoer\\\/\"]}]},{\"@type\":\"ImageObject\",\"inLanguage\":\"de\",\"@id\":\"https:\\\/\\\/erikdraeger.com\\\/ratgeber\\\/sony-a7-iii-objektive-zubehoer\\\/#primaryimage\",\"url\":\"https:\\\/\\\/erikdraeger.com\\\/ratgeber\\\/wp-content\\\/uploads\\\/2024\\\/12\\\/sony-a7iii-objektive-zubehoer.jpg\",\"contentUrl\":\"https:\\\/\\\/erikdraeger.com\\\/ratgeber\\\/wp-content\\\/uploads\\\/2024\\\/12\\\/sony-a7iii-objektive-zubehoer.jpg\",\"width\":1020,\"height\":535,\"caption\":\"Sony Alpha 7 III Objektive und Zubeh\u00f6r\"},{\"@type\":\"BreadcrumbList\",\"@id\":\"https:\\\/\\\/erikdraeger.com\\\/ratgeber\\\/sony-a7-iii-objektive-zubehoer\\\/#breadcrumb\",\"itemListElement\":[{\"@type\":\"ListItem\",\"position\":1,\"name\":\"Start\",\"item\":\"https:\\\/\\\/erikdraeger.com\\\/ratgeber\\\/\"},{\"@type\":\"ListItem\",\"position\":2,\"name\":\"Sony\",\"item\":\"https:\\\/\\\/erikdraeger.com\\\/ratgeber\\\/category\\\/sony\\\/\"},{\"@type\":\"ListItem\",\"position\":3,\"name\":\"Sony-Systemkameras\",\"item\":\"https:\\\/\\\/erikdraeger.com\\\/ratgeber\\\/category\\\/sony\\\/sony-systemkameras\\\/\"},{\"@type\":\"ListItem\",\"position\":4,\"name\":\"Sony a7 III &#8211; Objektive &amp; Zubeh\u00f6r\"}]},{\"@type\":\"WebSite\",\"@id\":\"https:\\\/\\\/erikdraeger.com\\\/ratgeber\\\/#website\",\"url\":\"https:\\\/\\\/erikdraeger.com\\\/ratgeber\\\/\",\"name\":\"Erik Draeger Photography\",\"description\":\"Ratgeber f\u00fcr Kamera, Objektiv &amp; Zubeh\u00f6r\",\"publisher\":{\"@id\":\"https:\\\/\\\/erikdraeger.com\\\/ratgeber\\\/#organization\"},\"potentialAction\":[{\"@type\":\"SearchAction\",\"target\":{\"@type\":\"EntryPoint\",\"urlTemplate\":\"https:\\\/\\\/erikdraeger.com\\\/ratgeber\\\/?s={search_term_string}\"},\"query-input\":{\"@type\":\"PropertyValueSpecification\",\"valueRequired\":true,\"valueName\":\"search_term_string\"}}],\"inLanguage\":\"de\"},{\"@type\":\"Organization\",\"@id\":\"https:\\\/\\\/erikdraeger.com\\\/ratgeber\\\/#organization\",\"name\":\"Erik Draeger Photography\",\"url\":\"https:\\\/\\\/erikdraeger.com\\\/ratgeber\\\/\",\"logo\":{\"@type\":\"ImageObject\",\"inLanguage\":\"de\",\"@id\":\"https:\\\/\\\/erikdraeger.com\\\/ratgeber\\\/#\\\/schema\\\/logo\\\/image\\\/\",\"url\":\"https:\\\/\\\/erikdraeger.com\\\/ratgeber\\\/wp-content\\\/uploads\\\/2023\\\/11\\\/cropped-ed-ratgeber-title-2-inverted.jpg\",\"contentUrl\":\"https:\\\/\\\/erikdraeger.com\\\/ratgeber\\\/wp-content\\\/uploads\\\/2023\\\/11\\\/cropped-ed-ratgeber-title-2-inverted.jpg\",\"width\":1051,\"height\":211,\"caption\":\"Erik Draeger Photography\"},\"image\":{\"@id\":\"https:\\\/\\\/erikdraeger.com\\\/ratgeber\\\/#\\\/schema\\\/logo\\\/image\\\/\"}},{\"@type\":\"Person\",\"@id\":\"https:\\\/\\\/erikdraeger.com\\\/ratgeber\\\/#\\\/schema\\\/person\\\/356c2bd02af4ae297a181c5512eb18f2\",\"name\":\"Erik Draeger Photography\",\"image\":{\"@type\":\"ImageObject\",\"inLanguage\":\"de\",\"@id\":\"https:\\\/\\\/secure.gravatar.com\\\/avatar\\\/5608dcb3bff5bef267dec743e4d65255bf9056a489841053e664a785d3bf1b07?s=96&d=mm&r=g\",\"url\":\"https:\\\/\\\/secure.gravatar.com\\\/avatar\\\/5608dcb3bff5bef267dec743e4d65255bf9056a489841053e664a785d3bf1b07?s=96&d=mm&r=g\",\"contentUrl\":\"https:\\\/\\\/secure.gravatar.com\\\/avatar\\\/5608dcb3bff5bef267dec743e4d65255bf9056a489841053e664a785d3bf1b07?s=96&d=mm&r=g\",\"caption\":\"Erik Draeger Photography\"},\"description\":\"Ich bin Erik und ich bin Autofotograf aus Halle (Deutschland). 2014 startete ich ein Experiment, was zu einer unendlichen und immer noch anhaltenden Faszination geworden ist. Auf dieser aufregenden Reise \u00fcber das Erlernen und \u00dcben der Automobilfotografie und Bildbearbeitung als Hobby habe ich anschlie\u00dfend angefangen, als kommerzieller Automobilfotograf zu arbeiten.\",\"sameAs\":[\"https:\\\/\\\/erikdraeger.com\\\/ratgeber\"],\"url\":\"https:\\\/\\\/erikdraeger.com\\\/ratgeber\\\/author\\\/erik-draeger-photography\\\/\"}]}<\/script>\n<!-- \/ Yoast SEO plugin. -->","yoast_head_json":{"title":"Sony a7 III - Objektive &amp; Zubeh\u00f6r","description":"\ud83d\udccc Hier bekommst du einen \u00dcberblick \u00fcber die besten Objektive f\u00fcr die Sony Alpha 7S III sowie zu passendem Zubeh\u00f6r.","robots":{"index":"index","follow":"follow","max-snippet":"max-snippet:-1","max-image-preview":"max-image-preview:large","max-video-preview":"max-video-preview:-1"},"canonical":"https:\/\/erikdraeger.com\/ratgeber\/sony-a7-iii-objektive-zubehoer\/","og_locale":"de_DE","og_type":"article","og_title":"Sony a7 III - Objektive &amp; Zubeh\u00f6r","og_description":"\ud83d\udccc Hier bekommst du einen \u00dcberblick \u00fcber die besten Objektive f\u00fcr die Sony Alpha 7S III sowie zu passendem Zubeh\u00f6r.","og_url":"https:\/\/erikdraeger.com\/ratgeber\/sony-a7-iii-objektive-zubehoer\/","og_site_name":"Erik Draeger Photography","article_published_time":"2024-12-05T16:12:30+00:00","article_modified_time":"2025-04-16T10:22:27+00:00","og_image":[{"width":1020,"height":535,"url":"https:\/\/erikdraeger.com\/ratgeber\/wp-content\/uploads\/2024\/12\/sony-a7iii-objektive-zubehoer.jpg","type":"image\/jpeg"}],"author":"Erik Draeger Photography","twitter_card":"summary_large_image","twitter_misc":{"Verfasst von":"Erik Draeger Photography","Gesch\u00e4tzte Lesezeit":"13\u00a0Minuten"},"schema":{"@context":"https:\/\/schema.org","@graph":[{"@type":"Article","@id":"https:\/\/erikdraeger.com\/ratgeber\/sony-a7-iii-objektive-zubehoer\/#article","isPartOf":{"@id":"https:\/\/erikdraeger.com\/ratgeber\/sony-a7-iii-objektive-zubehoer\/"},"author":{"name":"Erik Draeger Photography","@id":"https:\/\/erikdraeger.com\/ratgeber\/#\/schema\/person\/356c2bd02af4ae297a181c5512eb18f2"},"headline":"Sony a7 III &#8211; Objektive &amp; Zubeh\u00f6r","datePublished":"2024-12-05T16:12:30+00:00","dateModified":"2025-04-16T10:22:27+00:00","mainEntityOfPage":{"@id":"https:\/\/erikdraeger.com\/ratgeber\/sony-a7-iii-objektive-zubehoer\/"},"wordCount":656,"publisher":{"@id":"https:\/\/erikdraeger.com\/ratgeber\/#organization"},"image":{"@id":"https:\/\/erikdraeger.com\/ratgeber\/sony-a7-iii-objektive-zubehoer\/#primaryimage"},"thumbnailUrl":"https:\/\/erikdraeger.com\/ratgeber\/wp-content\/uploads\/2024\/12\/sony-a7iii-objektive-zubehoer.jpg","keywords":["Vollformatkameras"],"articleSection":["Sony","Sony-Systemkameras","Systemkameras"],"inLanguage":"de"},{"@type":"WebPage","@id":"https:\/\/erikdraeger.com\/ratgeber\/sony-a7-iii-objektive-zubehoer\/","url":"https:\/\/erikdraeger.com\/ratgeber\/sony-a7-iii-objektive-zubehoer\/","name":"Sony a7 III - Objektive &amp; Zubeh\u00f6r","isPartOf":{"@id":"https:\/\/erikdraeger.com\/ratgeber\/#website"},"primaryImageOfPage":{"@id":"https:\/\/erikdraeger.com\/ratgeber\/sony-a7-iii-objektive-zubehoer\/#primaryimage"},"image":{"@id":"https:\/\/erikdraeger.com\/ratgeber\/sony-a7-iii-objektive-zubehoer\/#primaryimage"},"thumbnailUrl":"https:\/\/erikdraeger.com\/ratgeber\/wp-content\/uploads\/2024\/12\/sony-a7iii-objektive-zubehoer.jpg","datePublished":"2024-12-05T16:12:30+00:00","dateModified":"2025-04-16T10:22:27+00:00","description":"\ud83d\udccc Hier bekommst du einen \u00dcberblick \u00fcber die besten Objektive f\u00fcr die Sony Alpha 7S III sowie zu passendem Zubeh\u00f6r.","breadcrumb":{"@id":"https:\/\/erikdraeger.com\/ratgeber\/sony-a7-iii-objektive-zubehoer\/#breadcrumb"},"inLanguage":"de","potentialAction":[{"@type":"ReadAction","target":["https:\/\/erikdraeger.com\/ratgeber\/sony-a7-iii-objektive-zubehoer\/"]}]},{"@type":"ImageObject","inLanguage":"de","@id":"https:\/\/erikdraeger.com\/ratgeber\/sony-a7-iii-objektive-zubehoer\/#primaryimage","url":"https:\/\/erikdraeger.com\/ratgeber\/wp-content\/uploads\/2024\/12\/sony-a7iii-objektive-zubehoer.jpg","contentUrl":"https:\/\/erikdraeger.com\/ratgeber\/wp-content\/uploads\/2024\/12\/sony-a7iii-objektive-zubehoer.jpg","width":1020,"height":535,"caption":"Sony Alpha 7 III Objektive und Zubeh\u00f6r"},{"@type":"BreadcrumbList","@id":"https:\/\/erikdraeger.com\/ratgeber\/sony-a7-iii-objektive-zubehoer\/#breadcrumb","itemListElement":[{"@type":"ListItem","position":1,"name":"Start","item":"https:\/\/erikdraeger.com\/ratgeber\/"},{"@type":"ListItem","position":2,"name":"Sony","item":"https:\/\/erikdraeger.com\/ratgeber\/category\/sony\/"},{"@type":"ListItem","position":3,"name":"Sony-Systemkameras","item":"https:\/\/erikdraeger.com\/ratgeber\/category\/sony\/sony-systemkameras\/"},{"@type":"ListItem","position":4,"name":"Sony a7 III &#8211; Objektive &amp; Zubeh\u00f6r"}]},{"@type":"WebSite","@id":"https:\/\/erikdraeger.com\/ratgeber\/#website","url":"https:\/\/erikdraeger.com\/ratgeber\/","name":"Erik Draeger Photography","description":"Ratgeber f\u00fcr Kamera, Objektiv &amp; Zubeh\u00f6r","publisher":{"@id":"https:\/\/erikdraeger.com\/ratgeber\/#organization"},"potentialAction":[{"@type":"SearchAction","target":{"@type":"EntryPoint","urlTemplate":"https:\/\/erikdraeger.com\/ratgeber\/?s={search_term_string}"},"query-input":{"@type":"PropertyValueSpecification","valueRequired":true,"valueName":"search_term_string"}}],"inLanguage":"de"},{"@type":"Organization","@id":"https:\/\/erikdraeger.com\/ratgeber\/#organization","name":"Erik Draeger Photography","url":"https:\/\/erikdraeger.com\/ratgeber\/","logo":{"@type":"ImageObject","inLanguage":"de","@id":"https:\/\/erikdraeger.com\/ratgeber\/#\/schema\/logo\/image\/","url":"https:\/\/erikdraeger.com\/ratgeber\/wp-content\/uploads\/2023\/11\/cropped-ed-ratgeber-title-2-inverted.jpg","contentUrl":"https:\/\/erikdraeger.com\/ratgeber\/wp-content\/uploads\/2023\/11\/cropped-ed-ratgeber-title-2-inverted.jpg","width":1051,"height":211,"caption":"Erik Draeger Photography"},"image":{"@id":"https:\/\/erikdraeger.com\/ratgeber\/#\/schema\/logo\/image\/"}},{"@type":"Person","@id":"https:\/\/erikdraeger.com\/ratgeber\/#\/schema\/person\/356c2bd02af4ae297a181c5512eb18f2","name":"Erik Draeger Photography","image":{"@type":"ImageObject","inLanguage":"de","@id":"https:\/\/secure.gravatar.com\/avatar\/5608dcb3bff5bef267dec743e4d65255bf9056a489841053e664a785d3bf1b07?s=96&d=mm&r=g","url":"https:\/\/secure.gravatar.com\/avatar\/5608dcb3bff5bef267dec743e4d65255bf9056a489841053e664a785d3bf1b07?s=96&d=mm&r=g","contentUrl":"https:\/\/secure.gravatar.com\/avatar\/5608dcb3bff5bef267dec743e4d65255bf9056a489841053e664a785d3bf1b07?s=96&d=mm&r=g","caption":"Erik Draeger Photography"},"description":"Ich bin Erik und ich bin Autofotograf aus Halle (Deutschland). 2014 startete ich ein Experiment, was zu einer unendlichen und immer noch anhaltenden Faszination geworden ist. Auf dieser aufregenden Reise \u00fcber das Erlernen und \u00dcben der Automobilfotografie und Bildbearbeitung als Hobby habe ich anschlie\u00dfend angefangen, als kommerzieller Automobilfotograf zu arbeiten.","sameAs":["https:\/\/erikdraeger.com\/ratgeber"],"url":"https:\/\/erikdraeger.com\/ratgeber\/author\/erik-draeger-photography\/"}]}},"uagb_featured_image_src":{"full":["https:\/\/erikdraeger.com\/ratgeber\/wp-content\/uploads\/2024\/12\/sony-a7iii-objektive-zubehoer.jpg",1020,535,false],"thumbnail":["https:\/\/erikdraeger.com\/ratgeber\/wp-content\/uploads\/2024\/12\/sony-a7iii-objektive-zubehoer-395x207.jpg",395,207,true],"medium":["https:\/\/erikdraeger.com\/ratgeber\/wp-content\/uploads\/2024\/12\/sony-a7iii-objektive-zubehoer-1000x525.jpg",1000,525,true],"medium_large":["https:\/\/erikdraeger.com\/ratgeber\/wp-content\/uploads\/2024\/12\/sony-a7iii-objektive-zubehoer-768x403.jpg",768,403,true],"large":["https:\/\/erikdraeger.com\/ratgeber\/wp-content\/uploads\/2024\/12\/sony-a7iii-objektive-zubehoer.jpg",1020,535,false],"1536x1536":["https:\/\/erikdraeger.com\/ratgeber\/wp-content\/uploads\/2024\/12\/sony-a7iii-objektive-zubehoer.jpg",1020,535,false],"2048x2048":["https:\/\/erikdraeger.com\/ratgeber\/wp-content\/uploads\/2024\/12\/sony-a7iii-objektive-zubehoer.jpg",1020,535,false]},"uagb_author_info":{"display_name":"Erik Draeger Photography","author_link":"https:\/\/erikdraeger.com\/ratgeber\/author\/erik-draeger-photography\/"},"uagb_comment_info":0,"uagb_excerpt":"Im Jahr 2018 erscheint mit der a7 III die dritte Generation der erfolgreichen Vollformat-Systemkamera von Sony. Dabei ist die 7er Reihe in der gehobenen Mittelklasse ... Mehr lesen","_links":{"self":[{"href":"https:\/\/erikdraeger.com\/ratgeber\/wp-json\/wp\/v2\/posts\/5768","targetHints":{"allow":["GET"]}}],"collection":[{"href":"https:\/\/erikdraeger.com\/ratgeber\/wp-json\/wp\/v2\/posts"}],"about":[{"href":"https:\/\/erikdraeger.com\/ratgeber\/wp-json\/wp\/v2\/types\/post"}],"author":[{"embeddable":true,"href":"https:\/\/erikdraeger.com\/ratgeber\/wp-json\/wp\/v2\/users\/1"}],"replies":[{"embeddable":true,"href":"https:\/\/erikdraeger.com\/ratgeber\/wp-json\/wp\/v2\/comments?post=5768"}],"version-history":[{"count":2,"href":"https:\/\/erikdraeger.com\/ratgeber\/wp-json\/wp\/v2\/posts\/5768\/revisions"}],"predecessor-version":[{"id":6466,"href":"https:\/\/erikdraeger.com\/ratgeber\/wp-json\/wp\/v2\/posts\/5768\/revisions\/6466"}],"wp:featuredmedia":[{"embeddable":true,"href":"https:\/\/erikdraeger.com\/ratgeber\/wp-json\/wp\/v2\/media\/5770"}],"wp:attachment":[{"href":"https:\/\/erikdraeger.com\/ratgeber\/wp-json\/wp\/v2\/media?parent=5768"}],"wp:term":[{"taxonomy":"category","embeddable":true,"href":"https:\/\/erikdraeger.com\/ratgeber\/wp-json\/wp\/v2\/categories?post=5768"},{"taxonomy":"post_tag","embeddable":true,"href":"https:\/\/erikdraeger.com\/ratgeber\/wp-json\/wp\/v2\/tags?post=5768"}],"curies":[{"name":"wp","href":"https:\/\/api.w.org\/{rel}","templated":true}]}}